{"id":10454,"date":"2024-11-30T20:15:52","date_gmt":"2024-11-30T19:15:52","guid":{"rendered":"http:\/\/blog.inmontanis.info\/?p=10454"},"modified":"2024-12-03T20:35:59","modified_gmt":"2024-12-03T19:35:59","slug":"tonale-30-11-2024-2-12-2024","status":"publish","type":"post","link":"http:\/\/blog.inmontanis.info\/?p=10454","title":{"rendered":"Tonale, 30.11.2024 + 2.12.2024"},"content":{"rendered":"<p><strong>Sa, 30.11.2024<\/strong><\/p>\n<p>Morgens ging&#8217;s in Mal\u00e9 in einen gro\u00dfen Supermarkt zum Einkaufen und ein WC gabs netterweise auch.<\/p>\n<p><a href='http:\/\/ski.inmontanis.info\/d\/332907-2\/DSC09488.jpg'><img src=http:\/\/ski.inmontanis.info\/d\/332906-3\/DSC09488.jpg \/><\/a><br \/>\n^ Schneearm pr\u00e4sentiert sich der Tonalepass heuer Ende November<\/p>\n<p>Um 10:35 kam ich am Parkplatz der ersten 4KSB an, d.h. mit umziehen und Skipasskauf usw. w\u00fcrde die 4h Karte um momentan g\u00fcnstige 37,- bis 15 Uhr gelten, solte ja reichen.<\/p>\n<p>Der Kunstschnee war nat\u00fcrlich nicht besonderes toll, aber an der oberen 4KSB Occidentale war er am untauglichsten (hart abgefahren plus knollig) &#8211; auf den leichten Sonnenpisten weiter unten war er angenehmer.<\/p>\n<p>Es war etliches los heute, aber keine nennenswerten Wartezeiten und nachmittags ists ja dann eh leerer.<\/p>\n<p>Die neue 6KSB hatte Zwangsverriegelung, die macht so sp\u00e4t auf, dass man kaum Zeit hat, seinen Rucksack vom Nebensitz zu holen und aufzustehen, da macht sie schon die Kurve. Nerviges Teil. Im Gegensatz zu der wenig \u00e4lteren BMF-6KSB nebendran aber immerhin bequemere Sitze, SItzheizung und die Haube l\u00e4sst sich leichter schlie\u00dfen. <\/p>\n<p>Die Abfahrt zur Mittelstation der EUB k\u00f6nnte kaum flacher sein, es gibt 2 kurze H\u00e4nge, wo man ein paar Kurven machen kann, ansonsten f\u00e4hrt man in Schuss. <\/p>\n<p>Immerhin kam man auf Skiern durchs ganze ge\u00f6ffnete Skigebiet, wobei man zwischen linkem und rechtem Teil etwas \u00fcber&#8217;s Gras fahren musste.<\/p>\n<p><a href='http:\/\/ski.inmontanis.info\/d\/332911-2\/DSC09490.jpg'><img src=http:\/\/ski.inmontanis.info\/d\/332910-3\/DSC09490.jpg \/><\/a><br \/>\n^ Parkplatz 4KSB Valbiolo<\/p>\n<p><a href='http:\/\/ski.inmontanis.info\/d\/332915-2\/DSC09493.jpg'><img src=http:\/\/ski.inmontanis.info\/d\/332914-3\/DSC09493.jpg \/><\/a><br \/>\n^ 4KSB Valbiolo<\/p>\n<p><a href='http:\/\/ski.inmontanis.info\/d\/332919-2\/DSC09494.jpg'><img src=http:\/\/ski.inmontanis.info\/d\/332918-3\/DSC09494.jpg \/><\/a><br \/>\n^ Ostblick<\/p>\n<p><a href='http:\/\/ski.inmontanis.info\/d\/332923-2\/DSC09495.jpg'><img src=http:\/\/ski.inmontanis.info\/d\/332922-3\/DSC09495.jpg \/><\/a><br \/>\n^ 4KSB Valbiolo, das St\u00fcck hier ist sehr flach<\/p>\n<p><a href='http:\/\/ski.inmontanis.info\/d\/332927-2\/DSC09496.jpg'><img src=http:\/\/ski.inmontanis.info\/d\/332926-3\/DSC09496.jpg \/><\/a><br \/>\n^ 4KSB Valbiolo<\/p>\n<p><a href='http:\/\/ski.inmontanis.info\/d\/332931-2\/DSC09498.jpg'><img src=http:\/\/ski.inmontanis.info\/d\/332930-3\/DSC09498.jpg \/><\/a><br \/>\n^ 4KSB Valbiolo \/ Tonale Occidentale<\/p>\n<p><a href='http:\/\/ski.inmontanis.info\/d\/332935-2\/DSC09500.jpg'><img src=http:\/\/ski.inmontanis.info\/d\/332934-3\/DSC09500.jpg \/><\/a><br \/>\n^ 4KSB Tonale Occidentale<\/p>\n<p><a href='http:\/\/ski.inmontanis.info\/d\/332939-2\/DSC09501.jpg'><img src=http:\/\/ski.inmontanis.info\/d\/332938-3\/DSC09501.jpg \/><\/a><br \/>\n^ Neue 6KSB Valena mit allem nervigen Schei\u00df<\/p>\n<p><a href='http:\/\/ski.inmontanis.info\/d\/332943-2\/DSC09503.jpg'><img src=http:\/\/ski.inmontanis.info\/d\/332942-3\/DSC09503.jpg \/><\/a><br \/>\n^ Blick zu den Liften weiter westlich<\/p>\n<p><a href='http:\/\/ski.inmontanis.info\/d\/332947-2\/DSC09505.jpg'><img src=http:\/\/ski.inmontanis.info\/d\/332946-3\/DSC09505.jpg \/><\/a><br \/>\n^ 6KSB Vittoria &#8211; ebenfalls viel nervigen Schei\u00df, aber keine Zwangsverriegelung &#8211; bzw. bekommt man diese mit genug Druck auf.<\/p>\n<p><a href='http:\/\/ski.inmontanis.info\/d\/332951-2\/DSC09508.jpg'><img src=http:\/\/ski.inmontanis.info\/d\/332950-3\/DSC09508.jpg \/><\/a><br \/>\n^ Beschneite Sessel<\/p>\n<p><a href='http:\/\/ski.inmontanis.info\/d\/332955-2\/DSC09509.jpg'><img src=http:\/\/ski.inmontanis.info\/d\/332954-3\/DSC09509.jpg \/><\/a><br \/>\n^ Beschneite Sessel<\/p>\n<p><a href='http:\/\/ski.inmontanis.info\/d\/332959-2\/DSC09511.jpg'><img src=http:\/\/ski.inmontanis.info\/d\/332958-3\/DSC09511.jpg \/><\/a><br \/>\n^ SL Tre Larici &#8211; wenigstens gibts den noch als letzten klassichen Lift hier<\/p>\n<p><a href='http:\/\/ski.inmontanis.info\/d\/332963-2\/DSC09515.jpg'><img src=http:\/\/ski.inmontanis.info\/d\/332962-3\/DSC09515.jpg \/><\/a><br \/>\n^ Paradiso &#8211; die Abfahrt wird wohl n\u00e4chstes WE \u00f6ffnen. Warum der Gletscher noch nicht offen ist, keine Ahnung.<\/p>\n<p><a href='http:\/\/ski.inmontanis.info\/d\/332967-2\/DSC09521.jpg'><img src=http:\/\/ski.inmontanis.info\/d\/332966-3\/DSC09521.jpg \/><\/a><br \/>\n^ SL Tre Larici von der Bergstation EUB aus Ponte di Legno<\/p>\n<p><a href='http:\/\/ski.inmontanis.info\/d\/332971-2\/DSC09522.jpg'><img src=http:\/\/ski.inmontanis.info\/d\/332970-3\/DSC09522.jpg \/><\/a><br \/>\n^ Ex-Lift, was auch immer das war, schade, dass er nicht mehr ist<\/p>\n<p><a href='http:\/\/ski.inmontanis.info\/d\/332975-2\/DSC09523.jpg'><img src=http:\/\/ski.inmontanis.info\/d\/332974-3\/DSC09523.jpg \/><\/a><br \/>\n^ Flache Abfahrt an der 2. Sektion EUB von Ponte di Legno<\/p>\n<p><a href='http:\/\/ski.inmontanis.info\/d\/332979-2\/DSC09524.jpg'><img src=http:\/\/ski.inmontanis.info\/d\/332978-3\/DSC09524.jpg \/><\/a><br \/>\n^ Flache Abfahrt an der 2. Sektion EUB von Ponte di Legno<\/p>\n<p><a href='http:\/\/ski.inmontanis.info\/d\/332983-2\/DSC09525.jpg'><img src=http:\/\/ski.inmontanis.info\/d\/332982-3\/DSC09525.jpg \/><\/a><br \/>\n^ Flache Abfahrt an der 2. Sektion EUB von Ponte di Legno<\/p>\n<p><a href='http:\/\/ski.inmontanis.info\/d\/332987-3\/DSC09526.jpg'><img src=http:\/\/ski.inmontanis.info\/d\/332986-4\/DSC09526.jpg \/><\/a><br \/>\n^ SL Tre Larici<\/p>\n<p><a href='http:\/\/ski.inmontanis.info\/d\/332991-3\/DSC09527.jpg'><img src=http:\/\/ski.inmontanis.info\/d\/332990-4\/DSC09527.jpg \/><\/a><br \/>\n^ Beschneite Sessel, es ist nicht nur dieser..<\/p>\n<p><a href='http:\/\/ski.inmontanis.info\/d\/332995-3\/DSC09528.jpg'><img src=http:\/\/ski.inmontanis.info\/d\/332994-4\/DSC09528.jpg \/><\/a><br \/>\n^ .. es gibt noch einen beschneiten Sessel<\/p>\n<p><a href='http:\/\/ski.inmontanis.info\/d\/332999-3\/DSC09529.jpg'><img src=http:\/\/ski.inmontanis.info\/d\/332998-4\/DSC09529.jpg \/><\/a><br \/>\n^ Beschneiter Sessel<\/p>\n<p><a href='http:\/\/ski.inmontanis.info\/d\/333003-3\/DSC09531.jpg'><img src=http:\/\/ski.inmontanis.info\/d\/333002-4\/DSC09531.jpg \/><\/a><br \/>\n^ Zum Gl\u00fcck gibts noch ein paar Dinge, die sich in Italien nicht ge\u00e4ndert haben &#8211; so etwas kann man nach wie vor neben der Stra\u00dfe und neben der Piste sehen und m\u00f6gen die Pisten auch noch so modelliert und verfangz\u00e4unt sein<\/p>\n<p><a href='http:\/\/ski.inmontanis.info\/d\/333007-3\/DSC09533.jpg'><img src=http:\/\/ski.inmontanis.info\/d\/333006-4\/DSC09533.jpg \/><\/a><br \/>\n^ Ich hatte in diesen Tagen keine einzige Kabine der EUB, deren SItzpolster nicht mutwillig zerst\u00f6rt gewesen w\u00e4re<\/p>\n<p><a href='http:\/\/ski.inmontanis.info\/d\/333011-3\/DSC09537.jpg'><img src=http:\/\/ski.inmontanis.info\/d\/333010-4\/DSC09537.jpg \/><\/a><br \/>\n^ 4KSB Valbiolo, hier ist es anscheinend verboten, die Haube zu schlie\u00dfen?? Was .. warum???<\/p>\n<p>Ich probierte um 14:15 ein Salsiccia-Panino zu kaufen, trotz des mittlerweile teuren Preises um 7 \u20ac, aber angeblich ausverkauft. Am ersten Tag?? Na, dann halt nicht.<\/p>\n<p>So als Abwechslung &#8211; und ja quasi ohne gro\u00dfe Mehrkosten, da ich nun n\u00e4chtens frei stehe &#8211; war das schon ganz OK hier.  Es macht einfach einen Unterschied, ob man nur jedes WE 2 Tage Ski fahren kann und dann von Innsbruck aus bis hier her f\u00e4hrt mit seiner Lombardei-Saisonkarte oder quasi jeden Tag Ski f\u00e4hrt und in der Gegend war &#8211; da kann man dann auch mal uninteressantere Gebiete f\u00fcr 2-4 Stunden besuchen. Zudem mir ein langweiliges Skigebiet und langweilige Abfahrten in einem schneearmen Schneeband-Setting mit brauner oder gr\u00fcner Landschaft daneben wie hier heute besser gef\u00e4llt. Und die Sonne schien auch ganztags. Somit war ich auch nicht traurig, dass der Gletscherbereich zu war.<\/p>\n<p>Ich hielt unten in Edolo nochmals an einem Supermarkt und fuhr noch ein St\u00fcck in Richtung des morgigen Zieles &#8211; Borno.<\/p>\n<p><a href='http:\/\/extra.inmontanis.info\/d\/129346-2\/DSC09538.jpg'><img src=http:\/\/extra.inmontanis.info\/d\/129345-3\/DSC09538.jpg \/><\/a><br \/>\n^ ehemaliger Tunnel &#8211; mehr dazu am n\u00e4chsten Tag = im n\u00e4chsten Bericht<\/p>\n<p><a href='http:\/\/extra.inmontanis.info\/d\/129350-2\/DSC09540.jpg'><img src=http:\/\/extra.inmontanis.info\/d\/129349-3\/DSC09540.jpg \/><\/a><br \/>\n^ Eink\u00e4ufe. Leider erst am n\u00e4chsten Tag bemerkt, dass auf der Milch 1.12. stand :( Aber das war die einzige mit einem vern\u00fcnftigen Verschluss. Heute Abend gabs das Ding rechts &#8211; Kartoffel-Torte mit Speck. Die Raviolini mit Braten (!) an den n\u00e4chsten Tagen war auch lecker.<\/p>\n<p>Selten etwas Hundegebell und um 7 Uhr Kirchenglocken, sonst relativ ruhig, aber kalt. Wobei es mir f\u00fcr Innenminimum 3,4\u00b0 vorne im Bett k\u00e4lter vorkam. <\/p>\n<p><strong>So, 1.12.2024<\/strong> <\/p>\n<p>Skifahren in Borno -> eigener Bericht.<\/p>\n<p><strong>Mo, 2.12.2024<\/strong><\/p>\n<p>Etwas nach 12 Uhr kam ich wieder am Tonalepass an und kaufte mir also diesmal nur die 3h-Karte um 33,- \u20ac (wollte ja unterhalb der \u00dcbernachtungskosten im Schnalstal bleiben und es reicht hier ja eh)<\/p>\n<p>Einige Male hatte ich bei den Valbiolo-Sesseln heute keine Haubenschlie\u00dfenverboten-Aufkleber mehr gesehen. Bilder hab ich kaum gemacht.<\/p>\n<p><a href='http:\/\/ski.inmontanis.info\/d\/333015-3\/DSC09601.jpg'><img src=http:\/\/ski.inmontanis.info\/d\/333014-4\/DSC09601.jpg \/><\/a><br \/>\n^ Blick aus der 6KSB Vittoria zu 6KSB+4KSB weiter rechts<\/p>\n<p><a href='http:\/\/ski.inmontanis.info\/d\/333019-3\/DSC09602.jpg'><img src=http:\/\/ski.inmontanis.info\/d\/333018-4\/DSC09602.jpg \/><\/a><br \/>\n^ Noch ein weiteres altes Relikt aus einer Zeit, in der mir Italien heutzutage sympathischer w\u00e4re (damals aber auch nicht war).<\/p>\n<p><a href='http:\/\/ski.inmontanis.info\/d\/333023-3\/ge20241130-1202c.jpg'><img src=http:\/\/ski.inmontanis.info\/d\/333022-4\/ge20241130-1202c.jpg \/><\/a><br \/>\n^ Einige vorherige Besuche in Blau, 30.11. und 2.12.2024 in Orange und Magenta. Links ist die EUB und rechts die beiden Sektionen 4KSB.<\/p>\n<p>Aus 1 geplanten Woche Schnalstal werden wohl bald 3 Wochen Italien. Ab Freitag+WE soll&#8217;s im Schnalstal, aber auch in den N\u00d6\/O\u00d6-Skigebieten meiner Saisonkarte schlecht werden. Weitere Skitage in IT? Tonale wird dann zu teuer werden, bliebe Bormio &#038; Co (TK 35,-, 4h 32,- bis 20.12.!), auch im Friaul, so sie aufmachen, gibt es noch g\u00fcnstigere Preise &#8211; allerdings k\u00f6nnte dort das Wetter nicht so sonnig werden wie z..B. im gestrigen Borno. <\/p>\n<p>Im Zweifel bin ich dann ja doch lieber auf etwas eisigeren Kunstschneepisten bei Sonnenschein unterwegs, zumindest solang man eine Halbtages- oder Tageskarte um 25-35 \u20ac bekommt. Und jetzt in der Vorsaison ist das noch etwas einfacher.<\/p>\n<p>D.h. ich werde mir morgen wohl nur bis DO den Stellplatz am Schnalstaler zahlen. Oder .. ich hab ja eigentlich gar keine Lust, in 3 Tagen dann schon wieder vom Schnalstal bis Bormio zu fahren &#8211; alternativ fahr ich gar nicht ins Schnalstal? Stattdesssen morgen Aprica, die kurze Abfahrt zum trotz, aber weil nur 25,-, und Mi-Do Livigno? Wobei es anderswo am FR+SA sch\u00f6ner gemeldet w\u00fcrde&#8230; <\/p>\n<p>Ne, Livigno f\u00e4llt eigentlich weg, da gibts momentan nur Tageskarten um 36,50, keine Stunden- oder Halbtagrskarten. Online f\u00fcr &#8220;\u00fcbermorgen&#8221; etwas g\u00fcnstiger (somit man mit der PayPerUse-Variante der snowit-Karte wieder draufzahlen w\u00fcrde, weil man das Angebot dann nicht n\u00fctzen kann)  &#8211; zum Snowit-Skipass\/PayPerUse-Thema -> siehe Borno-Bericht vom 1.12., der aber ja erst nach diesem online gestellt wird. <\/p>\n<p>Auf der Livigno-Seite steht, dass es dzt. Probleme mit dem nexi-Dienstanbieter gibt bei Kreditkarten-Onlinezahlungen &#8211; somit ich evtl. so einen Skipass gar nicht kaufen k\u00f6nnte.<\/p>\n<p>Um 15:15 war die Skipasskasse an der 4KSB bereits zu und ich konnte meine Keycard wg. 5\u20ac Pfand nicht eintauschen, wie mich das ja schon wieder nervt. H\u00e4tt ich mir doch gestern diese snowit-Karte gekauft&#8230; dann also zur Hauptkasse vorgefahren und Keycard abgegeben.<\/p>\n<p>Nachmittags waren dann die zuvor noch etwas sonnigeren Vorhersagen f\u00fcr Bormio &#038; Co aus Bergfex wieder verschwunden, nur noch weiter s\u00fcdlich wie z.B. Borno soll es n\u00f6chstes WE, ja, ist noch lang hin, sonnig werden. Was nun tun, wohin fahren, nach Osten, d.h. Schnalstal oder nach Westen mit Aprica morgen und MI\/DO vmtl. nochmals Tonale und\/oder Aprica? <\/p>\n<p>Ich entschied mich gegen das Keycardtheater hier die n\u00e4chsten Tage und fuhr nach Osten. Damit auch kein Besuch in Bormio \/ SantaCaterina \/ Oga, weil Weg von Schnalstal zu umst\u00e4ndlich+weit. Eh fraglich, was da n\u00e4chste Woche offen w\u00e4r. Regul\u00e4r sind mir die Skip\u00e4sse dort mittlerweile zu teuer. D.h. am WE entweder das schlechte Wetter in Kurzras aussitzen oder die Vorhersagen sind f\u00fcr Friaul brauchbar und es gibt vern\u00fcnftige \u00d6ffnungen.<\/p>\n<p>Wohin soll ich nun die Amazon-BlackWeek-Sachen schicken lassen? Tja. Nach Tirol ins Gesch\u00e4ft? Auch schwierig, wenn ich evtl. ins Friaul fahr, keine Ahnung, wann ich dann dort vorbei komme bzw. m\u00fcsste ich dann ja mal unter der Woche dort vorbei &#8211; hab ja keinen Schl\u00fcssel mehr. Entschied mich f\u00fcr den Bereich Hinterstoder, dort sollte ich dann also im Laufe der n\u00e4chsten Woche sein &#8211; je nachdem wie lang ich die Pakete werde abholen k\u00f6nnen.<\/p>\n<p>Um 23:23 Uhr war ich dann mit der Bestellung fertig &#8211; doch nur 4 Sachen um 67 \u20ac gekauft, zumeist Lebensmittel. Manche der anderen Sachen w\u00e4ren erst viel sp\u00e4ter lieferbar gewesen, andere hab ich dann doch nicht gekauft (z.B. konnte ich mich nicht dazu durchringen, eine der billigen 100Ah &#8211; LiFePo4-Akkus um 200 \u20ac zu kaufen &#8211; somit werd ich meinen etwas defekten aber halt auch nicht w\u00e4hrend der n\u00e4chsten Wochen oder Monate abgeben oder verschicken k\u00f6nnen und werd im Fr\u00fchjahr \u00f6fters zum Nachladen einen Campingplatz ben\u00f6tigen.)<\/p>\n<p><em>(N\u00e4chster Bericht, der online gestellt wird, ist also der &#8220;gestrige&#8221; Tag in Borno, danach folgt Schnalstal.)<\/em><\/p>\n","protected":false},"excerpt":{"rendered":"<p>Sa, 30.11.2024<\/p>\n<p>Morgens ging&#8217;s in Mal\u00e9 in einen gro\u00dfen Supermarkt zum Einkaufen und ein WC gabs netterweise auch.<\/p>\n<p> ^ Schneearm pr\u00e4sentiert sich der Tonalepass heuer Ende November<\/p>\n<p>Um 10:35 kam ich am Parkplatz der ersten 4KSB an, d.h. mit umziehen und Skipasskauf usw. w\u00fcrde die 4h Karte um momentan g\u00fcnstige 37,- bis 15 Uhr <a href=\"http:\/\/blog.inmontanis.info\/?p=10454\">[&#8230;]<\/a><\/p>\n","protected":false},"author":1,"featured_media":10456,"comment_status":"closed","ping_status":"closed","sticky":false,"template":"","format":"standard","meta":{"footnotes":""},"categories":[15,436,27],"tags":[55,49,56,53,47],"class_list":["post-10454","post","type-post","status-publish","format-standard","has-post-thumbnail","hentry","category-italienitaly","category-passo-tonale-p-d-legno","category-skifahren-winterskiing-winter","tag-3sb","tag-4sb","tag-6sb","tag-8eub","tag-sl","odd"],"_links":{"self":[{"href":"http:\/\/blog.inmontanis.info\/index.php?rest_route=\/wp\/v2\/posts\/10454","targetHints":{"allow":["GET"]}}],"collection":[{"href":"http:\/\/blog.inmontanis.info\/index.php?rest_route=\/wp\/v2\/posts"}],"about":[{"href":"http:\/\/blog.inmontanis.info\/index.php?rest_route=\/wp\/v2\/types\/post"}],"author":[{"embeddable":true,"href":"http:\/\/blog.inmontanis.info\/index.php?rest_route=\/wp\/v2\/users\/1"}],"replies":[{"embeddable":true,"href":"http:\/\/blog.inmontanis.info\/index.php?rest_route=%2Fwp%2Fv2%2Fcomments&post=10454"}],"version-history":[{"count":2,"href":"http:\/\/blog.inmontanis.info\/index.php?rest_route=\/wp\/v2\/posts\/10454\/revisions"}],"predecessor-version":[{"id":10457,"href":"http:\/\/blog.inmontanis.info\/index.php?rest_route=\/wp\/v2\/posts\/10454\/revisions\/10457"}],"wp:featuredmedia":[{"embeddable":true,"href":"http:\/\/blog.inmontanis.info\/index.php?rest_route=\/wp\/v2\/media\/10456"}],"wp:attachment":[{"href":"http:\/\/blog.inmontanis.info\/index.php?rest_route=%2Fwp%2Fv2%2Fmedia&parent=10454"}],"wp:term":[{"taxonomy":"category","embeddable":true,"href":"http:\/\/blog.inmontanis.info\/index.php?rest_route=%2Fwp%2Fv2%2Fcategories&post=10454"},{"taxonomy":"post_tag","embeddable":true,"href":"http:\/\/blog.inmontanis.info\/index.php?rest_route=%2Fwp%2Fv2%2Ftags&post=10454"}],"curies":[{"name":"wp","href":"https:\/\/api.w.org\/{rel}","templated":true}]}}