{"id":10450,"date":"2024-11-29T19:28:31","date_gmt":"2024-11-29T18:28:31","guid":{"rendered":"http:\/\/blog.inmontanis.info\/?p=10450"},"modified":"2024-11-30T19:41:11","modified_gmt":"2024-11-30T18:41:11","slug":"schnalstaler-gletscher-26-29-11-2024","status":"publish","type":"post","link":"http:\/\/blog.inmontanis.info\/?p=10450","title":{"rendered":"Schnalstaler Gletscher, 26.-29.11.2024"},"content":{"rendered":"<p><strong>Di, 26.11.2024<\/strong><\/p>\n<p>Morgens leichter Schneefall und die Gipfel in Wolken, soll nachmittags etwas besser werden &#8211; diese Reihenfolge soll mir ja recht sein. Trotzdem etwas mehr Zeit gelassen und um 11:45 rauf, da sind schon etliche Rennfahrer runtergekommen.<\/p>\n<p>Testweise heute mal nur einen Stecken dabei (zur Schonung des rechten Arms) &#8211; auch die n\u00e4chsten Tage. Geht auf der Piste ganz gut, aber beim Offpistefahren fehlte mir der 2. Stecken zur Balance und als Ruderinstrument. <\/p>\n<p><a href='http:\/\/ski.inmontanis.info\/d\/332831-2\/DSC09450.jpg'><img src=http:\/\/ski.inmontanis.info\/d\/332830-3\/DSC09450.jpg \/><\/a><br \/>\n^ Zugang \/ Anstehbereich der neuen PB (obwohl die ja eine etwas h\u00f6here F\u00f6rderleistung hat)<\/p>\n<p><a href='http:\/\/ski.inmontanis.info\/d\/332835-2\/DSC09452.jpg'><img src=http:\/\/ski.inmontanis.info\/d\/332834-3\/DSC09452.jpg \/><\/a><br \/>\n^ Nebelmeer heut auch hier<\/p>\n<p>SB-Restaurant oben: Nudeln mit So\u00dfe 10,-, Hirtenmaccaroni  13, Fleischgerichte 17, Pommes 6,- \u20ac &#8211; n\u00f6, da mag ich dann nix von kaufen.<\/p>\n<p>Rechte Finailabfahrt war heute frei fahrbar.<\/p>\n<p><a href='http:\/\/ski.inmontanis.info\/d\/332839-2\/DSC09456.jpg'><img src=http:\/\/ski.inmontanis.info\/d\/332838-3\/DSC09456.jpg \/><\/a><br \/>\n^ Noch fast unber\u00fchrt nach Mittag, die rechte Finail-Abfahrt<\/p>\n<p><a href='http:\/\/ski.inmontanis.info\/d\/332843-2\/DSC09457.jpg'><img src=http:\/\/ski.inmontanis.info\/d\/332842-3\/DSC09457.jpg \/><\/a><br \/>\n^ SL Finail St\u00fctzenfundament im Eis<\/p>\n<p>3 Semmeln 1,37 \u20ac im kleinen Supermarkt, italienisch ja nach Gewicht. 1l Milch g\u00e4bs ab 1,69 aufw\u00e4rts, allerdings alle ohne Schraubverschluss, nur mit dem f\u00fcr mich inakzeptablem Clip-Verschluss. Der ist mir zu gef\u00e4hrlich zum versehentlichen \u00f6ffnen. <\/p>\n<p>Heute und morgen vor 1 Jahr hatte ich in Luosto ja die vielen sch\u00f6nen Fotos gemacht (<a href='http:\/\/blog.inmontanis.info\/?p=9539'>http:\/\/blog.inmontanis.info\/?p=9539<\/a> ), von denen einige auf den 2025er Kalender gekommen sind. Grund genug, mal ein bisschen Vergleiche zu ziehen ..<\/p>\n<p>.. Landschaftlich \/ Panorama: Punkt an Luosto (f\u00fcr mich)<br \/>\n.. sch\u00f6nere Lifte: Luosto (f\u00fcr mich)<br \/>\n.. Schneezustand\/Pisten: Naja, nicht all zu grundlegend verschieden<br \/>\n.. Stellplatz: etwas weniger Fu\u00dfweg in Luosto und per Ski retour zum Auto; aber etwas teurer als momentan hier, hier mittlerweile durch R\u00e4umung matschig-schmutzig<br \/>\n.. Temperatur: eindeutig pro Schnalstal. Wobei die 4SB nachmittags schattig und windig auch kalt ist, aber man ja nicht anders zur PB kommt, mit der man runterfahren muss.<br \/>\n.. Tagesl\u00e4nge und Sonnenh\u00e4ufigkeit: normalerweise Schnalstal jetzt zu der Zeit<br \/>\n.. Pistenl\u00e4nge, H\u00f6henmeter: Irrelevante Daten f\u00fcr mich<br \/>\n.. Abwechslung: Schnalstal<br \/>\n.. Restaurant: Luosto<\/p>\n<p>Aktuell h\u00e4tte Luosto allerdings noch gar nicht offen, vermutlich noch nicht genug Schnee. Auch in Ounasvaara nach wie vor nur die Abfahrt links vom Lift offen. Da hatte ich wohl letztes Jahr viel Gl\u00fcck. <\/p>\n<p>So, von welchen 4 Skigebieten in der Schweiz kauf ich nun so einen 50%-Skipass via Ticketcorner? Einige waren heut Abend bereits ausverkauft. Schad, Saas-Grund und Spl\u00fcgen h\u00e4tte ich mir gern mal angesehen, Melchsee-Frutt und S\u00f6renberg h\u00e4tte man auch mal wieder besuchen k\u00f6nnen. Berg\u00fcn wollt ich schon l\u00e4nger mal wieder besuchen, auch Wolzenalp k\u00f6nnte man nochmals besuchen, aber bei 30 CHF f\u00fcr 4 Stunden k\u00f6nnte man da auch zum Normalpreis hin (Tageskarte 38 CHF laut Website und bei meinem Bericht 2013 notierte ich 36,- CHF Tageskartenpreis, die damals aber 30 \u20ac waren!). Aber eben hatte ich gehofft, mal zumindest 2 unbekannte anzusehen. Brigels und Malbun interessieren mich dagegen auch zum Halbpreis nicht.<\/p>\n<p>Auf die Tessiner Gebiete hab ich auch keine gro\u00dfe Lust &#8211; da fahr ich dann lieber gleich ins Piemont. Somit blieben als m\u00f6gliche Kandidaten \u00fcbrig: Bivio, Tschiertschen und Wolzenalp, wo es mir jeweils recht gut gefallen hatte, Berg\u00fcn, wo mir die Talabfahrt gut gefallen hatte, Klewenalp, das sich seit meinen Besuchen auch nicht mehr ver\u00e4ndert hatte (au\u00dfer der neuen Stockh\u00fctte-EUB) und weil die Rigi kein 50%-Ticket mehr hat, und als eventuelle Neuentdeckung Brunni in Engelberg (angeblich der steilste SL der Schweiz, aber 3SB und SL sind halt nicht sehr lang); also 6, wobei man ja maximal 4 Tickets kaufen darf pro Konto. Tschiertschen, Wolzenalp und Berg\u00fcn haben wohl gratis Parkpl\u00e4tze, die anderen verlangen wohl 5,- CHF.<\/p>\n<p>Brunni sortierte ich als erstes aus, vielleicht doch zu klein f\u00fcr einen ganzen Tag und den Kartenpreis. Und Wolzenalp als zweites, weil wegen der g\u00fcnstigen Preise kann ich da auch ohne 50% Erm\u00e4\u00dfigung hin bzw. spart man sich da ja am wenigsten ein. Au\u00dferdem ist es das niedrigste am Nordrand, was evtl. schneem\u00e4\u00dfig ein Problem sein kann. Andererseits sind an der Klewenalp die Talskirouten auf dem Pistenplan entfallen, was sonst auch noch ein guter Grund gewesen w\u00e4re..<\/p>\n<p>Vielleicht sollte ich bis morgen warten, welche Tickets noch \u00fcbrig sind, was mir die Entscheidung nehmen w\u00fcrde ;)<\/p>\n<p>Um 21:15 war dann auch Wolzenalp ausverkauft. Und bei Bivio konnte ich keine meiner Skidata- oder Axess-Keycards verwenden, also zumindest nicht die paar, die ich probiert hab. Hab nat\u00fcrlich nicht alle probiert. Keine Ahnung, was die f\u00fcr ein System haben. Steht nix angeschrieben. Stand fr\u00fcher mal bei TC, welche Keycards vom Skigebiet akzeptiert werden. Gut, dann fahr ich halt nicht nach Bivio. Oder nur dran vorbei. Es gibt auch keine Option &#8220;Pick-up&#8221;. Somit heute nur Berg\u00fcn und Tschiertschen gekauft. Mal schaun, was morgen noch da ist. <\/p>\n<p><strong>Mi, 27.11.2024<\/strong><\/p>\n<p>Heut fr\u00fch konnte ich bald sehen, was es mit dem Hubschrauberl\u00e4rm nach 7 Uhr auf sich hatte: Die Schneekanonen vom Lazaun-Bereich wurden mit dem Hubschrauber auf die linke Talabfahrtsvariante transportiert. Scheint wohl g\u00fcnstiger zu sein, als entweder mehr zu kaufen oder es mit anderen Dingen zu transportieren?! Leider ist es momentan zu warm zum Beschneien. K\u00f6nnte also knapp werden mit der Talabfahrt \u00fcbern\u00e4chstes WE (da sollte ja die untere 4KSB in Betrieb gehen).<\/p>\n<p><a href='http:\/\/ski.inmontanis.info\/d\/332847-2\/DSC09459.jpg'><img src=http:\/\/ski.inmontanis.info\/d\/332846-3\/DSC09459.jpg \/><\/a><br \/>\n^ Schneekanonen werden mit dem Hubschrauber versetzt<\/p>\n<p>Leider auch heute Morgen und Mittag nicht wieder mehr Karten auf der schweizer 50%-Aktion vorhanden, eher im Gegenteil, weitere nun ausverkauft. Da h\u00e4tt ich gestern vielleicht schneller Wolzenalp noch kaufen sollen.<\/p>\n<p>Vormittag wurde sehr sonnig, aber wie schon gestern musste ich eine Bahn sp\u00e4ter nehmen (also 11:45), da ich nach der Arbeit noch das WC aufsuchen musste. (Der Unterschied zwischen der Erdbeermarmelade in Skandinavien aus der Quetschtubenflasche und der Dessertsauce  in AT ist .. ein Fleck auf dem Pullli, weil die hier so viel fl\u00fcssiger ist.)<\/p>\n<p><a href='http:\/\/ski.inmontanis.info\/d\/332851-2\/DSC09461.jpg'><img src=http:\/\/ski.inmontanis.info\/d\/332850-3\/DSC09461.jpg \/><\/a><br \/>\n^ Renn-\/Trainings-Abfahrt EUB Lazaun<\/p>\n<p><a href='http:\/\/ski.inmontanis.info\/d\/332855-2\/DSC09462.jpg'><img src=http:\/\/ski.inmontanis.info\/d\/332854-3\/DSC09462.jpg \/><\/a><br \/>\n^ Ex-PB-Laufwerk<\/p>\n<p><a href='http:\/\/ski.inmontanis.info\/d\/332859-2\/DSC09463.jpg'><img src=http:\/\/ski.inmontanis.info\/d\/332858-3\/DSC09463.jpg \/><\/a><br \/>\n^ Ex-PB-Laufwerk<\/p>\n<p><a href='http:\/\/ski.inmontanis.info\/d\/332863-2\/DSC09465.jpg'><img src=http:\/\/ski.inmontanis.info\/d\/332862-3\/DSC09465.jpg \/><\/a><br \/>\n^ Glocken-SL &#8211; ab \u00fcbermorgen in Betrieb. Tellerlifte k\u00f6nnte man ja grunds\u00e4tzlich auch Glockenlifte nennen, zumindest in m\u00e4nnlicher Hinsicht ;)<\/p>\n<p><a href='http:\/\/ski.inmontanis.info\/d\/332867-2\/DSC09466.jpg'><img src=http:\/\/ski.inmontanis.info\/d\/332866-3\/DSC09466.jpg \/><\/a><br \/>\n^ Ob unter dem Schutt wohl noch Gletschereis ist?<\/p>\n<p><a href='http:\/\/ski.inmontanis.info\/d\/332871-2\/DSC09467.jpg'><img src=http:\/\/ski.inmontanis.info\/d\/332870-3\/DSC09467.jpg \/><\/a><br \/>\n^ Aufzug\/Lift in Bau (PB-Talstation)<\/p>\n<p>An der 4SB danach  nur 4 Trainingskurse gesteckt, aber leider auch an der rechten Finailabfahrt in ganzer Breite, die fiel also weg heute.<\/p>\n<p>Morgen starker Sturm gemeldet &#8211; hoffentlich wird dann EUB und\/oder SL spontan (1 Tag fr\u00fcher) aufgemacht, falls es f\u00fcr den Gletscherbereich zu st\u00fcrmisch sein sollte.<\/p>\n<p>Nach der Hintereis-DSB wollte ich kurz vor 15 Uhr aufh\u00f6ren und leider zu sp\u00e4t gesehen, dass die 3SB stand. Kurze Pause in der Sonne eingelegt und dann Ski geschultert und wieder zur DSB r\u00fcber. 2x musste ich die fahren, dann sah ich, dass die 3SB wieder fuhr. Bisschen schade, da ich gehofft hatte, die Talabfahrt und dann die 4KSB runter fahren zu d\u00fcrfen als Evakuierungsma\u00dfnahme ;) Aber Gl\u00fcck gehabt, nicht in der 3SB zu der Zeit gewesen zu sein.<\/p>\n<p>Die kaputte Scheibe der rechten PB-Kabine hat nun noch ein paar mehr Spr\u00fcnge drin. Wann es die wohl ganz raushaut?<\/p>\n<p>Nachmittags mal wieder in die Schweiz geschaut ob der 50% Aktion .. mein gestern gekauftes Berg\u00fcn ist nach wie vor verf\u00fcgbar, Tschiertschen nicht mehr. Bleiben noch Bivio, Bosco Gurin, Braunwald, Brunni, Klewenalp, Sattel-Hochstuckli. Letzteres war mal ein nettes Skigebiet, aber neuerdings sind die interessanten SL oben geschlossen, die Abfahrt an der EUB glaub nur noch als Rodelbahn ausgewiesen, bleibt nur noch ein Kinderbereich oben \u00fcbrig. Braunwald hatte ich ja auch schon mal eine 50% Karte gekauft, aber das Skigebiet konnte mich nicht \u00fcberzeugen.<\/p>\n<p>Hab dann noch bei Bivio ein paar Keycards mit etwas anderen Nummern vorne weg probiert, aber n\u00f6. Auf Brunni hab ich irgendwie doch keine Lust und Klewenalp zum Halbpreis 29 + 5 Parken = 34 CHF = ca. 37 \u20ac .. ist ja auch nicht wirklich g\u00fcnstig .. Ne, ich lass das mal. Dann halt leider nur 2 50%-Tickets. <\/p>\n<p>Vermutlich sollte ich am Freitag alle Skigebiete, die ich evtl. besuchen m\u00f6chte heuer, im Internet besuchen und schauen, ob sie einen Black-Friday-Deal haben. Heute mal bissl rumgeschaut und eigentlich nix sinnvolles gefunden mit einer Ausnahme, die gar nicht mal mit der Black Week zu tun hat: <\/p>\n<p>Im Aosta-Tal gibts einen 6-Wahltagesskipass &#8220;Magic Skipass&#8221; f\u00fcr die 11 kleine(re)n Skigebiete um lediglich 100,- \u20ac. Da w\u00e4re sogar noch eine gratis Skilehrer-Stunde dabei. Gilt maximal 3 Tage pro Skigebiet. Champorcher und Cogne wollte ich ja sowieso besuchen, also w\u00fcrde sich das schon lohnen, auch mal noch paar andere kennenzulernen &#8211; oder bereits bekannte Gebiete nochmals zu besuchen.<\/p>\n<p>Steht noch nicht mal dabei, wie lang das Angebot gilt, ob man das die ganze Saison \u00fcber kaufen kann. Ob man an 1 Tag aber zwei Gebiete fahren kann ohne einen 2 Tag abgezogen zu bekommen, w\u00fcrde ich allerdings bezweifeln, das sollte ich lieber nicht testen. Teilweise steht da aber 2023\/24 dabei (obwohl man es online 2024\/25 kaufen kann) und auch sonst hat deren Homepage ziemlich viele fehlende Dinge bei den Skigebieten. Auch der Preis ist wohl ident zu letztem Jahr. Und ja fast zu g\u00fcnstig, aber bisher mal nichts gelesen, dass das eine Betrugsmasche w\u00e4re und auch einige neuere Meldungen, dass es wohl wirklich auch diese Saison den Skipass gibt. <\/p>\n<p>Dann werd ich heuer wohl mal 6 Tage im Aostatal sein. Aber anscheinend kann man mit dem Kauf ja noch etwas abwarten. Nur f\u00fcr den Fall. Und f\u00fcr den einen SL in Champorcher wird man ggf. Aufpreis zahlen m\u00fcssen. Keine Ahnung, was sie da wieder haben, aber da hab ich schon vor ein paar Wochen gesehen, dass es da unterschiedliche Preise bzw. eben Aufschl\u00e4ge gibt.<\/p>\n<p><strong>Do, 28.11.2024<\/strong><\/p>\n<p>Schlechtwetter im Norden, daher also hier im S\u00fcden die Frage &#8211; Schneefall, Sturm oder Auflockerungen? Oder alle drei zusammen?<\/p>\n<p>63 km\/h Wind am Gletscher um kurz vor 8 Uhr laut Wetterstation auf der Homepage, am Auto vereinzelte Schneeflocken und paar erste Sonnenstrahlen. Um 9 Uhr 33 km\/h und laut Website wurde wohl ge\u00f6ffnet, Bahn fuhr. Bei Schneefall und bescheidener Sicht w\u00fcrd ich ja dann doch lieber die Waldpisten an der EUB fahren, allem zum Trotz ;)<\/p>\n<p>Wobei, vor Mittag sah es herunten eher nach Regen aus. Dann doch lieber Schneefall und weniger Sicht. Kam zu Mittag halbwegs trocken zur PB rauf, die an der St\u00fctze sehr langsam fahren musste.<\/p>\n<p>Am SL Finail nun nicht nur an der letzten, sondern an fast allen St\u00fctzen viele Steine. Nach 3 Fahrten bin ich zur 3SB runter (die DSB Hintereis fuhr, aber langsam) und oben an der 3SB (die windm\u00e4\u00dfig wohl kein Problem hatte) machte der Liftler das internationale Zeichen f\u00fcr &#8220;gesperrt&#8221;, also bin ich mit der4SB rauf, die wohl windm\u00e4\u00dfig das gr\u00f6\u00dfte Problem heute war. SL Finail war zu der Zeit auch schon eingestellt. Keine Ahnung ob ich da noch h\u00e4tte 1x die DSB fahren k\u00f6nnen oder wann die das beschlossen hatten oder ob die 4sb noch in Betrieb bliebe oder ob man nun runterfahren sollte und die PB auch bald eingstellt werden w\u00fcrde. Die Homepage meldete mittlerweile 73,8 km\/h Wind.<\/p>\n<p>Nachdem noch viele beim Essen waren und kaum einer runterfuhr, fragte ich um kurz vor 13 Uhr mal bei der PB nach, da hie\u00df es, dass sie jetzt alle 30min fahren w\u00fcrde, also n\u00e4chste um 13:30, somit ich mir mal unten die \u00d6tzi-Ausstellung (wieder) ansah.<\/p>\n<p><a href='http:\/\/ski.inmontanis.info\/d\/332875-2\/DSC09469.jpg'><img src=http:\/\/ski.inmontanis.info\/d\/332874-3\/DSC09469.jpg \/><\/a><br \/>\n^ \u00d6tzi-Ausstellung an der Bergstation<\/p>\n<p><a href='http:\/\/ski.inmontanis.info\/d\/332879-2\/DSC09470.jpg'><img src=http:\/\/ski.inmontanis.info\/d\/332878-3\/DSC09470.jpg \/><\/a><br \/>\n^ \u00d6tzi-Ausstellung an der Bergstation. Wenn man mit der 4SB kurz vor der Bergstation ist, sieht man diese R\u00f6hre<\/p>\n<p>Um 13:25 fuhr die 4SB zwar noch, aber mit hochgeklappten Sesseln. Sperrschild war aber nach wie vor keines an der Piste zu erkennen, Durchsagen gab&#8217;s auch keine, bin aber dann trotzdem um 13:30 runter. Kurzer Skitag heute. <\/p>\n<p>F\u00fcr morgen wird nun auch starker Wind gemeldet, aber da sollen ja eh einige Tallifte \u00f6ffnen. <\/p>\n<p>&#8220;Ausgerechnet&#8221; Meran macht morgen als 3. Skigebiet im Vinschgau\/Ortlerbereich auf. Allerdings nur der vordere Teil. Und zum uninteressanten Normal-Tageskartenpreis von 55,50 (!!!) f\u00fcr die paar wenigen Abfahrten. Da w\u00fcrde man hier am Schnalstaler um 48 \u20ac aber wesentlich mehr ums Geld bekommen. Das lohnt nur, wenn man die (Ortler-) Saisonkarte h\u00e4tte. Da w\u00fcrd ich ja noch lieber nach Livigno (seit gestern offen) fahren, nach 2 Tagen h\u00e4tte man vermutlich die Tunnelmaut drin. Allerdings wird die Verbindung obenrum auch am WE noch nicht aufsperren, daf\u00fcr anscheinend fast alle Tallifte.<\/p>\n<p>Madesimo macht morgen auf mit Gratisskipass morgen und \u00fcbermorgen. Das wird sp\u00e4testens am Samstag sicher voll werden.<\/p>\n<p>Wenn man lang genug sucht, findet man sogar in den Hochpreisskigebieten 1. \u00fcberhaupt Preise f\u00fcr die Saisonstartwochen(enden) und 2. sogar bezahlbarere. Leider sperren aber in Zauchensee die 2 Sektionen 6KSB auf, nicht die 4EUB. Die w\u00e4re mir n\u00e4chste Woche einen Zwischenhalt wert gewesen. Schade. <\/p>\n<p>Auch dr\u00fcben in Flachau\/Wagrein\/StJohann sind haupts\u00e4chlich moderne Nerv-KSBen in Betrieb. <\/p>\n<p>Und weil in Hinterstoder voraussichtlich auch nur die 6KSB aufmacht .. bleib ich wohl lieber noch ein paar Tage hier in Schnals. Hochficht w\u00fcrde auch aufsperren, mit der EUB. Ist aber ja nochmals weiter weg, da wollte ich eher nur 1x die Saison hinfahren.<\/p>\n<p>Abends kam der Sturm ins Tal, der blieb die Nacht \u00fcber bis am n\u00e4chsten Tag die Sonne aufging.<\/p>\n<p><strong>Fr, 29.11.2024<\/strong><\/p>\n<p>Lazaun-EUB sperrte auf, die &#8220;Rennpiste&#8221; war laut Website aber gesperrt und ich sah ein Training dort. War dann aber weg, bis ich oben war.<\/p>\n<p>Bis 16 Uhr hab ich den Stellplatz ja noch zur Verf\u00fcgung, bis dahin m\u00fcsste ich also entweder weg oder verl\u00e4ngern. Also musste ich &#8211; auch wegen eventueller Black-Friday-Rabatte &#8211; davor noch 1-2 St\u00fcndchen im Internet recherchieren.<\/p>\n<p>Einen Teil machte ich zu Mittag, aber bevor die Sonne am Lazaun weg ist, ging ich lieber doch den noch etwas weiteren Weg dort hin. In Italien leider nix lohnenswertes zu lohnenswerten Preisen. Folgaria w\u00e4r unter 40 \u20ac f\u00fcr dieses WE, aber da hatte es oben ja 1 oder 2 fu\u00dfrasterlose 4SB. Madonna dC macht etwas mehr auf, verlangt aber nun 50 \u20ac. Tonale auch \u00fcber 40 und wenig offen (nur am Pass, noch nicht mal der Gletscherbereich!). In den Bergamasker\/Orobie macht Borno auf, angeblich mit allen 3 Sektionen 4SB und jeweils einer Abfahrt. Das w\u00e4r schon lohnenswerter, aber da ist mir der Fahrweg zu umst\u00e4ndlich weit hin (200km via Tonalepass). Oder eben Livigno, knapp 100km weniger, daf\u00fcr Mauttunnel &#8211; und ab Sonntag Wintertarif.<\/p>\n<p>Um 11:45 startete ich an der Lazaun-EUB. Eine Runde rauf und runter dauert weniger als 10min, da hat man ja gar keine Zeit zum Planen in der Gondel, k\u00f6nnte man die nicht langsamer laufen lassen?! F\u00e4hrt auch sehr unruhig \u00fcber die St\u00fctzen.<\/p>\n<p>Jedenfalls bemerkt, dass mir das mehrmalige EUB fahren hintereinander mit dem oftmaligen Skiabschnallen und der so kurzen Bergfahrt nicht taugt. Der eisige und ja etwas verregnete Kunstschnee verglichen mit  dem Schnee am Gletscher kommt noch negeativ dazu.<\/p>\n<p><a href='http:\/\/ski.inmontanis.info\/d\/332883-2\/DSC09471.jpg'><img src=http:\/\/ski.inmontanis.info\/d\/332882-3\/DSC09471.jpg \/><\/a><br \/>\n^ 10EUB Lazaun, heute erster Betriebstag der Saison<\/p>\n<p><a href='http:\/\/ski.inmontanis.info\/d\/332887-2\/DSC09472.jpg'><img src=http:\/\/ski.inmontanis.info\/d\/332886-3\/DSC09472.jpg \/><\/a><br \/>\n^ Abfahrt 10EUB Lazaun vs. PB-Talabfahrt<\/p>\n<p>Nach ca. 1h wurde es eh schon schattig und ich fuhr zum noch sonnigen Glocken-SL r\u00fcber, wo ich es l\u00e4nger aushielt, weil Schnee besser war und Sonne schien. Um kurz vor 14:00  zog der Schatten vom Tal rauf und ich h\u00f6rte dann auf. Schattig sein wird&#8217;s auf den Nordh\u00e4ngen in Borno vermutlich auch.<\/p>\n<p><a href='http:\/\/ski.inmontanis.info\/d\/332891-2\/DSC09473.jpg'><img src=http:\/\/ski.inmontanis.info\/d\/332890-3\/DSC09473.jpg \/><\/a><br \/>\n^ SL Glocken und PB-Talabfahrt<\/p>\n<p><a href='http:\/\/ski.inmontanis.info\/d\/332895-2\/DSC09474.jpg'><img src=http:\/\/ski.inmontanis.info\/d\/332894-3\/DSC09474.jpg \/><\/a><br \/>\n^ SL Glocken<\/p>\n<p><a href='http:\/\/ski.inmontanis.info\/d\/332899-2\/DSC09476.jpg'><img src=http:\/\/ski.inmontanis.info\/d\/332898-3\/DSC09476.jpg \/><\/a><br \/>\n^ .. ich fuhr einfach jede Pistenraupenspur einmal ab, soweit sie sichtbar war &#8211; da hatte ich einiges zu tun<\/p>\n<p><a href='http:\/\/ski.inmontanis.info\/d\/332903-2\/DSC09478.jpg'><img src=http:\/\/ski.inmontanis.info\/d\/332902-3\/DSC09478.jpg \/><\/a><br \/>\n^ An der PB-Talabfahrt sah man heute mehrmals Leute runterfahren &#8211; vermutlich eher Tourengeher<\/p>\n<p>Danach nochmals geschaut, ob im Trentino oder Lombardei was aufmacht .. Aprica macht auf um 25 \u20ac, aber nur mit der (mittleren) 6EUB als Zubringer und dar\u00fcber der 4SB. Lagorai\/Brocon macht auf und verlangt 30,- f\u00fcr die TK f\u00fcr ca. 2 Pisten. Bormio und Santa Caterina haben verschoben.  Die Dolomiti-Superski-Gebiete (sowie St. Moritz &#038; Co) sind f\u00fcr mich nat\u00fcrlich jenseits von Gut und B\u00f6se, was Skipasspreise anbelangt. Sofern man mal welche findet.<\/p>\n<p>Tja &#8211; w\u00e4re also maximal Borno f\u00fcr mich interessant &#8211; und da k\u00e4me mal wieder die Frage dazu, ob man sich eine Keycard um 2,- \u20ac kaufen muss, falls sie keine fremden (und auch meine alte Lombardei-Saisonkarte nicht) akzeptieren sollten. Das wurde in letzter Zeit ja immer schlimmer in Italien. Preise f\u00fcr dieses WE gibts auch keine, aber im Onlineshop gibt es Black Friday Tageskarten (wahlfrei) um 25,- \u20ac!<\/p>\n<p>Die Keycardnummer vom Lombardeiskipass w\u00fcrde sogar funktionieren &#8211; au\u00dfer es w\u00e4re vor Ort noch g\u00fcnstiger.<\/p>\n<p>Tja was machen &#8230;<\/p>\n<p>Ich \u00fcberlie\u00df die Entscheidung einer anderen Gewalt und versuchte, den Platz hier nochmals f\u00fcr 1 Tag online zu verl\u00e4ngern, aber die Behahlung online hat wieder 2x nicht fuhnktioniert &#8211; diesmal mit dem richtigen 3-stelligen Code. Und den weiten Weg zur Kasse wollte ich nicht raufgehen. Also schnell zusammengepackt und kurz vor 16 Uhr rausgefahren.<\/p>\n<p>Gut, dass die Black-Friday-Woche bei Amazon noch bis 2.12. gilt, weil heute h\u00e4tte ich ja noch etwas weniger Zeit. \u00dcbrs Ultental fuhr ich richtung Tonale, mittlerweile dunkel und am Zweifeln, ob das schon die richtige Entscheidung war. Nach 18 Uhr hatte ich einen Nachtplatz angefahren, der relativ schr\u00e4g ist. Ob er halbwegs ruhig sein wird, wird sich zeigen (ja, war er), einige andere Wohnmobile und Camper standen auch da. <\/p>\n<p>Einige meiner Fensterschaumstoffe sind so extrem geschrumpft, dass sie nicht mehr halten, die blau\/grauen halten noch gerade, aber die 2 gr\u00fcnen, die ich evtl vor einem Jahr oder so gekauft hatte, weil die anderen geschrumpft waren, halten gar nicht. \u00dcberhaupt nicht. Da fehlen 1-2 cm?? Die hatten doch gestern Abend noch gehalten ?? Ich kapier das nicht.<\/p>\n<p>Vom einen hatte ich noch den alten Ersatz dabei, der ist noch problemlos (die offenporigen scheinen nicht zu schrumpfen). Der andere musste mit Resten vergr\u00f6\u00dfert werden.<\/p>\n<p>Morgen dann Borno oder Tonale, weil ich eh vorbei fahr? Oder \u00fcbermorgen Tonale? Tonale k\u00e4me preislich wohl nur eine 3 oder 4 oder maximal 5 &#8211; Stundenkarte in Frage (3h 33,- 4h 37,- 5h 41,- TK 43,-) &#8211; was bei dem momentanen Angebot eh reichen w\u00fcrde. Allerdings muss ich erst noch vergleichen, welche Lifte offen sind, nicht dass da nur moderne Nerv-KSBen offen w\u00e4ren.<\/p>\n<p>Ergebnis: W\u00e4r gar nicht mal so uninteressant zum Saisonstart. Einige l\u00e4ngere 4KSBen sind in Betrieb, einige bescheuerte 6er Sessel, aber auch die EUB von P.d.Legno mit der Abfahrt bis zur Mittelstation, an die ich mich nicht mehr erinnern kann. Trotzdem soll wohl der Skibus f\u00fcr eine Verbindung der &#8220;beiden Seiten&#8221; am Pass in Betrieb sein &#8211; also fraglich, ob man auf Skiern wechseln kann. Vorteil: S\u00fcdseite = Sonne. Au\u00dfer die rechte obere 4KSB, die ist laut Webcam oben wohl ganztags im Schatten.<\/p>\n<p>Bin noch etliche Skigebiete durchgegangen, aber in AT und CH scheinen die Black-Friday-Rabatte bei den Skigebieten noch nicht so angekommen zu sein. In Italien findet man ja immer wieder mal welche. Aber nichts, was ich h\u00e4tte kaufen wollen.<\/p>\n<p>Also probierte ich, wenigstens den Black-Friday-Skipass in Borno zu kaufen .. gleicher Zahlungsdienstleister &#8220;nexi&#8221; wie der Stellplatz in Schnals. Aber diesmal kam kein 3d-Secure-Zeug und der Kauf hat funktioniert. Dann bin ich ja mal gespannt, ob die Keycard funktioniert (es wurde ja explizit weder eine Skidata- noch eine Axess-Nummer akzeptiert, wohl aber die eigenartige Multi-System-Skidata-Axess-Alfi-Nummer von der Lombardeikarte.  25,- \u20ac kostete der Skipass jetzt. Normalpreis Tageskarte 36,- Hochsaison bzw. 33,- Nebensaison (in den kleinen Gebieten Italiens sind ja normalerweise die Wochenenden immer Hochsaison, aber zum Start wurden verg\u00fcnstigte Tarife angek\u00fcndigt).<\/p>\n<p>Jedenfalls w\u00e4r dann n\u00e4chste Woche nochmal einige Tage Schnalstal geplant, weil vmtl. interessanter + besserer Schnee als Hintertsoder + die Fahrt dorthin w\u00e4re, falls kein Zwischenziel, am WE sinnvoller.<\/p>\n<p>&#8212;<\/p>\n<p>2 lesenswerte Kopfsch\u00fcttel-Artikel zum deutschen (Un-) Wirtschaftsminister:<br \/>\n<a href='https:\/\/www.nachdenkseiten.de\/?p=125250'>https:\/\/www.nachdenkseiten.de\/?p=125250<\/a><br \/>\n<a href='https:\/\/www.nachdenkseiten.de\/?p=125123'>https:\/\/www.nachdenkseiten.de\/?p=125123<\/a><\/p>\n","protected":false},"excerpt":{"rendered":"<p>Di, 26.11.2024<\/p>\n<p>Morgens leichter Schneefall und die Gipfel in Wolken, soll nachmittags etwas besser werden &#8211; diese Reihenfolge soll mir ja recht sein. Trotzdem etwas mehr Zeit gelassen und um 11:45 rauf, da sind schon etliche Rennfahrer runtergekommen.<\/p>\n<p>Testweise heute mal nur einen Stecken dabei (zur Schonung des rechten Arms) &#8211; auch die n\u00e4chsten Tage. <a href=\"http:\/\/blog.inmontanis.info\/?p=10450\">[&#8230;]<\/a><\/p>\n","protected":false},"author":1,"featured_media":10452,"comment_status":"closed","ping_status":"closed","sticky":false,"template":"","format":"standard","meta":{"footnotes":""},"categories":[15,397,27],"tags":[72,52,47],"class_list":["post-10450","post","type-post","status-publish","format-standard","has-post-thumbnail","hentry","category-italienitaly","category-schnalstal","category-skifahren-winterskiing-winter","tag-10eub","tag-pb","tag-sl","odd"],"_links":{"self":[{"href":"http:\/\/blog.inmontanis.info\/index.php?rest_route=\/wp\/v2\/posts\/10450","targetHints":{"allow":["GET"]}}],"collection":[{"href":"http:\/\/blog.inmontanis.info\/index.php?rest_route=\/wp\/v2\/posts"}],"about":[{"href":"http:\/\/blog.inmontanis.info\/index.php?rest_route=\/wp\/v2\/types\/post"}],"author":[{"embeddable":true,"href":"http:\/\/blog.inmontanis.info\/index.php?rest_route=\/wp\/v2\/users\/1"}],"replies":[{"embeddable":true,"href":"http:\/\/blog.inmontanis.info\/index.php?rest_route=%2Fwp%2Fv2%2Fcomments&post=10450"}],"version-history":[{"count":2,"href":"http:\/\/blog.inmontanis.info\/index.php?rest_route=\/wp\/v2\/posts\/10450\/revisions"}],"predecessor-version":[{"id":10453,"href":"http:\/\/blog.inmontanis.info\/index.php?rest_route=\/wp\/v2\/posts\/10450\/revisions\/10453"}],"wp:featuredmedia":[{"embeddable":true,"href":"http:\/\/blog.inmontanis.info\/index.php?rest_route=\/wp\/v2\/media\/10452"}],"wp:attachment":[{"href":"http:\/\/blog.inmontanis.info\/index.php?rest_route=%2Fwp%2Fv2%2Fmedia&parent=10450"}],"wp:term":[{"taxonomy":"category","embeddable":true,"href":"http:\/\/blog.inmontanis.info\/index.php?rest_route=%2Fwp%2Fv2%2Fcategories&post=10450"},{"taxonomy":"post_tag","embeddable":true,"href":"http:\/\/blog.inmontanis.info\/index.php?rest_route=%2Fwp%2Fv2%2Ftags&post=10450"}],"curies":[{"name":"wp","href":"https:\/\/api.w.org\/{rel}","templated":true}]}}