{"id":10443,"date":"2024-11-25T20:11:09","date_gmt":"2024-11-25T19:11:09","guid":{"rendered":"http:\/\/blog.inmontanis.info\/?p=10443"},"modified":"2024-11-25T20:11:09","modified_gmt":"2024-11-25T19:11:09","slug":"schnalstaler-gletscher-23-25-11-2024-tage-davor","status":"publish","type":"post","link":"http:\/\/blog.inmontanis.info\/?p=10443","title":{"rendered":"Schnalstaler Gletscher, 23.-25.11.2024 (+ Tage davor)"},"content":{"rendered":"<p><strong>So, 17.11.2024<\/strong><\/p>\n<p>Endlich Backups gemacht und nach \u00fcber 1 Jahr mal wieder Updates installiert (1 GB). Den eventuellen \u00c4rger, wenn danach was nicht geht und man nach einer Behebung suchen muss, will man unterwegs einfach nicht haben. Wobei es eigentlich nur ein kleines Update war, da meine Linux-\/Ubuntu-Version bald nicht mehr unterst\u00fctzt wird, d.h. n\u00e4chsten Sommer muss ich ein gr\u00f6\u00dferes Update installieren, da k\u00f6nnten dann schon eher Sachen nicht mehr so laufen oder aussehen wie gew\u00fcnscht.<\/p>\n<p>Au\u00dferdem Fenster geputzt, auch wenn sie danch nicht sonderlich viel sauberer waren ;) <\/p>\n<p>Ich hatte letztes Jahr meinen alten Intel NUC als &#8220;Stromspar-Alternativ-PC&#8221; ins Auto mit eingebaut und auch als Backup-PC, falls mein neuerer NUC mal kaputt gehen sollte. Sonderlich h\u00e4ufig hatte ich ihn nicht in Betrieb, da ich die Fotos dort nicht bearbeiten konnte (weil die gro\u00dfe SSD im neuen NUC ist). Im fr\u00fchen Sommer st\u00fcrtzte er dann nach wenigen Minuten regelm\u00e4\u00dfig ab, was ich nicht weiter nachgeschaut hatte.<\/p>\n<p>Zum Videoschauen von Prime lad ich die Videos ja immer in der Android-App runter, weil das wesentlich weniger Datenvolumen braucht, als wenn man es streamen w\u00fcrde (das gilt dann auch f\u00fcr daheim), oder die Internetverbindung zum streamen zu langsam ist (das gilt eher unterwegs); d.h. wenn ich nicht direkt vom Handy anschau, sondern Leinwand und Projektor im Auto aufbau (oder eben daheim bin), st\u00f6psel ich HDMI-Kabel ins Handy. <\/p>\n<p>Dabei gibts 2 Probleme, erstens geht jedes USB-C-HDMI-Kabel nach weniger als einer Reise kaputt; alternativ nehm ich dann einen USB-C-Hub mit HDMI. Zweitens geht auch nicht jedes USB-C-HDMI-Kabel und drittens kann das f\u00fcr den USB-Port am Handy, den man auch zum Laden verwendet, nicht gesund sein und viertens dass ich irgendwann kein Amazon-Prime-Video-App-Update mehr machen konnte, weil es via HDMI keine Bildausgabe mehr gab und die Downloads zudem gr\u00f6\u00dfer waren. Wobei ich das nun seit damals nicht mehr probiert hatte. Auch das Anschauen eines abgespeicherten MP4-Files muss ich derzeit via Handy machen.<\/p>\n<p>Vor wenigen Jahren hatte ich mir mal diesen Xiaomi-Android-TV-Stick gekauft, wo es aber kein Download in der Prime-App gibt und wo man nicht so einfach die MP4-Dateien abspielen kann, weil kein zus\u00e4tzlicher USB-Port, weil kein SD-Card-Slot, weil Stick am PC nicht als Datenspeicher erkannt wird &#8211; gibt nur diverse, wenige Sync-Software im Android-TV-Store, weil eben Android-TV so sinnloserweise beschr\u00e4nkt ist und meine derzeitige Syncl\u00f6sung ist da nicht dabei.<\/p>\n<p>Alternativerweise Hardware-Mediaplayer-Boxen gibts gar nicht mehr so viel und kosten dann auch um die 40-50 \u20ac, haben ggf. ihre eigenen Netzteile. Eine Mediaplayerbox mit richtigem Android wie auf dem Handy (wg. der App-Problematik oben) w\u00e4r mir in letzter Zeit auch nicht mehr untergekommen. <\/p>\n<p>Mein Stick k\u00f6nnte auch Bildschirm-Streamen vertragen (Miracast, Chromecast), auch das w\u00fcrde vom Handy aus funktionieren, aber nat\u00fcrlich nicht mit der Prime VIdeo App oder wenn, dann &#8220;sie haben das Video downgeloadet, aber beim Ansehen auf einem anderen Ger\u00e4t wird der Film \u00fcbers Internet gestreamt&#8221; &#8211; ein Bl\u00f6dsinn^3 mal wieder.<\/p>\n<p>Noch eine Alternative w\u00e4re, dass ich beide Grundprobleme, also die Videostreamproblematik und den Stromspar-ZweitPC kombiniere mit einem g\u00fcnstigen, kleinen, stromsparenden Windows11 (oder Windows10) &#8211; PC, denn mit der Prime-App unter Windows 10\/11 sollte man ebenfalls Filme downloaden k\u00f6nnen und dann sollte das Filmschauen vom PC, am Projektor angeschlossen, ja wohl funktionieren, wenn nat\u00fcrlich auch mehr Strom verbraucht werden w\u00fcrde als beim Anschauen vom Handy, so ein Handy braucht ja trotzdem weniger Strom.<\/p>\n<p>Derartige Mini-PCs gibts bei Amazon f\u00fcr knapp \u00fcber 100 \u20ac und mit einer etwas sinnvolleren Ausstattung, was RAM und SSD angeht, w\u00e4r man bei 150-180 \u20ac. Empfehlenswert scheint da momentan der Intel N100 zu sein, weil stromsparend und g\u00fcnstig und schnell (wobei, halb so schnell wie mein alter NUC, vom Benchmark her). Ob bei dem Preis die Windows-Lizenz sooo legal ist &#8230;?!<\/p>\n<p>Anstatt also meine Sachen zu packen, hab ich heut eben nach solchen PCs geschaut. 150 \u20ac w\u00e4ren, w\u00fcrde alles wie gew\u00fcnscht laufen, ja keine allzugro\u00dfe Ausgabe, dennoch z\u00f6gere ich noch etwas. Eben weil der Stromverbrauch ja doch h\u00f6her sein wird als vom Handy aus. Und weil die Downloadgr\u00f6\u00dfen in der damals aktuelleren Prime-App eben auch h\u00f6her waren. Und wer wei\u00df, ob die neueren Prime-Apps nicht mehr Werbung drin haben, da hab ich momentan halt gar nichts und solang Amazon den Zugriff mit der alten App nur bei bestimmten aktuellen Filmen abdreht (die kann ich nicht downloaden) &#8230; Laut Websuche sollten die Downloads jedenfalls auch in den aktuelleren Versionen noch werbefrei sein. Aber wie lang das noch sein wird?!  Zudem hab ich eigentlich kaum Zeit diese Woche, das System ordentlich zu installieren+anzupassen<\/p>\n<p>Entscheidung vertagt.<\/p>\n<p><strong>Mo, 18.11.2024<\/strong><\/p>\n<p>W\u00e4hrend sich meine Rippenprellung verbessert (kann schon wieder etwas auf der linken Seite schlafen), wird mein &#8220;Tennisarm&#8221; (oder was es ist) leider wieder schlechter, einerseits durch das viele Tragen in letzter Zeit, aber auch durch die verst\u00e4rkte PC-Benutzung und dem gr\u00f6\u00dferen Monitor (ich verwende ja nur Stift-Monitore), sowie Hausarbeit, Kochen, &#8230; vielleicht sollte ich den rechten Stecken beim Skifahren die n\u00e4chsten Monate ganz weglassen&#8230;<\/p>\n<p>Die ersten Sachen hab ich nun wieder ins Auto getragen, wieder jeden Tag ein bisschen was, wobei das Wetter ja nun schlechter wird und es jeden Tag etwas schneien k\u00f6nnte.<\/p>\n<p>Ich wollte ja meine Ersatzteil&#038;Co-Kartons etwas verschlanken, aber was l\u00e4sst man dann wirklich daheim?<br \/>\nTja, viel hab ich nicht raus und jedenfalls nicht genug, um irgendeinen Karton weniger zu haben.<\/p>\n<p>Anstehen tut auch noch die Reparatur diverser Therm-IC-Schuhheizdinge, Kabel von Netzteil und\/oder Sohle, was letzten Winter alles kaputt ging, eine \u00d6se in meinem Verdunklungsvorhang ersetzen, Ski wachsen und L\u00f6cher stopfen, Kleidung raussuchen, &#8230; alles Dinge, worauf ich keine Lust hab ;)<\/p>\n<p>Was den Kalender angeht .. Luosto war von den 4 Lappland-Resorts-Saisonkarte ja eigentlich mein ungeliebtestes, aber ich hatte einige tolle Fototage dort und es wird schwer werden, nicht mindestens 3 Fotos davon in den Kalender zu nehmen. Und obwohl mir Schweden das liebste der 3 L\u00e4nder ist, auch von den Skigebieten im Allgemeinen, waren die Skigebiete in Norwegen und Finnland letzte Saison einfach fotogener.<\/p>\n<p>\u00dcbrigens, die in Belgien gekaufte B\u00e9arnaise-So\u00dfe schmeckt wesentlich senfiger als die aus Schweden.<\/p>\n<p><strong>Di, 19.11.2024<\/strong><\/p>\n<p>Update vom Schnalstaler:<br \/>\n&#8211; Ab Samstag 23.11. wird die DSB Hintereis in Betrieb gehen = sehr sch\u00f6n<br \/>\n&#8211; ab 29.11. wird die Lazaun-EUB und die \u00dcbungslifte im Tal in Betrieb gehen = nicht so sch\u00f6n, denn das hie\u00dfe ja, dass die anderen Lifte samt Talabfahrt vom Gletscher wohl doch noch nicht am 29.11. \u00f6ffnen werden k\u00f6nnen? Ja, Roter Kofel wurde auf 7.12. und Teufelsegg auf 21.12. verschoben.<br \/>\n&#8211; zudem nun auch das Saisonende konkretisiert, Lazaun + RoterKofel bis 21.4., also nix mit Vollbetrieb vom 29.11. bis Saisonende 4.5.. Roter Kofel sollte der untere (Talabfahrt) und Teufelsegg der obere Sessel sein.<\/p>\n<p>Egal, wichtig ist Hintereis n\u00e4chste Woche, d.h. eine sch\u00f6ne, sonnige DSB zus\u00e4tzlich zu den Gletscherpisten. Dann h\u00e4tt ich fast Lust, am Freitag schon abzufahren, um am Samstag bereits Ski zu fahren. Wenn ich fertig werde&#8230;<\/p>\n<p>Derweil Webserver gebackupped und nach \u00fcber 1.000 Tagen mal neu gestartet. <\/p>\n<p>Madonna di Campiglio sperrt am WE auch auf, Tageskarte laut Webshop 28,-. Liegt aber ja nicht ganz auf dem Weg ins Schnalstal, wenn auch nicht so weit weg.  Mangels Naturschnee wird aber vermutlich nicht viel gehen. Und SL+DSB (Schnalstal) sind mir nat\u00fcrlich sympathischer, erst recht, wenn ich nix f\u00fcr zahlen muss. Wobei die 28,- nat\u00fcrlich schon OK w\u00e4ren.  Sicher g\u00fcnstiger und sinnvoller als am Tonale (falls offen). Wobei unbekannt, ob Preis dynamisch und vor Ort anders ist, zudem wohl noch Parkgeb\u00fchren dazu kommen. Die weiteren offenen Skigebiete  bedeuten hoffentlich auch etwas weniger Andrang im Schnalstal an den WE.<\/p>\n<p>Auch einige andere Skigebiete zB in AT (und auch CH) sollen am WE aufsperren. Aber vermutlich nichts, was mich reizen w\u00fcrde und\/oder sinnvoll bepreist und anfahrbar w\u00e4re.<\/p>\n<p><strong>Mi, 20.11.2024<\/strong><\/p>\n<p>Der Tag begann mit Schneefall. Hoffentlich kommt da der Postler heut. Ja, kam, wenn auch ein anderer und etwas versp\u00e4tet. <\/p>\n<p><a href='http:\/\/ski.inmontanis.info\/d\/332615-3\/DSC09247.jpg'><img src=http:\/\/ski.inmontanis.info\/d\/332614-4\/DSC09247.jpg \/><\/a><br \/>\n^ Wintereinbruch auf der Koralpe<\/p>\n<p>Am Freitag meldet Bergfex am Schnalstaler -18\u00b0 und Schneefall. Also Ankunft meinerseits fr\u00fchestens am Samstag sinnvoll. Ab da wird sonnig gemeldet. Und ab Mittag auch wieder weniger kalt.<\/p>\n<p>Ansonsten? Kalender heute gemacht. <\/p>\n<p><strong>Do, 21.11.2024<\/strong><\/p>\n<p>Mit 4 T\u00fcten in 2 H\u00e4nden vollgepackt gings heute zum Auto, das nicht nur etwas Schnee, sondern unterm Schnee auch eine dicke Eisschicht hatte :( Also gleich mal etwas gekratzt, aber nicht vollst\u00e4ndig, da auch f\u00fcr heut Nacht noch mehr Schnee gemeldet wird.<\/p>\n<p>Vermutlich werd ich morgen mind. noch 2x gehen m\u00fcssen. Plus Ski\/Keller.<\/p>\n<p>Da ich morgen Abend wohl noch in K\u00e4rnten \u00fcbernachten m\u00f6chte, was dann nur ca. 3 Stunden Fahrt sein soll, werd ich&#8217;s morgen Mittag nicht zu stressig haben und wohl auch nicht in der Dunkelheit fahren m\u00fcssen. Daf\u00fcr werd ich am Samstag Vormittag noch ca. 4 Stunden bis zum Schnalstaler fahren m\u00fcssen. (Die WE-\u00d6ffnung in Hinterstoder wurde wohl abgesagt mangels Schnee, aber bis zur geplanten t\u00e4glichen \u00d6ffnung ab 1.12. sollten sie wohl genug bekommen und beschneien werden k\u00f6nnen.)<\/p>\n<p>Der Luftentfeuchter l\u00e4uft am letzten Tag (und dann morgen) nat\u00fcrlich etwas intensiver; da ich zudem m\u00f6glichst wenig Feuchtigkeit erzeugen m\u00f6chte, gibts morgen Mittag die restlichen Schnitzelchen auf Toast (dann brauch ich nix absp\u00fclen), somit ich die heutigen Schnitzelchen mit ca. doppelt so viel Pommes als zuletzt (=was halt auf einen viertel Bogen Backpapier plus 2 kleine Schnitzel draufpasst) machen musste.<\/p>\n<p>Ich hab ja noch keine Ahnung, wie oft ich diesen Winter daheim sein will, aber bei dem ganzen Aufwand .. wo noch dazu PC-Aus- und -Einbauen dazu kommt .. wird das wohl selten sein.<\/p>\n<p>Was ich diesmal also wieder mitnehme anstelle Elektrokochtopf und Grilltoaster ist die Induktionskochplatte plus Topf plus Pfanne. Zumindest in den n\u00e4chsten Monaten, wo ich voraussichtlich recht h\u00e4ufig an Campingpl\u00e4tzen\/Stellpl\u00e4tzen mit Strom stehen werde.<\/p>\n<p><strong>Fr, 22.11.2024<\/strong><\/p>\n<p>Ich war jetzt quasi 16  ganze Tage daheim. Sollte ich heuer nicht noch einmal her kommen, bedeutet das auch, dass ich im Kalenderjahr 2024 nur f\u00fcr ca. 16 3\/4 Tage in meiner Wohnung war, das w\u00e4re dann genau 1 Nacht weniger  als direkt davor die Zeit bei meiner Mutter. Auch interessant. <\/p>\n<p>Oder noch anders: 35 N\u00e4chte hatte ich jetzt nicht im Auto geschlafen. Und gleich die erste k\u00f6nnte recht kalt werden mit mittleren, einstelligen Minustemperaturen.<\/p>\n<p>Wie schon vor 2 Jahren werd ich diese Saison aber nicht als &#8220;Langzeitreise&#8221; betiteln oder die Tage z\u00e4hlen.<\/p>\n<p>Man k\u00f6nnte die Tage bis zum Saisonende z\u00e4hlen, das ich ja mit dem geplanten Saisonende am M\u00f6lltaler am 8.6. festlegen w\u00fcrde, da mir die Fahrt zu den franz\u00f6sischen Gletschern im Juni\/Juli einfach zu weit ist. Dann w\u00e4re morgen hoffentlich der erste von maximal 198 Skitagen. Warum man am M\u00f6lltaler ausgerechnet am Pfingstsonntag (8.6.) schlie\u00dfen will, erschlie\u00dft sich mir ja auch nicht gerade. Aber vielleicht schau ich danach noch 2,5 Tage in Hintertux vorbei. Oder der Gopass f\u00e4llt ins Wasser und ich nehm nochmals die Hintertuxer Sommersaisonkarte. Also ist das mit der 198 Tagez\u00e4hlung doch keine so gute Idee. Zudem ja sowieso einige Tage ins Wasser fallen werden, sp\u00e4testens dann im Mai. <\/p>\n<p>In Klagenfurt und Villach g\u00e4b&#8217;s mittlerweile einen KFC, aber leider beide zentral, also nix f\u00fcr mich beim Vorbeifahren.<\/p>\n<p>Etwas versp\u00e4tet, erst kurz nach 14 Uhr, war ich endlich abfahrbereit.<\/p>\n<p>Hatte ich glaub ich vergessen zu erw\u00e4hnen bei der R\u00fcckfahrt mit den 3 Paar Skiern am Dach, aber ohne Ersatzrad, hat der Dach-\/Skitr\u00e4ger so laut gepfiffen (auch innerhalb Ortschaften bei <50 km\/h), dass es sich f\u00fcr Au\u00dfenstehende wohl so laut angeh\u00f6rt haben muss, als w\u00fcrde ich laufend auf der Hupe sein (au\u00dfer der wesentlich h\u00f6here Ton nat\u00fcrlich) .. \n\nHeute die ersten ca. 10km gar kein Ger\u00e4usch, danach jedenfall auch weniger als vor 2,5 Wochen.\n\n<a href='http:\/\/extra.inmontanis.info\/d\/129314-3\/DSC09250.jpg'><img src=http:\/\/extra.inmontanis.info\/d\/129313-4\/DSC09250.jpg \/><\/a><br \/>\n^ Auch im Tal liegt Schnee<\/p>\n<p><a href='http:\/\/extra.inmontanis.info\/d\/129318-3\/DSC09253.jpg'><img src=http:\/\/extra.inmontanis.info\/d\/129317-4\/DSC09253.jpg \/><\/a><br \/>\n^ Gibt etliche Castle in K\u00e4rnten ;)<\/p>\n<p>Da ich mir ja vor ein paar Wochen die 2-Monats-Vignette nicht gekauft hatte, sondern ab 1.12. die Jahresvignette kaufen wollte, musste ich heute also mal wieder autobahnlos von Wolfsberg bis Spittal fahren (danach f\u00e4hrt man ja eh nicht mehr Autobahn), entsprechend wurde es dunkel, bis ich in Spittal war, wo ich dann einen Supermarkt besuchte.<\/p>\n<p>Somit entschied ich mich f\u00fcr die erste Schlafm\u00f6glichkeit, daher werd ich morgen wohl noch ca. 4,5h fahren m\u00fcssen.<\/p>\n<p>G\u00fcnstigstes Benzin heut auf der Reise w\u00e4r 1,45.. gewesen, aber war ja noch zu voll, dann lieber morgen etwas teurer in Osttirol tanken und sich daf\u00fcr in Italien das noch viel teurere Benzin sparen.<\/p>\n<p>Beim Verr\u00e4umen der Sachen abends hab ich schon festgestellt, dass ich wesentlich weniger dabei hab als letztes Mal, wobei nat\u00fcrlich auch keine Tourenski im &#8220;Keller&#8221; sind wie im Sommer, die waren aber ja letzten Herbst auch nicht dort.<\/p>\n<p>PC-Einbau ist seit den 2 PCs und den doppelt so viel Kabeln auch wesentlich schwieriger, insb. wenn die urspr\u00fcngliche Verkabelung von vor \u00fcber 1 Jahr war, da muss man sich erst durchk\u00e4mpfen, was wohin geh\u00f6rt.<\/p>\n<p>Bergfex meldet nun f\u00fcr morgen am Schnalstaler starken Wind &#8211; da bin ich ja mal gespannt, ob die offen haben werden oder nicht&#8230;  Madonna di Campiglio k\u00f6nnte ich zeitlich evtl. auch ab Mittag anfahren, Sulden und M\u00f6lltal sind mir zu teuer und der kurze SL am Kreuzbergpass ist ja auch unvzersch\u00e4mt  teuer mit seiner italienisch-vollmodellierten Abfahrt. Tageskarte laut Website Vorsaison 45,- (halbtags 36,-), Hauptsaison 50 \u20ac &#8230; teurer wie in der Schweiz!<\/p>\n<p><strong>Sa, 23.11.2024<\/strong><\/p>\n<p>Innenminimum heut Nacht laut Thermometer +4,6\u00b0 &#8211; na mir kams k\u00e4lter vor. Zwischenstopp in Lienz am Interspar, auch wg. WC.<\/p>\n<p><a href='http:\/\/ski.inmontanis.info\/d\/332619-3\/DSC09260.jpg'><img src=http:\/\/ski.inmontanis.info\/d\/332618-4\/DSC09260.jpg \/><\/a><br \/>\n^ Kronplatz Olanger Seite von der Pustertalstra\u00dfe aus<\/p>\n<p><a href='http:\/\/ski.inmontanis.info\/d\/332623-3\/DSC09263.jpg'><img src=http:\/\/ski.inmontanis.info\/d\/332622-4\/DSC09263.jpg \/><\/a><br \/>\n^ Kronplatz Brunnecker Seite von der Pustertalstra\u00dfe aus<\/p>\n<p>Eigentlich sollte man sich ja Gro\u00dfraumsaisonkarten f\u00fcr die teureren Skigebiete kaufen, die man sonst nicht besuchen w\u00fcrde, weil sie einem zu teuer sind &#8211; also z.B. Dolomiti Superski oder die Tiroler oder die Salzburger, aber fraglich halt, ob mir diese Skigebiete noch gefallen?! <\/p>\n<p>Ein Check auf der Webcam um 10 Uhr nahe Ende Pustertal best\u00e4tigte einen offenen Schnalstaler Gletscher, also dort hin.<\/p>\n<p><a href='http:\/\/extra.inmontanis.info\/d\/129322-3\/DSC09269.jpg'><img src=http:\/\/extra.inmontanis.info\/d\/129321-4\/DSC09269.jpg \/><\/a><br \/>\n^ Lana \/ Skigebiet Vigiljoch, heuer wieder offen (glaub vor 2 Jahren wars zu wegen PB-Neubau oder so), w\u00fcrd ich mal wieder fahren wollen mit dem ESL und den beiden kurzen SL<\/p>\n<p><a href='http:\/\/extra.inmontanis.info\/d\/129326-3\/DSC09275.jpg'><img src=http:\/\/extra.inmontanis.info\/d\/129325-4\/DSC09275.jpg \/><\/a><br \/>\n^ <\/p>\n<p><a href='http:\/\/extra.inmontanis.info\/d\/129330-3\/DSC09278.jpg'><img src=http:\/\/extra.inmontanis.info\/d\/129329-4\/DSC09278.jpg \/><\/a><br \/>\n^ <\/p>\n<p><a href='http:\/\/extra.inmontanis.info\/d\/129334-3\/DSC09284.jpg'><img src=http:\/\/extra.inmontanis.info\/d\/129333-4\/DSC09284.jpg \/><\/a><br \/>\n^ Schnalstal<\/p>\n<p><a href='http:\/\/extra.inmontanis.info\/d\/129338-3\/DSC09288.jpg'><img src=http:\/\/extra.inmontanis.info\/d\/129337-4\/DSC09288.jpg \/><\/a><br \/>\n^ Schnalstal am Stauee<\/p>\n<p>Um 12:15 kam ich an den Parkpl\u00e4tzen der Gletscherbahn auf knapp \u00fcber 2000m an. Die Bahn fuhr alle 15min, so dass meine um 12:45 fuhr.<\/p>\n<p>&#128681; Gespeicherte Geolocation &#8211; Karte anzeigen: <a href='https:\/\/www.google.com\/maps\/@?api=1&#038;map_action=map&#038;center=46.7546283,10.782845&#038;zoom=12&#038;basemap=terrain' target=_blank> GoogleMaps<\/a> &#128681; <a href='https:\/\/www.openstreetmap.org\/?&#038;mlat=46.7546283&#038;mlon=10.782845#map=10\/46.7546283\/10.782845&#038;layers=P' target=_blank> OSM &#128681;<\/a><\/p>\n<p>Gut, dass es in letzter Zeit etwas geschneit hat, sonst w\u00e4r der Kunstschnee bzw. Gletscher schon sehr hart; SL Finail Lifttrasse oben und rechte Abfahrt ist auch etwas steinig.  <\/p>\n<p>Die Verbindung Hintereis-Gletschersee ist, wie bef\u00fcrchtet, ein weiter Fuss-\/Schiebeweg. Bei meinen fr\u00fcheren Besuchen konnte ich ja von der Hinteries-DSB via Bellavista-H\u00fctte zur Talabfahrt fahren. <\/p>\n<p><a href='http:\/\/ski.inmontanis.info\/d\/332627-2\/DSC09290.jpg'><img src=http:\/\/ski.inmontanis.info\/d\/332626-3\/DSC09290.jpg \/><\/a><br \/>\n^ Kurzras<\/p>\n<p><a href='http:\/\/ski.inmontanis.info\/d\/332631-2\/DSC09292_001.jpg'><img src=http:\/\/ski.inmontanis.info\/d\/332630-3\/DSC09292_001.jpg \/><\/a><br \/>\n^ Die eigentlich gar noch nicht so alten PB-Kabinen, dahinter EUB Lazaun (soll n\u00e4chstes WE aufgehen)<\/p>\n<p><a href='http:\/\/ski.inmontanis.info\/d\/332635-2\/DSC09293_001.jpg'><img src=http:\/\/ski.inmontanis.info\/d\/332634-3\/DSC09293_001.jpg \/><\/a><br \/>\n^ Die neuen Kabinen sind auch schon kaputt :))<\/p>\n<p><a href='http:\/\/ski.inmontanis.info\/d\/332639-2\/DSC09296_001.jpg'><img src=http:\/\/ski.inmontanis.info\/d\/332638-3\/DSC09296_001.jpg \/><\/a><br \/>\n^ Tallifte, sollen n\u00e4chstes WE aufgehen<\/p>\n<p><a href='http:\/\/ski.inmontanis.info\/d\/332643-2\/DSC09302_001.jpg'><img src=http:\/\/ski.inmontanis.info\/d\/332642-3\/DSC09302_001.jpg \/><\/a><br \/>\n^ Gletscher, die Zufahrt von der 4SB aus ist recht breit, die war auch schon mal schm\u00e4ler (aber da gabs dann ja auch 2 Wege)<\/p>\n<p><a href='http:\/\/ski.inmontanis.info\/d\/332647-2\/DSC09306_001.jpg'><img src=http:\/\/ski.inmontanis.info\/d\/332646-3\/DSC09306_001.jpg \/><\/a><br \/>\n^ 4SB Talstation und Gletscherschwund daneben<\/p>\n<p>Vergleichsbild von 2009:<br \/>\n<img src=http:\/\/ski.inmontanis.info\/d\/101216-3\/P1380724_2.JPG \/><br \/>\nund von 2003:<br \/>\n<img src=http:\/\/ski.inmontanis.info\/d\/101212-3\/06210035_2.JPG \/><\/p>\n<p><a href='http:\/\/ski.inmontanis.info\/d\/332651-2\/DSC09307.jpg'><img src=http:\/\/ski.inmontanis.info\/d\/332650-3\/DSC09307.jpg \/><\/a><br \/>\n^ 4SB &#8211; Abfahrten<\/p>\n<p><a href='http:\/\/ski.inmontanis.info\/d\/332655-2\/DSC09309_001.jpg'><img src=http:\/\/ski.inmontanis.info\/d\/332654-3\/DSC09309_001.jpg \/><\/a><br \/>\n^ .. von der \u00e4u\u00dferen Abfahrt aus (und auch vom SL Finail) kommt man aber nicht mehr vern\u00fcnftig zur 4SB-Talstation<\/p>\n<p><a href='http:\/\/ski.inmontanis.info\/d\/332659-2\/DSC09311_001.jpg'><img src=http:\/\/ski.inmontanis.info\/d\/332658-3\/DSC09311_001.jpg \/><\/a><br \/>\n^ SL Finail<\/p>\n<p><a href='http:\/\/ski.inmontanis.info\/d\/332663-2\/DSC09312_001.jpg'><img src=http:\/\/ski.inmontanis.info\/d\/332662-3\/DSC09312_001.jpg \/><\/a><br \/>\n^ Starthang Gletschersee-Abfahrt, hatte mir die Tage am besten gefallen. Gletscherschmelze erinnert hier zudem an Kaunertal-Parkplatz und SL N\u00f6rderjoch 1.<\/p>\n<p><a href='http:\/\/ski.inmontanis.info\/d\/332667-2\/DSC09314_001.jpg'><img src=http:\/\/ski.inmontanis.info\/d\/332666-3\/DSC09314_001.jpg \/><\/a><br \/>\n^ SL Finail. Mal gespannt, ob im Fr\u00fchjahr dann wieder nur der andere SL in Betrieb ist<\/p>\n<p><a href='http:\/\/ski.inmontanis.info\/d\/332671-2\/DSC09315_001.jpg'><img src=http:\/\/ski.inmontanis.info\/d\/332670-3\/DSC09315_001.jpg \/><\/a><br \/>\n^ SL Finail, rechte Abfahrt oben ist etwas steinig. Hat was von SL-N\u00f6rderjoch-1 mittlerweile<\/p>\n<p>2x Finail, 2x Hintereis gefahren, mittlerweile 14:00 und bedeckt geworden, daher rauf zur Grawand gefahren und Mittagsp\u00e4uschen eingelegt, zudem musste ich ja noch den Nachtplatz buchen.<\/p>\n<p>Gebucht wird \u00fcber skiperformance.com, also die Seite, wo man auch etliche Skip\u00e4sse kaufen kann, da sollte ich ja ein Konto haben, nur wo ist das Passwort..<\/p>\n<p>.. Passw\u00f6rter hatte ich gefunden, aber die Bezahlung funktionierte leider trotzdem nicht, die 3d-Secure-Seite brachte   keine Fehler, aber es kam dann eine EMail vom italienischen Zahlungsdienstleister, dass die Zahlung &#8220;nicht genehmigt sei&#8221; &#8230;<\/p>\n<p>An der Hotelrezeption nachgefragt, sie k\u00f6nnen es hier oben nicht machen, aber unten ginge es, soll bis 1630 da sein, aber lieber gleich runter gefahren. Insbesondere der rechte Skischuh dr\u00fcckte heute sowieso sehr stark im oberen Wadenbereich, war ein Fehler, den Sommer nicht Ski gefahren zu sein, da haben sich meine Waden wieder umgeformt ;)<\/p>\n<p>Beim Rausgehen wurde dann noch der Reissverschluss von der Skijacke kaputt &#8211; also der Schieber brach ab oder wie man das nennt, m\u00fcsste man also ein Ringlein einf\u00e4deln oder ich zieh derweil die andere Skijacke an.<\/p>\n<p>An der Kasse dann den Stellplatz bezahlt und gesehen, wo mein Problem war: die 3-stellige Pr\u00fcfziffer war falsch. Keine Ahnung, warum ich da nicht kontrolliert hab &#8211; und warum dann \u00fcberhaupt 3D-Secure und SMS-TAN kommt, wenn man schon im Schritt zuvor die Daten falsch eingetragen hat&#8230;<\/p>\n<p><a href='http:\/\/ski.inmontanis.info\/d\/332675-2\/DSC09323.jpg'><img src=http:\/\/ski.inmontanis.info\/d\/332674-3\/DSC09323.jpg \/><\/a><br \/>\n^ PB-Talstation, Parkpl\u00e4tze und Wohnmobilstellplatz links auf der anderen Stra\u00dfenseite. Und Lazaun-EUB-Talstation<\/p>\n<p><a href='http:\/\/ski.inmontanis.info\/d\/332679-2\/DSC09324.jpg'><img src=http:\/\/ski.inmontanis.info\/d\/332678-3\/DSC09324.jpg \/><\/a><br \/>\n^ Neue PB, das Geb\u00e4ude rechts ist noch nicht fertig und der Aufzug an der PB auch noch nicht<\/p>\n<p><a href='http:\/\/ski.inmontanis.info\/d\/332683-2\/DSC09328.jpg'><img src=http:\/\/ski.inmontanis.info\/d\/332682-3\/DSC09328.jpg \/><\/a><br \/>\n^ Am Rand vom Stellplatz mit Blick zum hier leider nicht zu querenden Fluss und Talstation Lazaun. W\u00e4r schon praktisch, wenn man da morgens r\u00fcber k\u00f6nnte.<\/p>\n<p><a href='http:\/\/ski.inmontanis.info\/d\/332687-2\/DSC09334.jpg'><img src=http:\/\/ski.inmontanis.info\/d\/332686-3\/DSC09334.jpg \/><\/a><br \/>\n^ Stellplatz<\/p>\n<p>Es gibt pro Geschlecht (und es sind hier 2) jeweils 2 WCs und 2 Duschen, plus 4 (!) extra Absp\u00fclbecken plus kostenpflichtige Waschmaschine und Trockner, heute steht noch ein Wohnmobil aus Italien hier.<\/p>\n<p><a href='http:\/\/ski.inmontanis.info\/d\/332691-2\/DSC09336.jpg'><img src=http:\/\/ski.inmontanis.info\/d\/332690-3\/DSC09336.jpg \/><\/a><br \/>\n^ Die ja noch gar nicht so alten Kabinen<\/p>\n<p>Momentan ist ja die g\u00fcnstigste Saison des Jahres mit 35 \u20ac (statt 40 oder 45) pro Nacht, darin inkludiert aber schon alle Personen und Strom. Wenn man also mit mehr Personen anreist, hat man mehr davon. Somit hab ich f\u00fcr die 6 Tage jetzt 210,-  \u20ac gezahlt. Vielleicht macht SA\/SO irgendwas auf, was mich interessiert und bezahlbare Preise hat, dann w\u00fcrde ich evtl. dort skifahren, ansonsten werd ich wohl eher noch bis SO hier bleiben und dann ggf. nach Hinterstoder wechseln. Oder sogar noch ein bisschen l\u00e4nger bleiben, mal schauen, wie es mir die Woche gef\u00e4llt. Wobei, falls ich mir in der Blackweek jetzt was bei Amazon bestelle, w\u00fcrd ich das tendenziell ja irgendwo hin zum Abholen schicken, d.h. da bin ich dann schon an einen gewissen Fahrplan und an eine gewisse Fahrstrecke gebunden.<\/p>\n<p>Was etwas ungew\u00f6hnlich ist, dass man f\u00fcr 24h bezahlt und die Ankunftszeit bei der Buchung angeben muss &#8211; entsprechend kann man dann am Abreisetag bis zu dieser Uhrzeit bleiben. Was ziemlich interessant sein kann.<\/p>\n<p>Von der Rippenprellung hab ich heut beim Skifahren nichts mehr gesp\u00fcrt, nur beim Liegen auf der einen Seite sp\u00fcr ichs noch. <\/p>\n<p>Zu Essen gab&#8217;s Penne mit dem Barilla Pesto Genovese aus Norwegen, war trotz Haltbarkeitsdatum 1\/2024 noch gut.<\/p>\n<p>Warum f\u00e4llt mir das jetzt erst ein? Ich hatte doch mal so eine Mini-230V-Heizmatte f\u00fcr&#8217;s Bett, bevor ich dann eine gro\u00dfe Heizdecke gekauft hab (ohne die ich die letzten 2 Wochen nicht ins Bett h\u00e4tte gehen wollen) &#8211; warum hab ich die kleine nicht dabei? Bei Campingpl\u00e4tzen mit Strom w\u00e4re das im Fu\u00dfraum sehr angenehm. <\/p>\n<p><strong>So, 24.11.2024<\/strong><\/p>\n<p>Der Tag begann bedeckt, obwohl Bergfex gestern Abend f\u00fcr heute ab 3 Uhr klaren Himmel gemeldet hatte und sowieso die halbe Woche  sonnig gemeldet hatte &#8211; jetzt fast gar keine Sonne mehr au\u00dfer heute und morgen. Daf\u00fcr jeden Tag 2cm Schneefall.<\/p>\n<p>Wollte heut ja eh nicht zu fr\u00fch rauf, erst einmal die ganzen Leute rauflassen und dann gegen 10\/11 Uhr, daher morgens mal weiter eingerichtet.<\/p>\n<p><a href='http:\/\/extra.inmontanis.info\/d\/129342-3\/DSC09341.jpg'><img src=http:\/\/extra.inmontanis.info\/d\/129341-4\/DSC09341.jpg \/><\/a><br \/>\n^ Hab heuer wieder den anderen Schuhheizer dabei, hat leider etwas kurze Schl\u00e4uche, aber h\u00e4lt auch an dieser Position.<\/p>\n<p>Der Fu\u00dfweg vom Camperplatz zur PB (Einstieg) ist ca. 7min, wenn man z\u00fcgig geht, wobei die normalen Parkpl\u00e4tze ja teils auch nicht viel n\u00e4her sind.<\/p>\n<p>Oben angekommen gab es eine gr\u00f6\u00dfere Menschentraube am SL Finail, daher zur 3SB Glestschersee runter und diese rauf, dann war es auch am SL Finail wieder leer genug f\u00fcr 1 Fahrt, danach wieder voller und wieder zur 3SB, sp\u00e4ter dann mal 4SB wg. Klo bevor ich zur DSB Hintereis gewechselt bin, das will ich wegen des anstrengenden Retourwegs nur 1x am Tag machen.<\/p>\n<p>Liftm\u00e4\u00dfig gibt&#8217;s immerhin genug Abwechslung momemntan &#8211; 1x 4SB, 1x 3SB, 1x DSB, 1x SL und die PB als etwas, das ich letzte Saison wohl keine einziges Mal ben\u00f6tigt hatte: Zubringer morgens und nachmittags ohne Abfahrtsm\u00f6glichkeit.<\/p>\n<p><a href='http:\/\/ski.inmontanis.info\/d\/332695-2\/DSC09347.jpg'><img src=http:\/\/ski.inmontanis.info\/d\/332694-3\/DSC09347.jpg \/><\/a><br \/>\n^ SL Finail, schon ist wieder mehr los, also dann halt wieder zur 3SB runter<\/p>\n<p><a href='http:\/\/ski.inmontanis.info\/d\/332699-2\/DSC09348.jpg'><img src=http:\/\/ski.inmontanis.info\/d\/332698-3\/DSC09348.jpg \/><\/a><br \/>\n^ SL Finail<\/p>\n<p><a href='http:\/\/ski.inmontanis.info\/d\/332703-2\/DSC09350.jpg'><img src=http:\/\/ski.inmontanis.info\/d\/332702-3\/DSC09350.jpg \/><\/a><br \/>\n^ SL Finail<\/p>\n<p><a href='http:\/\/ski.inmontanis.info\/d\/332707-2\/DSC09355.jpg'><img src=http:\/\/ski.inmontanis.info\/d\/332706-3\/DSC09355.jpg \/><\/a><br \/>\n^ SL Finail, die St\u00fctzen links wie rechts sind teils recht schr\u00e4g, vmtl. werden die auch nur noch sehr selten versetzt &#8211; wie weit man das wohl ausreizen kann, bis das Material dann bricht oder verbiegt?<\/p>\n<p><a href='http:\/\/ski.inmontanis.info\/d\/332711-2\/DSC09360.jpg'><img src=http:\/\/ski.inmontanis.info\/d\/332710-3\/DSC09360.jpg \/><\/a><br \/>\n^ 4SB Grawand, hat mittlerweile keine Gletscherst\u00fctzen mehr. 2017 hatte sie noch welche, 2018 kann ich es auf meinen Fotos nicht erkennen, auf einer der St\u00fctzen heute &#8220;2019&#8221; gelesen.<\/p>\n<p><a href='http:\/\/ski.inmontanis.info\/d\/332715-2\/DSC09361.jpg'><img src=http:\/\/ski.inmontanis.info\/d\/332714-3\/DSC09361.jpg \/><\/a><br \/>\n^ Zoom zum aufgelassenen Bereich der Hintereis-DSB<\/p>\n<p><a href='http:\/\/ski.inmontanis.info\/d\/332719-2\/DSC09369.jpg'><img src=http:\/\/ski.inmontanis.info\/d\/332718-3\/DSC09369.jpg \/><\/a><br \/>\n^ SL Finail und Gletschersee-Abfahrten; die schwarze Leo Gurschler Piste ist nat\u00fcrlich nur f\u00fcr Renntraining offen<\/p>\n<p><a href='http:\/\/ski.inmontanis.info\/d\/332723-2\/DSC09370.jpg'><img src=http:\/\/ski.inmontanis.info\/d\/332722-3\/DSC09370.jpg \/><\/a><br \/>\n^ Grenzstein innerhalb Tirols<\/p>\n<p><a href='http:\/\/ski.inmontanis.info\/d\/332727-2\/DSC09372.jpg'><img src=http:\/\/ski.inmontanis.info\/d\/332726-3\/DSC09372.jpg \/><\/a><br \/>\n^ Rechts SL Finail und links der Gletscher, die beide vor nicht so vielen Jahren noch bis ins Tal gegangen sind<\/p>\n<p>Hier z.B. ein Foto von 2009:<br \/>\n<img src=http:\/\/ski.inmontanis.info\/d\/101216-3\/P1380724_2.JPG \/><\/p>\n<p><a href='http:\/\/ski.inmontanis.info\/d\/332731-2\/DSC09374.jpg'><img src=http:\/\/ski.inmontanis.info\/d\/332730-3\/DSC09374.jpg \/><\/a><br \/>\n^ DSB Hintereis und Grawand<\/p>\n<p><a href='http:\/\/ski.inmontanis.info\/d\/332735-2\/DSC09375.jpg'><img src=http:\/\/ski.inmontanis.info\/d\/332734-3\/DSC09375.jpg \/><\/a><br \/>\n^ Dieses steilere (geschlossene) St\u00fcck Abfahrt an der DSB Hintereis ist etwas zu steinig, als dass ich es die Woche nochmals fahren m\u00f6chte.<\/p>\n<p><a href='http:\/\/ski.inmontanis.info\/d\/332739-2\/DSC09382.jpg'><img src=http:\/\/ski.inmontanis.info\/d\/332738-3\/DSC09382.jpg \/><\/a><br \/>\n^ DSB Hintereis mit Abfahrt. Was mir an der DSB fehlt, w\u00e4re noch eine blaue Abfahrt, die einen gro\u00dfen Bogen nach rechts macht.<\/p>\n<p>Am SL Finail konnten sich 2 Jugendliche nicht benehmen und fuhren weit au\u00dfer der Liftspur. Der Liflter stellte 2 oder 3x den Lift ab, beim letzten Mal schrie dann einer der Trainer o.\u00e4. zu ihnen runter, sie sollen in der Liftspur fahren. Irgendwann sahen sie es ein und der Lift fuhr wieder. Als sie wieder an der Talstation waren, hat der Liftler ihnen eine weitere Bergfahrt mit dem SL untersagt :-)<\/p>\n<p>Als ich am SL Finail war, landete ein Hubschrauber neben der 4SB-Bergstation, so dass diese zwar nicht durchgehend, aber doch recht lange stand. Gut, dass ich da nicht drin war.<\/p>\n<p>Um 1500 hab ich aufgeh\u00f6rt und bin wieder runter (und in den kleinen Supermarkt, noch Gnocchi f\u00fcrs Pesto kaufen).<\/p>\n<p>Am Stellplatz stand heut noch ein zweites Wohnmobil, dieses aus CZ, abends stellte sich noch ein SK direkt hinter mich.<\/p>\n<p><strong>Mo, 25.11.2024<\/strong><\/p>\n<p>Meine Fenster waren heut so stark vereist, dass ich den einen Schaumstoff nur runterbekam, indem ich ihn unten kaputt machte. Auch die Windschutzscheibe war eisiger als sonst. Daf\u00fcr schien die Sonne schon morgens. Heute wohl der sonnigste Tag der Woche. <\/p>\n<p>Ein deutsches Wohnmobil kam vormittags auch noch, der Italiener war weg. <\/p>\n<p>Der untere Teil der Talabfahrt wird nun auch beschneit, also wohl eher ca. \u00fcbern\u00e4chstes WE offen.<\/p>\n<p>Die Tageskarte ist hier wohl im Vergleich zu anderen Skigebieten und Gletschern recht g\u00fcnstig im Fr\u00fchwinter, 48,- \u20ac laut Monitor \u00fcber den Kassen &#8211; vom 16.11.-24.12., die g\u00fcnstigste Saison des Jahres. Davor hatten sie wohl 68,- verlangt &#8211; f\u00fcr weniger offene Lifte. Danach 61,-.<\/p>\n<p>Leider heute die rechte Finailpiste wg. Traing offiziell gesperrt. Die letzten Tage durfte man nebendran fahren.<\/p>\n<p><a href='http:\/\/ski.inmontanis.info\/d\/332743-2\/DSC09390.jpg'><img src=http:\/\/ski.inmontanis.info\/d\/332742-3\/DSC09390.jpg \/><\/a><br \/>\n^ PB-Strecke<\/p>\n<p><a href='http:\/\/ski.inmontanis.info\/d\/332747-2\/DSC09391.jpg'><img src=http:\/\/ski.inmontanis.info\/d\/332746-3\/DSC09391.jpg \/><\/a><br \/>\n^ Neue PB-Kabinen<\/p>\n<p><a href='http:\/\/ski.inmontanis.info\/d\/332751-2\/DSC09392.jpg'><img src=http:\/\/ski.inmontanis.info\/d\/332750-3\/DSC09392.jpg \/><\/a><br \/>\n^ .. werden die neuerdings pauschal f\u00fcr Doppelstock-Betrieb gebaut, ist das hier geplant oder war die \u00fcbrig?!<\/p>\n<p><a href='http:\/\/ski.inmontanis.info\/d\/332755-2\/DSC09394.jpg'><img src=http:\/\/ski.inmontanis.info\/d\/332754-3\/DSC09394.jpg \/><\/a><br \/>\n^ Dem Schild nach kann man die Kabine wohl einst\u00f6ckig wie zweist\u00f6ckig konfigurieren<\/p>\n<p><a href='http:\/\/ski.inmontanis.info\/d\/332759-2\/DSC09395.jpg'><img src=http:\/\/ski.inmontanis.info\/d\/332758-3\/DSC09395.jpg \/><\/a><br \/>\n^ Weniger los heut am Parkplatz + Schnee an den Talliften wird verteilt<\/p>\n<p><a href='http:\/\/ski.inmontanis.info\/d\/332763-2\/DSC09399.jpg'><img src=http:\/\/ski.inmontanis.info\/d\/332762-3\/DSC09399.jpg \/><\/a><br \/>\n^ Unterer Teil der Talabfahrt wird seit heute beschneit<\/p>\n<p><a href='http:\/\/ski.inmontanis.info\/d\/332767-2\/DSC09400.jpg'><img src=http:\/\/ski.inmontanis.info\/d\/332766-3\/DSC09400.jpg \/><\/a><br \/>\n^ Mittelstation der beiden 4KSBen, bis hier hin ist die Talabfahrt von oben schon pr\u00e4pariert. <\/p>\n<p><a href='http:\/\/ski.inmontanis.info\/d\/332771-2\/DSC09402.jpg'><img src=http:\/\/ski.inmontanis.info\/d\/332770-3\/DSC09402.jpg \/><\/a><br \/>\n^ <\/p>\n<p><a href='http:\/\/ski.inmontanis.info\/d\/332775-2\/DSC09404.jpg'><img src=http:\/\/ski.inmontanis.info\/d\/332774-3\/DSC09404.jpg \/><\/a><br \/>\n^ Pano von Bergstation<\/p>\n<p><a href='http:\/\/ski.inmontanis.info\/d\/332779-2\/DSC09405.jpg'><img src=http:\/\/ski.inmontanis.info\/d\/332778-3\/DSC09405.jpg \/><\/a><br \/>\n^ Zoom zum Stilfserjoch bzw. besser gesagt zu Livrio und Geister-SL (wenn es ihn noch geben w\u00fcrde)<\/p>\n<p><a href='http:\/\/ski.inmontanis.info\/d\/332783-2\/DSC09408.jpg'><img src=http:\/\/ski.inmontanis.info\/d\/332782-3\/DSC09408.jpg \/><\/a><br \/>\n^ Pano hinterm SL Finail mit Nebelmeer<\/p>\n<p><a href='http:\/\/ski.inmontanis.info\/d\/332787-2\/DSC09409.jpg'><img src=http:\/\/ski.inmontanis.info\/d\/332786-3\/DSC09409.jpg \/><\/a><br \/>\n^ Nebelmeer<\/p>\n<p><a href='http:\/\/ski.inmontanis.info\/d\/332791-2\/DSC09412.jpg'><img src=http:\/\/ski.inmontanis.info\/d\/332790-3\/DSC09412.jpg \/><\/a><br \/>\n^ SL Finail, eins muss man betonen &#8211; die Bergstation ist nach wie vor ganz oben am Grat und musste noch nicht, wie bei vielen anderen Gletscherliften, nach unten versetzt werden<\/p>\n<p><a href='http:\/\/ski.inmontanis.info\/d\/332795-2\/DSC09414.jpg'><img src=http:\/\/ski.inmontanis.info\/d\/332794-3\/DSC09414.jpg \/><\/a><br \/>\n^ .. allerdings wird der Ausstieg fr\u00fcher h\u00f6her gewesen sein<\/p>\n<p><a href='http:\/\/ski.inmontanis.info\/d\/332799-2\/DSC09419.jpg'><img src=http:\/\/ski.inmontanis.info\/d\/332798-3\/DSC09419.jpg \/><\/a><br \/>\n^ SL Finail, einige St\u00fctzen sind mittlerweile mit dem Eis verwachsen<\/p>\n<p><a href='http:\/\/ski.inmontanis.info\/d\/332803-2\/DSC09427.jpg'><img src=http:\/\/ski.inmontanis.info\/d\/332802-3\/DSC09427.jpg \/><\/a><br \/>\n^ Laut Schild f\u00fchrt der Weg zu dem Zollhaus oder Zollh\u00fctte<\/p>\n<p><a href='http:\/\/ski.inmontanis.info\/d\/332807-2\/DSC09433.jpg'><img src=http:\/\/ski.inmontanis.info\/d\/332806-3\/DSC09433.jpg \/><\/a><br \/>\n^ DSB Hintereis oder DSB Ex-Hintereis<\/p>\n<p><a href='http:\/\/ski.inmontanis.info\/d\/332811-2\/DSC09435.jpg'><img src=http:\/\/ski.inmontanis.info\/d\/332810-3\/DSC09435.jpg \/><\/a><br \/>\n^ So verrostet wie das ist, k\u00f6nnte es wohl aus einem der vorherigen Kriege sein ;)<\/p>\n<p><a href='http:\/\/ski.inmontanis.info\/d\/332815-2\/DSC09438.jpg'><img src=http:\/\/ski.inmontanis.info\/d\/332814-3\/DSC09438.jpg \/><\/a><br \/>\n^ DSB Hintereis ging fr\u00fcher noch \u00fcber den Grat bis ganz nach oben<\/p>\n<p><a href='http:\/\/ski.inmontanis.info\/d\/332819-2\/DSC09441.jpg'><img src=http:\/\/ski.inmontanis.info\/d\/332818-3\/DSC09441.jpg \/><\/a><br \/>\n^ Dort muss die DSB Hintereis fr\u00fcher mal raufgegangen sein<\/p>\n<p>Am 21.6.2003 hatte ich zur Hintereis-DSB r\u00fcbergezoomt:<\/p>\n<p><img src=http:\/\/ski.inmontanis.info\/d\/101300-3\/06210019.JPG \/><br \/>\n^ Schaut so aus, als ob die DSB da in der Senke auch eine Gletscherst\u00fctze oder sogar zwei hatte und die Strecke ohne diese vom Boden aus vielleicht sonst zu steil geworden w\u00e4re. Laut GE bzw. aktueller Webcam gibt&#8217;s dahinter auch einen langen Gletscher, der f\u00fcr den Namen der DSB zust\u00e4ndig war. <\/p>\n<p><a href='http:\/\/ski.inmontanis.info\/d\/332823-2\/DSC09443.jpg'><img src=http:\/\/ski.inmontanis.info\/d\/332822-3\/DSC09443.jpg \/><\/a><br \/>\n^ DSB Hintereis<\/p>\n<p><a href='http:\/\/ski.inmontanis.info\/d\/332827-2\/DSC09447.jpg'><img src=http:\/\/ski.inmontanis.info\/d\/332826-3\/DSC09447.jpg \/><\/a><br \/>\n^ W\u00e4hrend die Gletscherlifte schon lang im Schatten sind, hat&#8217;s an der DSB Hintereis noch viel Sonne<\/p>\n<p>1 Runde Hintereis dauert ca. 14min, bin nachmittags 6x gefahren und hab mich um 1515 auf den Weg retour gemacht, also 3SB und 4SB rauf und PB runter. Umst\u00e4ndlich.<\/p>\n<p>(N\u00e4chster Bericht voraussichtlich erst, wenn ich das Schnalstal wieder verlassen hab.)<\/p>\n","protected":false},"excerpt":{"rendered":"<p>So, 17.11.2024<\/p>\n<p>Endlich Backups gemacht und nach \u00fcber 1 Jahr mal wieder Updates installiert (1 GB). Den eventuellen \u00c4rger, wenn danach was nicht geht und man nach einer Behebung suchen muss, will man unterwegs einfach nicht haben. Wobei es eigentlich nur ein kleines Update war, da meine Linux-\/Ubuntu-Version bald nicht mehr unterst\u00fctzt wird, d.h. n\u00e4chsten <a href=\"http:\/\/blog.inmontanis.info\/?p=10443\">[&#8230;]<\/a><\/p>\n","protected":false},"author":1,"featured_media":10448,"comment_status":"closed","ping_status":"closed","sticky":false,"template":"","format":"standard","meta":{"footnotes":""},"categories":[15,397,27],"tags":[55,49,38,77,52,45,47],"class_list":["post-10443","post","type-post","status-publish","format-standard","has-post-thumbnail","hentry","category-italienitaly","category-schnalstal","category-skifahren-winterskiing-winter","tag-3sb","tag-4sb","tag-dsb","tag-nebelmeer","tag-pb","tag-see","tag-sl","odd"],"_links":{"self":[{"href":"http:\/\/blog.inmontanis.info\/index.php?rest_route=\/wp\/v2\/posts\/10443","targetHints":{"allow":["GET"]}}],"collection":[{"href":"http:\/\/blog.inmontanis.info\/index.php?rest_route=\/wp\/v2\/posts"}],"about":[{"href":"http:\/\/blog.inmontanis.info\/index.php?rest_route=\/wp\/v2\/types\/post"}],"author":[{"embeddable":true,"href":"http:\/\/blog.inmontanis.info\/index.php?rest_route=\/wp\/v2\/users\/1"}],"replies":[{"embeddable":true,"href":"http:\/\/blog.inmontanis.info\/index.php?rest_route=%2Fwp%2Fv2%2Fcomments&post=10443"}],"version-history":[{"count":5,"href":"http:\/\/blog.inmontanis.info\/index.php?rest_route=\/wp\/v2\/posts\/10443\/revisions"}],"predecessor-version":[{"id":10449,"href":"http:\/\/blog.inmontanis.info\/index.php?rest_route=\/wp\/v2\/posts\/10443\/revisions\/10449"}],"wp:featuredmedia":[{"embeddable":true,"href":"http:\/\/blog.inmontanis.info\/index.php?rest_route=\/wp\/v2\/media\/10448"}],"wp:attachment":[{"href":"http:\/\/blog.inmontanis.info\/index.php?rest_route=%2Fwp%2Fv2%2Fmedia&parent=10443"}],"wp:term":[{"taxonomy":"category","embeddable":true,"href":"http:\/\/blog.inmontanis.info\/index.php?rest_route=%2Fwp%2Fv2%2Fcategories&post=10443"},{"taxonomy":"post_tag","embeddable":true,"href":"http:\/\/blog.inmontanis.info\/index.php?rest_route=%2Fwp%2Fv2%2Ftags&post=10443"}],"curies":[{"name":"wp","href":"https:\/\/api.w.org\/{rel}","templated":true}]}}