{"id":10417,"date":"2024-11-16T10:11:37","date_gmt":"2024-11-16T09:11:37","guid":{"rendered":"http:\/\/blog.inmontanis.info\/?p=10417"},"modified":"2024-11-17T10:44:55","modified_gmt":"2024-11-17T09:44:55","slug":"pois-fahrstrecken-letzte-monate-abschluss-reise-koralpe-11-16-12-2024","status":"publish","type":"post","link":"http:\/\/blog.inmontanis.info\/?p=10417","title":{"rendered":"POIs + Fahrstrecken letzte Monate (=Abschluss Reise), Koralpe, &#8230; 11.-16.11.2024"},"content":{"rendered":"<p><strong>Mo, 11.11.2024<\/strong><\/p>\n<p>Die R\u00e4derumsteckaktion mit allem drum und dran und pi pa po (R\u00e4der runter, andere R\u00e4der in Keller, noch bissl was raustun aus dem Auto und mit raufnehmen sp\u00e4ter) hatte wieder \u00fcber 3 Stunden gedauert. Aber ich hab ja Zeit ;)<\/p>\n<p>Der Nachbar mit dem Dauerhusten ist seit gestern auch wieder da, so dass ich mir stundenlang sein Gehuste teils mit Auswurf anh\u00f6ren muss. Da hab ich doch schon wieder Lust ins Auto zu ziehen. Immerhin ist er nicht die ganze Zeit in der Wohnung. Und war ein paar Tage sp\u00e4ter wieder weg.<\/p>\n<p><a href='http:\/\/extra.inmontanis.info\/d\/129302-3\/DSC09192.jpg'><img src=http:\/\/extra.inmontanis.info\/d\/129301-4\/DSC09192.jpg \/><\/a><br \/>\n^ Pizza miz Kartoffel, Speck, Sahne (rechts), paar R\u00f6stzwiebel (weil noch vorhanden, verzichtbar) und nat\u00fcrlich dann noch K\u00e4se drauf<\/p>\n<p><a href='http:\/\/extra.inmontanis.info\/d\/129306-3\/DSC09194.jpg'><img src=http:\/\/extra.inmontanis.info\/d\/129305-4\/DSC09194.jpg \/><\/a><br \/>\n^ Vom Backofen<\/p>\n<p>Die Pizza aus dem Hei\u00dfluftofen war nat\u00fcrlich unten zu labbrig, die in der Pfanne dagegen oben zu weich (und das Tomatenmark passt nicht auf eine Pizza als Belag, aber die Sahne war leer); optimal w\u00e4re also, beides zu verwenden. Jeweils die H\u00e4lfte hab ich eingefroren, aber erst noch den Backofenpizzateil etwas in die Pfanne gelegt.<\/p>\n<p><strong>Di, 12.11.2024<\/strong><\/p>\n<p>Ich denke, ich hab heute nun den letzten Rest aus dem Auto getan, den ich raustun wollte. Bett &#038; Co bleiben nat\u00fcrlich drin, hab ich ja &#8220;bei Muttern&#8221; alles mal durchgewaschen und f\u00fcr tiefergr\u00fcndige Arbeiten (zB. Holz mal mit Kalkfarbe lackieren, die gegen Schimmel besser sein soll) ist&#8217;s mir eh zu kalt.<\/p>\n<p>Es scheint in der Schweiz einige kleine Skigebiete zu geben, die preislich bei ihrer Gr\u00f6\u00dfe g\u00fcnstiger sind als ihre Pendants in \u00d6sterreich. Ich mein da keine kurzen Tallifte, sondern schon etwas gr\u00f6\u00dfere Gebiete mit mehreren SL oder 1 DSB + 1 SL oder sowas. Und einige Gebiete bieten wieder die 50%-Tageskarten via ticketcorner an, leider darf man da nur 4 Tickets kaufen. Oder man muss einen zweiten Account dort \u00f6ffnen. Glaub ich muss heuer auch ein paar Tage in der CH einplanen. Die schweizer Autobahnvignette ist mit CHF 40,- pro Jahr auch n\u00e4chstes Jahr recht g\u00fcnstig. Die f\u00fcr \u00d6sterreich kostet nun schon \u00fcber 100 \u20ac.<\/p>\n<p>Aber es geht nat\u00fcrlich auch anders. Die Saisonkarte in Graub\u00fcnden kostet aberwitzig teure 2.190,- CHF .. :)))))) <\/p>\n<p>Dann h\u00e4tte ich aber meine Spikes drauflassen k\u00f6nnen, falls ich so viel Tage in CH fahren will, dass ich gar keine Zeit mehr f\u00fcr SLO\/BiH\/etc. habe &#8230; na ma schaun. Und warum hab ich das nicht vor 2 Jahren gemacht!?! <\/p>\n<p>Was vielleicht nicht ganz uninteressant zu erw\u00e4hnen ist: Genf ist von mir nicht viel n\u00e4her als die griechische Grenze!<br \/>\nAber auch: S\u00fcdschweden ist Luflinie n\u00e4her als Athen. (G\u00f6theborg w\u00e4re ca. gleich weit entfernt, ca. 1200km, ebenso \u00fcbrigens London.)<br \/>\n&#8220;Aber eben aber&#8221; auch: von G\u00f6teborg nach Kiruna oder Rovaniemi sinds dann nochmals ca. 1200km Luftlinie. (Aber wenn ich heuer 1x Genfersee und 1x Griechenland fahren w\u00fcrde, w\u00e4rs kaum ein Unterschied zu einer Skandinavienreise!)<br \/>\nUnd von Genf zur Sierra Nevada ebenfalls ca. 1200km. Aber von Athen zum Vansee sinds sogar 1600km.  N\u00e4her w\u00e4r der Etna von mir, nur 1.000km ;) Von Moskau nach Bischkek \u00fcbrigens 3.000km. Tja, Russland+Zentralasien ist dann nochmal eine andere Dimension.<\/p>\n<p>Hachja, das hat mir die letzte Woche gefehlt &#8211; Reiseplanungen und Skigebiete online raussuchen und markieren, ob ich die besuchen m\u00f6chte.  So langsam komm ich wieder in Reiselaune ;)<\/p>\n<p>Thema Stromverbrauch in der Wohnung letztes Jahr: Eigentlich hatte ich ja die Heizung eingeschaltet gehabt, wei\u00df nicht mehr ob auf * oder dar\u00fcber am Ger\u00e4t, das Thermostat hatte ich irgendwo um 5\u00b0  gestellt, weil das eh viel w\u00e4rmer dann ist, wenn es schaltet.<\/p>\n<p>Mitte Oktober 2023 (!) wurde der Stromz\u00e4hler getauscht, so dass ich mir das notieren zur Abreise ja h\u00e4tte sparen k\u00f6nnen. Dass es einen neuen Stromz\u00e4hler gibt, hab ich erst bei R\u00fcckkehr bemerkt, der stand auf 0 kWh. <\/p>\n<p>Da der Austausch also schon letztes Jahr stattfand, w\u00fcrde das bedeuten, dass ich entweder wieder einen Fehler gemacht hab oder die Heizung tats\u00e4chlich kein einziges Mal notwendig war?! Dann h\u00e4tte ich doch den Strom abmelden und mir die Grundgeb\u00fchr sparen k\u00f6nnen.<\/p>\n<p>Jedenfalls, seit meiner Ankunft letzten Dienstag hab ich 100 kWh verbraucht, ca. 14,4 pro Tag, wobei nat\u00fcrlich am ersten Tag mehr, weil die Wohnung ja k\u00e4lter war. Heizung und Kochen und Entertainment braucht hier einfach etwas mehr Strom als am Campingplatz &#8211; daf\u00fcr ja auch g\u00fcnstiger. Und Luftentfeuchter l\u00e4uft auch hin und wieder.<\/p>\n<p><strong>Mi, 13.11.2024<\/strong><\/p>\n<p>Ich hatte vor ziemlich genau 2 Jahren mal geraunt &#8230;<\/p>\n<blockquote><p>\nWie schon mal erw\u00e4hnt, dachte ich damals, die Menschen w\u00fcrden in Zukunft mehr zu Computerverstehern werden, auf unser Level kommen.<\/p>\n<p>Aber dem war ja leider nicht so. Klar, es ist sinnvoll, dass Software und Betriebssysteme auch denjenigen \u00f6ffnen, die einfach &#8220;kein H\u00e4ndchen&#8221; daf\u00fcr haben. Aber dass es alles so degeneriert, es kaum noch umfangreiche Men\u00fcs gibt, man kaum noch sein Betriebssystem an die eigenen W\u00fcnsche anpassen kann, da war vieles fr\u00fcher besser. Und es w\u00e4re vielleicht auch alles besser geworden, h\u00e4tte sich das Commodore AmigaOS damals durchgesetzt, anstelle Microsoft Windows.\n<\/p><\/blockquote>\n<p>Dazu passend ein Artikel heute, dass eben auch die jetzigen Jungen nicht wirklich sooo viel mehr drauf haben, wenn auch sicherlich mehr als zu meiner Schulzeit:<\/p>\n<p>&#8220;40 Prozent der Jungen k\u00f6nnten \u201enur klicken und wischen\u201c. &#8221;<br \/>\n<a href='https:\/\/orf.at\/stories\/3375743\/'>https:\/\/orf.at\/stories\/3375743\/<\/a><br \/>\n.. w\u00fcrd mich mal interessieren, wieviel Punkte ich in dem Test wohl eingeheimst h\u00e4tte. Hab mir einige der Beispielaufgaben mal angesehen, sind manchmal schon etwas tricky oder ich denk dann schon zu kompliziert.<\/p>\n<p>Derweil weiterhin kein Wintereinbruch in Sicht. Tja, das werden heuer wohl keine 180 Skitage. <\/p>\n<p>Immerhin haben es die S\u00fcdtiroler geschafft, dass sie ab morgen DSB Gletschersee und SL Finail f\u00fcr Publikumsskilauf \u00f6ffnen. Mangels Autobahnvignette bis 1.12. will ich da aber eigentlich auch nicht hinfahren.  Aber sollte am 1.12. immer noch nix in AT gehen, werd ich ins Schnalstal fahren. Die sind auch mit der Beschneiung der anderen Lifte schon sch\u00f6n weit.  Und am 29.11. wollen sie ja das komplette Skigebiet \u00f6ffnen, das sollte nach dem jetzigen Stand zumindest f\u00fcr Hintereis und Lazaun klappen. Dann fahr ich ggf. am 28. halt ohne Vignette hin.  In Hinterstoder sieht man auf den Webcams noch gar nix von wegen Beschneiung. Aber 7,5h und 437km laut GMaps bis ins Schnalstal, puh, das ist eine Tagesreise.<\/p>\n<p>Hat man vielleicht gar nicht so am Schirm, wenn man sich die Liftseite am Schnalstaler nicht anschaut:<br \/>\n4SB Grawand L\u00e4nge 700m H\u00f6henunterschied 179m Fahrzeit 10min<br \/>\nSL Finail L\u00e4nge 1000m H\u00f6henunterschied 210m Fahrzeit 6min.  (Wobei da fraglich ist, ob der H\u00f6henmeterunterschied 1. noch aktuell ist und 2. wie da an der Bergstation gerechnet wird)<br \/>\nDSB Hintereis L\u00e4nge 1307m H\u00f6henunterschied 346m Fahrzeit 8min &#8211; verglichen mit den Daten der 4SB m\u00fcsste die also mehr als doppelt so schnell fahren?!<\/p>\n<p>Ounasvaara hat mit DSB und 1 Abfahrt auf Depotschnee links offen. Ich hatte letztes Jahr ja den Vorteil des Naturschnees und dass man auch schon im Wald bzw.  die geschlossenen Pisten fahren konnte. Aber da soll es auch bald winterlicher werden.<\/p>\n<p>Bei mir? Wieder wolkenlos und im Tal laut Webcam Nebel. Oder doch nicht, nachmittags kamen mal Wolken.<\/p>\n<p>Wobei die Norweger auch f\u00fcr die Koralpe n\u00e4chste Woche ordentlich Schnee in der Vorhersage haben, 60mm, also 50-100cm. Na ma schaun, wie viel und wie tief.<\/p>\n<p>Bin heut mal eine (f\u00fcr mich) gr\u00f6\u00dfere Runde hier oben gegangen, ca. eine Stunde war ich unterwegs, Nebelmeer fotografieren, unbekannte Stra\u00dfe abgehen &#8230;<\/p>\n<p><a href='http:\/\/ski.inmontanis.info\/d\/332563-2\/DSC09196.jpg'><img src=http:\/\/ski.inmontanis.info\/d\/332562-3\/DSC09196.jpg \/><\/a><br \/>\n^ Ui, Reif an schattigen Pl\u00e4tzen<\/p>\n<p><a href='http:\/\/ski.inmontanis.info\/d\/332567-2\/DSC09197.jpg'><img src=http:\/\/ski.inmontanis.info\/d\/332566-3\/DSC09197.jpg \/><\/a><br \/>\n^ Pano mit Nebelmeer<\/p>\n<p><a href='http:\/\/ski.inmontanis.info\/d\/332571-2\/DSC09198.jpg'><img src=http:\/\/ski.inmontanis.info\/d\/332570-3\/DSC09198.jpg \/><\/a><br \/>\n^ Skigebiet Koralpe, linke Seite<\/p>\n<p><a href='http:\/\/ski.inmontanis.info\/d\/332575-3\/DSC09202.jpg'><img src=http:\/\/ski.inmontanis.info\/d\/332574-4\/DSC09202.jpg \/><\/a><br \/>\n^ Nebelmeer \u00fcber dem breiten Tal<\/p>\n<p><a href='http:\/\/ski.inmontanis.info\/d\/332579-3\/DSC09203.jpg'><img src=http:\/\/ski.inmontanis.info\/d\/332578-4\/DSC09203.jpg \/><\/a><br \/>\n^ Blick in Richtung Weinebene<\/p>\n<p><a href='http:\/\/ski.inmontanis.info\/d\/332583-3\/DSC09206.jpg'><img src=http:\/\/ski.inmontanis.info\/d\/332582-4\/DSC09206.jpg \/><\/a><br \/>\n^ Skigebiet Koralpe, vordere Seite<\/p>\n<p><a href='http:\/\/ski.inmontanis.info\/d\/332587-3\/DSC09207.jpg'><img src=http:\/\/ski.inmontanis.info\/d\/332586-4\/DSC09207.jpg \/><\/a><br \/>\n^ Seit einigen Jahren stillgelegt, die 4KSB &#8211; auf deren Abfahrt nun schon B\u00e4umchen wachsen<\/p>\n<p><a href='http:\/\/ski.inmontanis.info\/d\/332591-3\/DSC09208.jpg'><img src=http:\/\/ski.inmontanis.info\/d\/332590-4\/DSC09208.jpg \/><\/a><br \/>\n^ Das Hotel vorne steht zum Verkauf, laut Schild wg. Pensionierung<\/p>\n<p><a href='http:\/\/ski.inmontanis.info\/d\/332595-3\/DSC09210.jpg'><img src=http:\/\/ski.inmontanis.info\/d\/332594-4\/DSC09210.jpg \/><\/a><br \/>\n^ In die andere Blickrichtung sind meistens B\u00e4ume im Weg<\/p>\n<p><a href='http:\/\/ski.inmontanis.info\/d\/332599-3\/DSC09211.jpg'><img src=http:\/\/ski.inmontanis.info\/d\/332598-4\/DSC09211.jpg \/><\/a><br \/>\n^ Hotel zum Verkauf<\/p>\n<p><a href='http:\/\/ski.inmontanis.info\/d\/332603-3\/DSC09213.jpg'><img src=http:\/\/ski.inmontanis.info\/d\/332602-4\/DSC09213.jpg \/><\/a><br \/>\n^ Das im Herbst wohl t\u00e4gliche Nebelmeer \u00fcber dem breiten Tal<\/p>\n<p><a href='http:\/\/ski.inmontanis.info\/d\/332607-3\/DSC09214.jpg'><img src=http:\/\/ski.inmontanis.info\/d\/332606-4\/DSC09214.jpg \/><\/a><br \/>\n^ Nebelmeer \u00fcber dem breiten Tal<\/p>\n<p>Beim Bergaufgehen  merk ich dann die Rippenprellung schon. Meine n\u00e4chsten Skitage sollten also m\u00f6glichst wenig PB\/EUB haben, wo man die Skier, ggf. auch noch \u00fcber Treppen, tragen muss, wenig fixe Sesselbahnen, wo man den Sessel mit der Hand stark abbremsen muss, wenig breite Sesselbahnen, wo der B\u00fcgel zu schwer runterzuholen ist,  wenig Schlepplifte, deren Einzugsfeder zu stark ist und auch keine steilen F\u00f6rderb\u00e4nder, wo man sich gegen r\u00fcckw\u00e4rtiges Abrutschen verkrampft mit dem Stecken festhalten  muss ;)<\/p>\n<p>Glaub mittlerweile haben sich so viel Skigebiete in AT und CH (unter 40 \u20ac TK oder HTK) angesammelt, die ich diesen Winter erstmals besuchen k\u00f6nnte, dass ich schon gar nicht wei\u00df, wie ich das mit meiner Saisonkarte vern\u00fcnftig unter einen Hut bekomme. Vorbei die Bef\u00fcrchtung, auf lediglich 20 verschiedene Skigebiete zu kommen. Wann geht&#8217;s endlich los? Schneee, halloooo!<\/p>\n<p>Na toll, eins, das ich heut gefunden hab, ist sp\u00e4testens seit heuer LSAP.<\/p>\n<p><strong>Do, 14.11.2024<\/strong><\/p>\n<p><a href='http:\/\/ski.inmontanis.info\/d\/332611-3\/DSC09216.jpg'><img src=http:\/\/ski.inmontanis.info\/d\/332610-4\/DSC09216.jpg \/><\/a><br \/>\n^ Mit der Beschneiung wurde begonnen<\/p>\n<p>Eins der beiden Amazonp\u00e4ckchen kam heut an und ich konnte dem Postler das Retourpaket mit dem kaputten Ladeger\u00e4t dank passendem gratis Retourkleber gleich mitgeben.<\/p>\n<p>Noch ein paar g\u00fcnstige Skigebiete in der Schweiz abgegrast und mal umgesehen, wie es mit SIM-Wertkarten ausschaut. Die rechnen noch in MB, zumindest Coop, 250 MB oder 750MB oder 1500 MB. \u00c4hh.. ist das alles? Scherz!? Dann gibts aber sogar g\u00fcnstige Flatrates bei anderen Anbietern, wenn man auf Geschwindigkeit verzichtet.  Aber generell schon recht teuer, 3 GB um 20 CHF, 5 GB um 30 CHF und das sind die Lidl-Preise, also schon Discounter&#8230;<\/p>\n<p>Ich k\u00f6nnte bei den Skitagen in der CH nat\u00fcrlich einfach in Urlaub gehen, aber f\u00fcr kurzfristige Plan\u00e4nderungen, \u00dcbernachtsungsplatzsuche, Schneeberichte, Wettervorhersagen, brauch ich halt doch Internet.<\/p>\n<p>Ok, mein Maganta (AT) hat jetzt auch halbwegs g\u00fcnstige Roaming-Preise in 50 L\u00e4ndern au\u00dferhalb der EU, 1 GB um 5,90, 3 GB um 11,90, 5 GB um 16,90 -vgl. mit den Prepaid-Preisen da von Lidl CH &#8230; plus der Vorteil, dass man im Roaming freiere Netzwahl hat. Preis gilt auch in S\u00fcdosteuropa (und einigen L\u00e4ndern in Amerika, T\u00fcrkei, China ..) &#8211; wobei man da ggf. ja wieder g\u00fcnstigere Sim-Karten dann vor Ort bekommen k\u00f6nnte. Aber gerade S\u00fcdosteuropa mit den vielen kleinen L\u00e4ndern ist eine eigene Sim jeweils auch m\u00fchsam, wenn man da nur wenige Tage ist.  Jedenfalls, f\u00fcr die Schweiz ist das definitiv eine Option.<\/p>\n<p>Die heizbaren Handschuhe um 50,- \u20ac sind gekommen. F\u00fchlen sich mal dick an, sind sch\u00f6n lang, die st\u00e4rkeren Akkus passen auch in meine amerikanisch-finnischen 509er. Interessant und bisher noch nie so gesehen bei derartigen Akkus ist die Ladestandsanzeige mittels mehrerer LEDs direkt nahe des Einschaltknopfs. Wenn man \u00fcberlegt, dass man um 50 \u20ac kaum unbeheizte Skihandschuhe bekommt, die l\u00e4nger als 1 Saison halten &#8230;. ist das schon ein Schn\u00e4ppchen. Ob die um das Geld wasserdicht sind, man die bei Regen anziehen darf, wei\u00df ich aber nicht &#8230;<\/p>\n<p><a href='http:\/\/extra.inmontanis.info\/d\/129310-3\/DSC09218.jpg'><img src=http:\/\/extra.inmontanis.info\/d\/129309-4\/DSC09218.jpg \/><\/a><br \/>\n^ Oben die in Finnland gekauften Heizhandschuhe, unten nun die g\u00fcnstigen von Amazon &#8211; und wenns nur f\u00fcr die st\u00e4rkeren Akkus ist, die ich auch bei den oberen verwenden kann.<\/p>\n<p>Von Liontron (LiFePO4-Batterie) hab ich auch eine Antwort erhalten &#8211; sie wissen nicht, wie ich meinen angeschlagenen Akku zu ihnen schicken k\u00f6nnte mit den aktuellen Speditions oder Postanbietern &#8230; (au\u00dfer auf einer Palette :) )<\/p>\n<p>Mittlerweile hat auch Bergfex die Neuschneeprognose f\u00fcr n\u00e4chste Woche drin, 15-20cm hier bei mir und nicht nur Koralpe hat heut beschneit, nun laut Webcam auch Hinterstoder. Die nenn ich deshalb, weil sie auf meiner Saisonkarte die ersten sein wollen, die \u00f6ffnen, dieses WE schon, falls es fr\u00fcher genug Schnee gegeben h\u00e4tte.<\/p>\n<p>Kalender 2025 steht auch noch an &#8211; und es ist eigentlich ein Unding, sich da f\u00fcr 13 Bilder aus den letzten 12 Monaten entscheiden zu m\u00fcssen, bei den vielen tollen Fotos, die ich im Winter und im Sommer gemacht hab.<\/p>\n<p>Nach einer erster Durchsicht blieben von 679 4&#038;5-Sternebilder noch 205 \u00fcbrig &#8230;<\/p>\n<p><strong>Fr, 15.11.2024<\/strong><\/p>\n<p>Da ich es mit den ganzen Planungen und Gletscherberichte lesen und Webcams anschauen so langsam nicht mehr aushalten kann (ja, dann doch!) werd ich entweder n\u00e4chstes WE in Hinterstoder fahren k\u00f6nnen dank \u00d6ffnung durch Neuschnee+Beschneiung  oder falls nicht, doch ins Schnalstal fahren. Nutzt nix, es juckt zu sehr, wieder Ski zu fahren und auf Reisen zu gehen. Dann fahr ich halt ne Woche Schnalstal mit den 3 Gletscherliften (bleib aber nat\u00fcrlich auch noch einige Tage nach dem 29., wenn sie mehr \u00f6ffnen wollen). 2 Stunden am Tag geht das auf jeden Fall.  Und bis Weihnachten kostet der Stellplatz in Kurzras &#8220;nur&#8221; 35,- (ggegen\u00fcber 40,- normal und 45,- z.B. in der Osterferienwoche). <\/p>\n<p>Evtl. geht auch beides, also WE Hinterstoder (weil ja nur WE-Betrieb, wenn \u00fcberhaupt) und dann 7-10 Tage Schnalstal und dann wieder retour. Au\u00dfer die Wettervorhersagen w\u00e4ren so gar nicht lohnenswert. Aber auf die kann man sich ja eh selten so lang verlassen.<\/p>\n<p>Alternative zum Stellplatz direkt neben dem Skigebietsparkplatz, eher dann in der Hauptsaison\/Osterwoche, w\u00e4re ein Stellplatz in Naturns um 30 \u20ac \/ Nacht. Allerdings ca. 30km und 30min Fahrt von dort zum Gletscher, au\u00dfer mit dem Bus, der braucht dann 50-60min. Wobei bei beiden Stellpl\u00e4tzen der &#8220;S\u00fcdtirol Guest Pass&#8221; oder so inkludiert w\u00e4re, mit der man wohl fast den ganzen \u00d6PNV in S\u00fcdtirol fahren kann, inklusive einiger Seilbahnen (die eben zum \u00d6PNV z\u00e4hlen).  Mit Freistehen ists in S\u00fcdtirol und insb. im Vinschgau wohl etwas schwieriger, w\u00e4re aber insb. dann im April\/Mai wegen der h\u00f6heren Temperaturen sinnvoller als jetzt.<\/p>\n<p>Dementsprechend muss ich nun nicht mehr so geizig mit meinen Essensvorr\u00e4ten sein, eher im Gegenteil, schaun, dass ich bis Ende n\u00e4chster Woche die Tiefk\u00fchltruhe wieder leer bekomme.<\/p>\n<p>Nachteilig aber, dass eventuelle Blackweek-Bestellungen bei Amazon schwieriger sind, was das Liefern angeht, wenn ich in der Woche dann in S\u00fcdtirol bin. Auch die R\u00fccksendung der R\u00fccksendung des Ladeger\u00e4ts ist nat\u00fcrlich noch offen&#8230;<\/p>\n<p>So, nun aber endlich zum Abschluss der letzten Reise<\/p>\n<p><a href='http:\/\/extra.inmontanis.info\/d\/129266-3\/ge202407-11b.jpg'><img src=http:\/\/extra.inmontanis.info\/d\/129265-4\/ge202407-11b.jpg \/><\/a><br \/>\n^ Magenta Fahrstrecke und t\u00fcrkisgr\u00fcne POI vom 13.7.-5.11.<\/p>\n<p><a href='http:\/\/extra.inmontanis.info\/d\/129270-3\/ge202407-11f.jpg'><img src=http:\/\/extra.inmontanis.info\/d\/129269-4\/ge202407-11f.jpg \/><\/a><br \/>\n^ POI (t\u00fcrkis)<br \/>\nA) Smoocave<br \/>\nB) Loch Maree<br \/>\nC) Applecross \/ Cattle-Pass<br \/>\nD) Glencoe Ski Resort<br \/>\nE) Doune Castle<br \/>\nF) Finnich Glen<br \/>\nG) Birdoswald \/ Hadrians Wall<br \/>\nH) Chesters \/ Hadrians Wall<br \/>\nRot Q) Beamish<br \/>\nF\u00e4hre Heysham-Douglas<br \/>\nI) Isle of Man<br \/>\nF\u00e4hre Heysham-Douglas<br \/>\nJ) Brougham Castle<br \/>\nK) Corbridge &#038; Aydon Castle<br \/>\nRot Q) Beamish<br \/>\nL) Richmond Castle<br \/>\nM) Middleham Castle<br \/>\nN) Blackpool<\/p>\n<p><a href='http:\/\/extra.inmontanis.info\/d\/129274-3\/ge202407-11l3.jpg'><img src=http:\/\/extra.inmontanis.info\/d\/129273-4\/ge202407-11l3.jpg \/><\/a><br \/>\n^ T\u00fcrkis Fahrstrecke Isle of Man 2024; vorherige Besuche in Magenta. Da fehlen noch einige Stra\u00dfen.<\/p>\n<p><a href='http:\/\/extra.inmontanis.info\/d\/129278-3\/ge202407-11j.jpg'><img src=http:\/\/extra.inmontanis.info\/d\/129277-4\/ge202407-11j.jpg \/><\/a><br \/>\n^ POI (t\u00fcrkis)<br \/>\nO) Anderton Boat Lift<br \/>\nRot K) Ironbridge<br \/>\nP) Stokesay Castle<br \/>\nQ) Llandudno Great Orme<br \/>\nR) Beeston Castle<br \/>\nRot M) Crich<br \/>\nS) Hardwick Hall<br \/>\nRot M) Crich<br \/>\nT) Old Wardour Castle<br \/>\nU) Seaton Tramway<br \/>\nV) Berry Pomeroy Castle<br \/>\nW) St. Mawes Castle<br \/>\nX) Restormel Castle<br \/>\nY) Okehampton Castle<br \/>\nU) Seaton Tramway<br \/>\nZ) Isle of Portland<br \/>\n1) Fishbourne Roman Palace<br \/>\n2) Pevensey Castle<br \/>\n3) Hythe-Romney-Dimchurch Railway<br \/>\n4) Walmer Castle &#038; Deal Castle<br \/>\n5) Richborough Roman Fort<br \/>\n6) Upnor Castle<br \/>\n7) Dover Castle<br \/>\nF\u00e4hre Dover-Calais<\/p>\n<p><a href='http:\/\/extra.inmontanis.info\/d\/129282-3\/ge202407-11k.jpg'><img src=http:\/\/extra.inmontanis.info\/d\/129281-4\/ge202407-11k.jpg \/><\/a><br \/>\n^ Strecke+POI Belgien-Deutschland, die Rauffahrt letzten Herbst in Blau<\/p>\n<p>8) Br\u00fcssel Trammuseum<br \/>\n9) Thuin Trammuseum<br \/>\n10) N\u00fcrnberg<br \/>\n(Telfs\/Innsbruck\/Koralpe)<\/p>\n<p><a href='http:\/\/extra.inmontanis.info\/d\/129286-3\/ge202309-2024-11a.jpg'><img src=http:\/\/extra.inmontanis.info\/d\/129285-4\/ge202309-2024-11a.jpg \/><\/a><br \/>\n^ Komplette Skandinavien-UK-Reise vom 24.9.2023 &#8211; 5.11.2024 (409 Tage)<\/p>\n<p><a href='http:\/\/extra.inmontanis.info\/d\/129290-3\/ge202309-2024-11d.jpg'><img src=http:\/\/extra.inmontanis.info\/d\/129289-4\/ge202309-2024-11d.jpg \/><\/a><br \/>\n^ Magenta Fahrstrecke 2024, vorherige Reisen in T\u00fcrkis<\/p>\n<p><a href='http:\/\/extra.inmontanis.info\/d\/129294-3\/ge202309-2024-11h.jpg'><img src=http:\/\/extra.inmontanis.info\/d\/129293-4\/ge202309-2024-11h.jpg \/><\/a><br \/>\n^ Orange Fahrstrecke 2024, vorherige Reisen nach UK und Skandinavien in T\u00fcrkis. Gibt doch immer wieder Variationen ;)<\/p>\n<p><strong>Sa, 16.11.2024<\/strong><\/p>\n<p>F\u00fcr Mitte\/Ende n\u00e4chster Woche k\u00fcndigt sich nun ein veritabler Wintereinbruch an, allerdings mit Schwerpunkt in den Westalpen (\u00fcber 1m in Frankreich und Schweiz, halber bis Westtirol), sowie auch am \u00f6sterreichischen Alpenhauptkamm und im S\u00fcden in Slowenien. Der Gro\u00dfteil meiner Saisonkartengebiete wird demnach wohl eher nur gestreift. Aber bis dahin kann sich ja noch was \u00e4ndern.<\/p>\n<p>Jedenfalls &#8211; sind damit die Weichen heuer bereits auf einen S\u00fcdwinter gestellt? Wird das der Schnee sein, auf dem wir noch zu Weihnachten talw\u00e4rts fahren werden?<\/p>\n<p>Hier und heute wieder das \u00fcbliche Wetter, bei mir nahezu strahlender Sonnenschein und die Webcam zeigt im Tal Hochnebel. <\/p>\n<p>Na, das ist ja mal bedauerlichstens, hatte wohl vergessen, in Schweden noch eine Jahrespackung L\u00e4kerol mitzunehmen und auch wenn ich im Sommer wohl recht wenig gegessen hab, hab ich nur noch 1 geschlossene Packung \u00fcbrig :( Das reicht ja maximal eine halbe Skisaison, eher wohl weniger. Wenigstens hatte ich in Finnland 2 gro\u00dfe Packungen Himbeer-Lakritz-Kaugummi mitgenommen, von denen ich die erste jetzt erst aufgemacht hab.<\/p>\n<p>Wenn ich in einer Woche abfahren m\u00f6chte, geht&#8217;s nun langsam wieder ans Packen. Was will ich mitnehmen? Insbesondere von dem ganzen zus\u00f6tzlichen Zeug? Da ich ja im Winter mehrmals daheim sein m\u00f6chte, muss ich noch keine Fr\u00fchjahrsklamotten mitnehmen &#8211; und Sommerbekleidung nat\u00fcrlich erst recht nicht.<\/p>\n<p>Hab heut daher doch noch die ganze Skibekleidung vom Auto mit raufgenommen, damit ich mal wieder alles durchprobiere. 2 Hosen und 2 Jacken werd ich wohl mitnehmen. <\/p>\n<p>Leider verschollen bleibt tats\u00e4chlich die Thermohose. Muss wohl dann rausgefallen sein, als ich eine T\u00fcr oder die Heckklappe ge\u00f6ffnet hab. Hab zwar noch eine andere daheim, die aber durch die Gewichtszunahme im UK nun wieder  nicht mehr passt. Normalerweise hab ich ja die Thermohose angehabt und die Skihohse mit Zipper dann dr\u00fcber. Zugegebenerma\u00dfen diesen Winter vermutlich nicht so n\u00f6tig, weil ja nicht so kalt. Oder ich werd  \u00f6fters eine lange Unterhose tragen m\u00fcssen.<\/p>\n<p>Letzten Winter hatte ich ca. 24 Keycards dabei, ca. 24 blieben daheim. Wenn ich heuer \u00f6fters nach Italien will, muss ich nat\u00fcrlich wieder mehr Alfi-Karten einpacken, die aus Russland und Kasachstan k\u00f6nnen wohl daheim bleiben, spezielle aus IT und FR und DE kommen mit. Und die neue SunnyCard muss nat\u00fcrlich auch mit. Wurden somit 29, die mitkommen.<\/p>\n<p>Wollte auch noch ein Foto von den Mitbringseln dieser Reise machen, zuerst ohne Lebensmittel, dann hab ich ein paar &#8211; nicht alle &#8211; mit drauf und schlussendlich fielen mir noch andere Dinge ein, die ich fast vergessen h\u00e4tte, somit nun also doch einige der Lebensmittel mit auf dem Bild sind. Von der Tramliteratur k\u00f6nnte auch was dabei sein, was ich schon vor 2 Jahren gekauft hatte und nur zum Lesen dabei war und noch ungelesen ist.<\/p>\n<p><a href='http:\/\/extra.inmontanis.info\/d\/129298-3\/DSC09237.jpg'><img src=http:\/\/extra.inmontanis.info\/d\/129297-4\/DSC09237.jpg \/><\/a><br \/>\n^ Souvenirs und einige der mitgebrachten Lebensmittel dieser Reise<\/p>\n<p>N\u00e4chster Beitrag: Kalender 2025<\/p>\n<p>\u00dcbern\u00e4chster Beitrag dann aller Voraussicht nach ein Skibericht von wo auch immer. Hinterstoder? Schnalstal?<\/p>\n<p>&#8211;<\/p>\n<p>Letztens in einem Forum hab ich gepostet:<\/p>\n<p>\u200bWar mir gar nicht so bewusst, dass mein bisher unbefristeter F\u00fchrerschein (AT) auch ab 2033 zu einem befristeten wird, weil man zum Austausch auf Scheckkarte gezwungen wird.<\/p>\n<p>Was man in so weiter Zukunft dann f\u00fcr eine Verl\u00e4ngerung brauchen wird, ob man sich \u00fcberhaupt noch ein Auto leisten kann, ob man \u00fcberhaupt noch einen F\u00fchrerschein braucht oder wir irgendwann zum automatischen Fahren gezwungen werden (und daf\u00fcr dann keine F\u00fchrerscheine mehr braucht), ob man vielleicht in einem anderen Land lebt, ob es die EU dann noch gibt, ob man oder wir alle dann \u00fcberhaupt noch leben  &#8211; das kann man ja eh noch gar nicht wissen.<\/p>\n<p>Wahrscheinlich w\u00e4re auch, dass wir bis dahin zur kompletten digitalen ID gezwungen werden und der F\u00fchrerschein dann eh nur noch ein Haken in seinem digitalen Fingerprint ist. Viele werden das bequem und toll finden. Wenige sehen die Risiken dahinter. Die, die Risiken sehen, werden als Verschw\u00f6rungstheoretiker verunglimpft.<\/p>\n<p>Die Coronapolitik in Europa hat uns doch gezeigt, dass die Politiker, wenn sie wollen, alles mit uns machen k\u00f6nnen. Da konntest dir nicht ausdenken, was n\u00e4chste Woche noch f\u00fcr eine Verschlimmerung kommt und es fiel ihnen immer noch  sinnlosere Ma\u00dfnahmen ein. <\/p>\n<p>Das einzige, was man in dieser \u00c4ra der Unsicherheit unternehmen kann, ist im Hier und Jetzt zu leben, seine Tr\u00e4ume nicht auf &#8220;wenn ich mal in Rente bin&#8221; aufschieben, in seiner Blase zu leben, die Politik zu ignorieren, keine Nachrichten zu lesen. Bis Corona hab ich so auch gut gelebt, seitdem l\u00e4sst mich dieser Krieg der (eventuell oder vermeintlich ferngesteuerten) Politikergeier gegen das eigene Volk nicht mehr los und \u00e4rger mich alle paar Tage \u00fcber den neusten Dummbatz, der fabriziert wurde.<\/p>\n<p>Nationen und Politiker sollten zusmmenarbeiten, nicht gegeneinander. Es sollte beim Regieren um Themen und nicht um Parteizugeh\u00f6rigkeiten gehen. <\/p>\n<p>&#8211; &#8211; &#8211; und sonst so &#8230;.<\/p>\n<p><a href='https:\/\/kaernten.orf.at\/stories\/3281453\/'>https:\/\/kaernten.orf.at\/stories\/3281453\/<\/a><br \/>\nschreibt ohne weitere Erkl\u00e4rung:<br \/>\n&#8220;Die Anzahl der Allergiker steigt. Ein Drittel der Bev\u00f6lkerung leidet mittlerweile an Allergien.&#8221;<\/p>\n<p>Das ist ja wohl ein Scherz!?! Wie ist das denn passiert? \u00dcbertriebene Reinlichkeit? Die Corona-Spritzen? Die schadstoff\u00e4rmere Luft im Vergleich zu den 70ern? Oder was!! Und mit diesem kranken, verweichlichten Volk wollen die europ\u00e4ischen Regierungshampelm\u00e4nner und  -frauen auf Teufel komm raus einen Krieg mit Russland anzetteln!!<\/p>\n<p>&#8211;<\/p>\n<p>&#8220;W\u00e4hrend sicher ein Gro\u00dfteil der Bev\u00f6lkerung froh dar\u00fcber ist, dass die bleierne und erratische Zeit der Ampel nun Geschichte ist, wird auch immer deutlicher, dass s\u00e4mtliche realistisch infrage kommenden Alternativen mindestens genauso schlimm sind.&#8221;<br \/>\n<a href='https:\/\/www.nachdenkseiten.de\/?p=124657'>https:\/\/www.nachdenkseiten.de\/?p=124657<\/a><\/p>\n<p>Tja, wer CDU+CSU w\u00e4hlt, w\u00e4hlt Merz &#8211; wer Merz w\u00e4hlt, w\u00e4hlt Krieg. Und SPD\/Gr\u00fcn\/FDP sind auch nicht besser, insbesondere falls Kriegsminister Pistorius bei der SPD Kanzlerkandidat wird. Gr\u00fcne und FDP sind eh mit die gr\u00f6\u00dften Kriegstreiber der letzten Jahre gewesen. Bitte unbedingt was anders w\u00e4hlen, liebe deutsche Mitb\u00fcrger!!!!!!!!!  Ach obwohl, mir doch wurscht. Ich kann zur Not auf die \u00f6sterreichische Staatsb\u00fcrgerschaft wechseln.<\/p>\n<p>Vielleicht hilfreich bei der Auswahl der richtigen Partei, sofern die Antworten der einzelnen Parteien da korrekt installiert wurden bzw. vor der n\u00e4chsten Wahl werden:<br \/>\n<a href='https:\/\/www.voteswiper.org\/de\/deutschland'>https:\/\/www.voteswiper.org\/de\/deutschland<\/a><\/p>\n<p>Im Prinzip zeigt mir das aber, dass ich bei vielen Punkten mit so manchen Parteien \u00fcbereinstimme, aber es dann wieder Punkte gibt, wo ich mir denk &#8220;was, bitte, das geht eigentlich gar nicht&#8221; &#8211; d.h. wenn man eine Partei w\u00e4hlt, und normalerweise darf man ja nur eine einzige w\u00e4hlen, macht man schon gro\u00dfe Kompromisse. Wenn diese Partei dann auch noch eine Koaltion mit einer anderen Partei eingeht und am Schluss evtl. genau die Punkte, weshalb man diese Partei eigentlich nicht gew\u00e4hlt hat, \u00fcbrig bleiben und der Rest an den Koaltionspartner adaptiert wird, w\u00e4re das ja quasi ein Betrug an meinem W\u00e4hlerwillen.<\/p>\n<p>Parteien sollten abgeschafft werden, man sollte einzelne Themen w\u00e4hlen k\u00f6nnen oder regelm\u00e4\u00dfig dar\u00fcber abstimmen k\u00f6nnen. Keine Ahnung, ob und wie genau so ein Staat funktionieren w\u00fcrde, aber man k\u00f6nnte es ja mal probieren?! <\/p>\n","protected":false},"excerpt":{"rendered":"<p>Mo, 11.11.2024<\/p>\n<p>Die R\u00e4derumsteckaktion mit allem drum und dran und pi pa po (R\u00e4der runter, andere R\u00e4der in Keller, noch bissl was raustun aus dem Auto und mit raufnehmen sp\u00e4ter) hatte wieder \u00fcber 3 Stunden gedauert. Aber ich hab ja Zeit ;)<\/p>\n<p>Der Nachbar mit dem Dauerhusten ist seit gestern auch wieder da, so dass <a href=\"http:\/\/blog.inmontanis.info\/?p=10417\">[&#8230;]<\/a><\/p>\n","protected":false},"author":1,"featured_media":10419,"comment_status":"closed","ping_status":"closed","sticky":false,"template":"","format":"standard","meta":{"footnotes":""},"categories":[912,200,13],"tags":[],"class_list":["post-10417","post","type-post","status-publish","format-standard","has-post-thumbnail","hentry","category-2023-09-2024-xx-skandinavien","category-koralpe","category-austria","odd"],"_links":{"self":[{"href":"http:\/\/blog.inmontanis.info\/index.php?rest_route=\/wp\/v2\/posts\/10417","targetHints":{"allow":["GET"]}}],"collection":[{"href":"http:\/\/blog.inmontanis.info\/index.php?rest_route=\/wp\/v2\/posts"}],"about":[{"href":"http:\/\/blog.inmontanis.info\/index.php?rest_route=\/wp\/v2\/types\/post"}],"author":[{"embeddable":true,"href":"http:\/\/blog.inmontanis.info\/index.php?rest_route=\/wp\/v2\/users\/1"}],"replies":[{"embeddable":true,"href":"http:\/\/blog.inmontanis.info\/index.php?rest_route=%2Fwp%2Fv2%2Fcomments&post=10417"}],"version-history":[{"count":3,"href":"http:\/\/blog.inmontanis.info\/index.php?rest_route=\/wp\/v2\/posts\/10417\/revisions"}],"predecessor-version":[{"id":10421,"href":"http:\/\/blog.inmontanis.info\/index.php?rest_route=\/wp\/v2\/posts\/10417\/revisions\/10421"}],"wp:featuredmedia":[{"embeddable":true,"href":"http:\/\/blog.inmontanis.info\/index.php?rest_route=\/wp\/v2\/media\/10419"}],"wp:attachment":[{"href":"http:\/\/blog.inmontanis.info\/index.php?rest_route=%2Fwp%2Fv2%2Fmedia&parent=10417"}],"wp:term":[{"taxonomy":"category","embeddable":true,"href":"http:\/\/blog.inmontanis.info\/index.php?rest_route=%2Fwp%2Fv2%2Fcategories&post=10417"},{"taxonomy":"post_tag","embeddable":true,"href":"http:\/\/blog.inmontanis.info\/index.php?rest_route=%2Fwp%2Fv2%2Ftags&post=10417"}],"curies":[{"name":"wp","href":"https:\/\/api.w.org\/{rel}","templated":true}]}}