{"id":10412,"date":"2024-11-10T18:17:30","date_gmt":"2024-11-10T17:17:30","guid":{"rendered":"http:\/\/blog.inmontanis.info\/?p=10412"},"modified":"2024-11-12T18:40:25","modified_gmt":"2024-11-12T17:40:25","slug":"heimreise-via-solkpass-daheim-entspiken-5-10-11-2024","status":"publish","type":"post","link":"http:\/\/blog.inmontanis.info\/?p=10412","title":{"rendered":"Heimreise via S\u00f6lkpass, daheim, Entspiken, 5.-10.11.2024"},"content":{"rendered":"<p><strong>Di, 5.11.2024<\/strong> &#8211; 409. und letzter Reisetag <\/p>\n<p>G\u00fcnstigstes Benzin heute gesehen um 1,43 \u20ac in Innsbruck (Diesel ebenso). Sp\u00e4ter um\/\u00fcber\/unter 1,50.<\/p>\n<p>Die Fahrt zur Koralpe verlief problemlos, ohne Stau und nicht sehr anstrengend. Hatte mich ja f\u00fcr die Variante Kitzb\u00fchel &#8211; Pass Thurn &#8211; Zell am See &#8211; Wagrein &#8211; Schladming &#8211; S\u00f6lkpass entschieden. <\/p>\n<p><a href='http:\/\/extra.inmontanis.info\/d\/129182-2\/DSC09147.jpg'><img src=http:\/\/extra.inmontanis.info\/d\/129181-3\/DSC09147.jpg \/><\/a><br \/>\n^ Einer der sch\u00f6nsten Berge \u00d6sterreichs &#8211; das Kitzb\u00fcheler Horn<\/p>\n<p><img src=http:\/\/extra.inmontanis.info\/d\/129185-2\/DSC09148.jpg \/><br \/>\n^ Kitzsteinhorn mit Gletscherskigebiet<\/p>\n<p><a href='http:\/\/extra.inmontanis.info\/d\/129189-2\/DSC09151.jpg'><img src=http:\/\/extra.inmontanis.info\/d\/129188-3\/DSC09151.jpg \/><\/a><br \/>\n^ Mein Auto zeigte zwar nach wie vor 8\u00b0 drau\u00dfen, aber hier vor Schladming lag um 13 Uhr noch Reif auf der Wiese!<\/p>\n<p><a href='http:\/\/extra.inmontanis.info\/d\/129193-2\/DSC09155.jpg'><img src=http:\/\/extra.inmontanis.info\/d\/129192-3\/DSC09155.jpg \/><\/a><br \/>\n^ Richtung S\u00f6lkpass<\/p>\n<p><a href='http:\/\/extra.inmontanis.info\/d\/129197-2\/DSC09157.jpg'><img src=http:\/\/extra.inmontanis.info\/d\/129196-3\/DSC09157.jpg \/><\/a><br \/>\n^ S\u00f6lkpass, diesmal von Norden nach S\u00fcden; da hinten sind sogar noch ein paar Schneereste<\/p>\n<p><a href='http:\/\/extra.inmontanis.info\/d\/129201-2\/DSC09160.jpg'><img src=http:\/\/extra.inmontanis.info\/d\/129200-3\/DSC09160.jpg \/><\/a><br \/>\n^ S\u00f6lkpass, diesmal von Norden nach S\u00fcden<\/p>\n<p><a href='http:\/\/extra.inmontanis.info\/d\/129205-2\/DSC09161.jpg'><img src=http:\/\/extra.inmontanis.info\/d\/129204-3\/DSC09161.jpg \/><\/a><br \/>\n^ S\u00f6lkpass von Norden<\/p>\n<p><a href='http:\/\/extra.inmontanis.info\/d\/129209-2\/DSC09163.jpg'><img src=http:\/\/extra.inmontanis.info\/d\/129208-3\/DSC09163.jpg \/><\/a><br \/>\n^ S\u00f6lkpass von Norden<\/p>\n<p><a href='http:\/\/extra.inmontanis.info\/d\/129213-2\/DSC09165.jpg'><img src=http:\/\/extra.inmontanis.info\/d\/129212-3\/DSC09165.jpg \/><\/a><br \/>\n^ S\u00f6lkpass Passh\u00f6he<\/p>\n<p><a href='http:\/\/extra.inmontanis.info\/d\/129217-2\/DSC09167.jpg'><img src=http:\/\/extra.inmontanis.info\/d\/129216-3\/DSC09167.jpg \/><\/a><br \/>\n^ S\u00f6lkpass, S\u00fcdseite<\/p>\n<p><a href='http:\/\/extra.inmontanis.info\/d\/129221-2\/DSC09169.jpg'><img src=http:\/\/extra.inmontanis.info\/d\/129220-3\/DSC09169.jpg \/><\/a><br \/>\n^ Sogar hier sind noch Schneereste von dem vielen Schneefall von vor knapp 1 Monat!<\/p>\n<p><a href='http:\/\/extra.inmontanis.info\/d\/129225-2\/DSC09170.jpg'><img src=http:\/\/extra.inmontanis.info\/d\/129224-3\/DSC09170.jpg \/><\/a><br \/>\n^ Um Judenburg gabs Hochnebel<\/p>\n<p><a href='http:\/\/extra.inmontanis.info\/d\/129229-2\/DSC09173.jpg'><img src=http:\/\/extra.inmontanis.info\/d\/129228-3\/DSC09173.jpg \/><\/a><br \/>\n^ Die Papierfabrik ist auch immer wieder gut f\u00fcr ein Foto.<\/p>\n<p>2-3 kurze Einkaufsstopps, wobei mir erst nach dem Kauf der 16 Semmeln eingefallen ist, dass ich durch den Versand des kaputten Ladeger\u00e4ts evtl. eh mal runterfahren werde m\u00fcssen und einkaufen k\u00f6nnte. Erfreut war ich \u00fcber einen kurzen Besuch bei einem t\u00fcrkischen Supermarkt, wo ich nicht nur leckere Pismaniye bekam, sondern auch in \u00f6sterreich produziertes Fladenbrot, das aussah wie das Liba-Brot in Schweden. Das Liba deutet dort wohl auf &#8220;libanesisch&#8221; hin. Die leckere t\u00fcrkische Pistazien-Schokotafel hab ich bei \u00fcber 3 \u20ac f\u00fcr 60g aber nicht gekauft. Daf\u00fcr noch 5 St\u00fcck Baklava und einen Sesamring.<\/p>\n<p>Ahja, Milchkakao bei Spar 1l haltbar 1,69 \u20ac. Jetzt daheim nehm ich nat\u00fcrlich Milch und Kakaopulver, aber das ist g\u00fcnstiger als das, was ich zuletzt in Deutschland gesehen hab.<\/p>\n<p><a href='http:\/\/extra.inmontanis.info\/d\/129233-2\/DSC09176.jpg'><img src=http:\/\/extra.inmontanis.info\/d\/129232-3\/DSC09176.jpg \/><\/a><br \/>\n^ Pano von der Stra\u00dfe rauf zur Koralpe<\/p>\n<p><a href='http:\/\/extra.inmontanis.info\/d\/129237-2\/DSC09179.jpg'><img src=http:\/\/extra.inmontanis.info\/d\/129236-3\/DSC09179.jpg \/><\/a><br \/>\n^ Pano von der Stra\u00dfe rauf zur Koralpe. Die n\u00e4chsten Tage soll hier fast durchgehend Nebel gewesen sein &#8211; bei mir oben Sonne pur.<\/p>\n<p>Ankunft daheim in der D\u00e4mmerung um 17 Uhr, in der Wohnung waren ca 15\u00b0. <\/p>\n<p>Da ich im Badezimmer \u00fcber die WC-Sp\u00fclbox diesmal eine Plastikfolie dr\u00fcbergest\u00fclpt hatte, war auf dem Plastik oben unter der Folie etwas Schimmel, aber sie war quasi noch ganz voll und kein Schimmel im Bad. Die Entfeuchtungsbeutelchen im Bad und Wohnraum waren nat\u00fcrlich alle aufgel\u00f6st.<\/p>\n<p>Von Filmen w\u00fcrde man ja auch eine dicke Staubschicht erwarten, n\u00f6 nix. Definitiv weniger als wenn ich 1 Monat wohnen w\u00fcrde. Geruchsm\u00e4\u00dfig ging&#8217;s auch, bissl noch nach altem Tabak als nach den Geruchsdingern\/Wunderb\u00e4umen, die ich installiert hatte, aber ja eher versteckter bei den Kleidern. <\/p>\n<p>Was auch gut ist, dass ich hier im 2. Stock so gut wie keinerlei Probleme mit Spinnen in der Wohnung hab. Die hocken au\u00dfen vor der Eingangst\u00fcr, also im Erdgeschoss k\u00f6nnte man schon mehr Stress haben. Ich hab nach dem 1 Jahr gerade mal ein kleines Netz an der Bodenecke der Balkont\u00fcr, aber in keiner Ecke an der Decke oder sonst am Boden bisher entdeckt. Ok, au\u00dfen an der Balkont\u00fcr oder am Fenster(fliegennetz) gibts auch noch ein paar Spinnweben.<\/p>\n<p><a href='http:\/\/extra.inmontanis.info\/d\/129262-2\/DSC09180.jpg'><img src=http:\/\/extra.inmontanis.info\/d\/129261-3\/DSC09180.jpg \/><\/a><br \/>\n^ Spinne<\/p>\n<p>Achja, Mikrowellenbackofen hatte ich ja letztes Mal etwas geschrottet, Mikrowelle ging noch und Backofenfunktion stank nach wie vor oder wie war das? Also dann die gekaufte TK-Pizza eben in die Pfanne. Wo war nochmal die Pfanne? Hier nicht.. da auch nicht .. h\u00e4? Ah, da oben am kleinen Schrank \u00fcber den Tellern!<\/p>\n<p>Tja, 1 Jahr weg und man kennt sich in der eigenen Wohnung schon nicht mehr aus ;) Ok, so viel Zeit hab ich ja noch nicht hier drin verbracht und letzten Sommer hatte ich ja einige Umgestaltungen gemacht.<\/p>\n<p>Postbriefkasten war nat\u00fcrlich komplett voll, aber die Saisonkarte hatte auch noch reingepasst. Entt\u00e4uschend aber, dass sie nicht so ausschaut wie auf der Homepage dargestellt :( Hatte mich auf das Retro-Motiv gefreut, stattdessen n\u00fcchtern blau.<\/p>\n<p><a href='http:\/\/extra.inmontanis.info\/d\/129242-2\/DSC09181.jpg'><img src=http:\/\/extra.inmontanis.info\/d\/129241-3\/DSC09181.jpg \/><\/a><br \/>\n^ Post nach 1 Jahr; am hinteren Stapel in Blau die Saisonkarte<\/p>\n<p>Wann soll ich denn die ganzen \u00d6AMTC- und Ski-Hefte usw. lesen &#8230; falls da \u00fcberhaupt alle drin sind und der Postler nicht irgendwann welche weggeschmissen oder anderswo rein hat, weil kein Platz mehr war :)<\/p>\n<p>Rechnungen (zB. Strafzettel aus dem Ausland) oder dann noch eine Mahnung, kam zum Gl\u00fcck keine an. Puh!<\/p>\n<p>Gut, dass ich kein Tempo oder Klopapier gekauft hab &#8211; noch genug da.  Auch noch viel Essenszeug, was eben noch so lang haltbar war.<\/p>\n<p><strong>Mi, 6.11.2024<\/strong><\/p>\n<p>Die erste Nacht daheim brachte morgens etwas weniger R\u00fcckenschmerzen als auf der Couch meiner Mutter, aber das sollte nur f\u00fcr die erste Nacht gelten. Durch das gestrige Ein- und teilweise Ausr\u00e4umen, sowie Einkaufen ist meine Rippenprellung wieder st\u00e4rker sp\u00fcrbar.<\/p>\n<p>Die orientalischen Mauerwespen oder Topferwespen in meiner Balkont\u00fcr (siehe Bericht vom letzten Jahr) scheinen im Fr\u00fchjahr auch alle geschl\u00fcpft und den Weg nach au\u00dfen gefunden zu haben, die Nester wurden nicht neu belegt.<\/p>\n<p>Noch eine \u00dcberraschung: Die Spiker\u00e4der sind nicht am Balkon. Anscheinend hatte ich die doch im Keller untergebracht. Wie gesagt, hab viel vergessen, was ich da vor 1 Jahr alles umgestellt hatte. Da ich aber ja die Spikes heuer rausnehmen will, falls ich nach Slowenien fahren m\u00f6chte (und im April zum Schnalstaler, wobei ich da ja die aktuelle reichlich abgefahrenen WR umstecken k\u00f6nnte) &#8211; muss ich zumindest mal 2 nach oben bef\u00f6rdern mit meinem elektrischen Treppensteiger und schauen, ob ich die Spikes rausbekomm..<\/p>\n<p>So viel Zeug in der Wohnung, das man nun 1 Jahr nicht gebraucht und zu 80% wohl auch nicht vermisst hat .. <\/p>\n<p>Ok, den 22&#8243; Monitor hab ich schon vermisst. Alles wieder so sch\u00f6n gro\u00df ;) Aber auch daran gew\u00f6hnt man sich in wenigen Tagen.<\/p>\n<p><a href='http:\/\/extra.inmontanis.info\/d\/129246-2\/DSC09182.jpg'><img src=http:\/\/extra.inmontanis.info\/d\/129245-3\/DSC09182.jpg \/><\/a><br \/>\n^ Unterm Skigebiet der Koralpe scheint auch noch ein kleiner Schneefleck zu sein von dem Schneefall von vor knapp 1 Monat &#8211; wenn das wei\u00dfe Zeug nicht was anderes ist..<\/p>\n<p>Ob Skifahren am Gletscher diese Woche und Schlafen im Auto nicht doch schonender f\u00fcr meine Rippenprellung (links) gewesen w\u00e4re als das schwere Schleppen? Und der &#8220;Tennisarm&#8221; (Ellenbogen, rechts) ist leider auch noch nicht ganz verheilt. Wobei der ja durch die verkrampfte Skisteckenhaltung passiert ist.. <\/p>\n<p>Trotzdem muss ich ja das Thema Autoreifen angehen und ich holte mir einen mal rauf (mit dem Treppenseiger) um zu sehen, wie schwierig das nun wirklich werden w\u00fcrde. <\/p>\n<p>Als erstes hab ich den Reifen mal gewaschen in der Badewanne .. und dann muss er ja trocknen, also morgen ans Entspiken. Keine Ahnung, ob ich das wirklich schaffen werde ohne dem Spezialtool, das es anscheinend nur in USA gibt. Ein Schweizer hat auf seiner Website erkl\u00e4rt, wie er das selbst nachgebaut hat, M10-Schraube ausgeh\u00f6lt, Enden angeschliffen. Aber weder trau ich mir zu, eine Schraube zentral auszubohren und vern\u00fcnftig abzuschleifen, noch m\u00f6cht ich den ganzen Metallstaub in der Wohnung haben.<\/p>\n<p>Was war heut sonst noch? Das Beste am Wahlsieg von Trump in den USA ist, dass es den deutschen Mainstream-Medien&#038;Politiker missf\u00e4llt. Dann kann es ja nur positiv sein, dass Trump wieder an der Macht ist. Ansonsten war ich bei seiner letzten Amtszeit kein sonderlicher Fan von einigen seinen unberechenbaren Aktionen. Aber der ferngesteuerte Biden war ja auch zu vergessen. \u00c4hnliches Problem in Deutschland, der CSU-Merz ist ja nochmal kriegsgeiler als die Gr\u00fcnen, wenn der an die Macht kommen sollte, da war der Scholz ja immer die Bremse, wenn es um die Eskalierung des Ukrainekriegs ging. Es wird einfach alles schlechter. <\/p>\n<p>Da ich ja seit diesem Jahr wieder diese unn\u00f6tigen und bescheuerten Rundfunkgeb\u00fchren zahlen muss, da das nun auf Haushaltsebene ist, hab ich mich mal umgeschaut, wie das aktuell \u00fcberhaupt ausschauen w\u00fcrde, also terrestrisch, nicht mittels Satsch\u00fcssel, Fernsehen zu empfangen.<\/p>\n<p>Was war das in den 80ern\/90ern geil einfach und einfach geil! Man steckte das Antennenkabel von der Dose in den Fernseher (oder platzierte die Zimmerantenne dr\u00fcber) und drehte am Rad bzw. machte einen Sendersuchlauf und fand mehrere Programme, ARD, ZDF, BR3, sp\u00e4ter dann RTL, SAT1, Pro7 und Tele5 war glaub auch noch unverschl\u00fcsselt analog zu empfangen.<\/p>\n<p>Heute? Kompliziert ohne Ende. Weil kein analoges TV mehr ausgestrahlt wird. Und weil digital ja so geil ist, muss man f\u00fcr die meisten Dinge extra zahlen um aber weniger zu d\u00fcrfen. Verschl\u00fcsselungen, entsprechende Karten, ggf. mehrere Anbieter, zus\u00e4tzliche Kosten usw. usf. und dann sich auch noch mit Werbung berieseln lassen, ggf. darf man nichts mehr aufnehmen um die Werbung zu \u00fcberspringen &#8211; da hab ich doch schon nach 5 Minuten gemerkt, dass mir das zu bl\u00f6d ist und mit den Dingen, die ich noch von fr\u00fcher hab, nicht durchzuf\u00fchren sein wird. (Zuletzt in Innsbruck hatte ich ja eine Sat-Sch\u00fcssel sogar mit Dual-LNB f\u00fcr Astra und Eutelsat und eine DVB-S-USB-TV-Box f\u00fcrn Mac. <\/p>\n<p>Noch mehr Geld geb ich f\u00fcr den sinnlosen TV-M\u00fcll jedenfalls nicht aus. Reichen schon diese bescheuerten Zwangsabgaben da.<\/p>\n<p>Im \u00dcbrigen, weil das auch insbesondere die TV-Landschaft betrifft. Eine kleine Vielfalt ist sch\u00f6n, eine gro\u00dfe Vielfalt empfinde ich eher als Qual (der Wahl). Zu viele TV-Sender gab es, als man in der Programmzeitschrift zu viel Zeit brauchte, um das TV-Programm durchzusehen.  Eine zu gro\u00dfe Vielfalt bringt manche Leute ja auch dazu, gro\u00dfe Superm\u00e4rkte zu meiden, oder mich, gro\u00dfe Skigebiete zu meiden. Sagt der, der \u00fcber 700 Skigebiete besucht hat ;) Aber auch das ist eine Qual der Wahl. \u00c4ndert sich im Gegensatz zum TV-Programm aber nicht jeden Tag, sondern maximal 1x im Jahr.<\/p>\n<p><strong>Do, 7.11.2024<\/strong><\/p>\n<p>Ruhe und Lautmusikh\u00f6ren weil allein im Haus ist wohl wieder vorbei, zum Wochenende hin kommen auch mal wieder Nachbarn.<\/p>\n<p>Entspiken Reifen 1: Die innere H\u00e4lfte der Spikes ging mit dem richtigen Werkzeug recht gut zu entfernen, aber auf der \u00e4u\u00dferen H\u00e4lfte des Reifens gingen fast kaum noch welche so einfach wie bisher raus. Vermutlich irgendwie anders eingefahren, abgefahren, ..?! Zange schon abgenutzt?<\/p>\n<p><a href='http:\/\/extra.inmontanis.info\/d\/129250-2\/DSC09183.jpg'><img src=http:\/\/extra.inmontanis.info\/d\/129249-3\/DSC09183.jpg \/><\/a><br \/>\n^ Entspiken, ca. halber Reifen und das verwendete Werkzeug<\/p>\n<p>Den einen oder anderen Spike, der nicht raus will, wird man ja auch lassen k\u00f6nnen? Wird wohl ger\u00e4uschm\u00e4\u00dfig hoffentlich nicht auffallen, ist ja auch nix anderes als ein im Profil festgefahrener Stein ;)<\/p>\n<p>Ich holte mal das WD40-Spray aus dem Auto. Manche empfehlen Kriech\u00f6l zum Raustun der Spikes, manche empfehlen WD40-Spray, um alte Reifen wieder weicher zu machen, beides k\u00f6nnte also n\u00fctzlich sein, bevor mich Schwielen oder Blasen an den Fingern, die sich schon andeuteten, noch mehr schmerzen.<\/p>\n<p>Ging dann nach dem \u00d6len mit der Zange trotzdem nicht einfacher &#8211; rutsch einfach immer \u00f6fters ab. Dagegen hilft nur pure Gewalt (fester zudr\u00fccken). Was nach dem WD40-Einspr\u00fchen auch bzw. \u00fcberhaupt bzw. besser ging: mit dem Schraubenzieher raushebeln, also nebendran mit Gewalt den kleinen gelben Schraubenzieher reindr\u00fccken und dann seitlich umkippen, wenn man unten angelangt ist. Allerdings hab ich dabei gemerkt, dass um die Spikes wohl auch noch Gummi gewickelt ist, wie eine zus\u00e4tzliche Schlaufe.<\/p>\n<p>Hatte mir mal \u00fcberlegt, die TPMS-Sensoren aus den alten WR raus und in die hoffenlich bald Ex-Spiker\u00e4der einbauen zu lassen. Aber die anderen WR k\u00f6nnte man ja sonst auch mindestens nochmals im Sommer fahren, hatten teilweise ja noch \u00fcber 4,5mm, w\u00e4ren also auch f\u00fcr Winteranfang\/ende gut.<\/p>\n<p>Und die Spikereifen haben auch nur noch 5,5-6,5mm. Und wenn sie ohne Spikes nun mehr Profil verlieren, werden sie wohl auch nur noch diesen Winter reichen. Mit Spikes h\u00e4tte ich sie vielleicht noch eher 2 Winter fahren k\u00f6nnen, diesen mit Spikes in AT und n\u00e4chsten dann ohne in Skandinavien? Naja, je nachdem wieviel ich dann heuer fahre, vielleicht reichen sie doch noch auch n\u00e4chsten Winter. Oder ich misch dann die jeweils besten 2 zusammen.<\/p>\n<p><a href='http:\/\/extra.inmontanis.info\/d\/129254-2\/DSC09185.jpg'><img src=http:\/\/extra.inmontanis.info\/d\/129253-3\/DSC09185.jpg \/><\/a><br \/>\n^ So schaut der Reifen dann ohne Spikes aus. Die L\u00f6cher werden sich bald mit Dreck und Steinchen f\u00fcllen und in einigen Profillamellen haben sich ja bereits Steinchen festgefahren und dienen nun als Spikeersatz bei Eis :)<\/p>\n<p>Bei den vielen (Antik-) Souvenirs und B\u00fcchern usw. aus UK hab ich wohl eine Sache nicht ganz bedacht &#8211; wo soll das eigentlich alles hin, hab doch gar keinen Platz? Ok, einiges wird irgendwann an die Wand kommen &#8230;<\/p>\n<p>Und Essen? Endlich mal wieder \u00c4lplermaccaroni &#8211; mit Appenzeller, weils besser schmeckt.  War aber recht klein und teuer, also kommt auch anderer K\u00e4se mit rein.<\/p>\n<p><strong>Fr, 8.11.2024<\/strong><\/p>\n<p>Reifenentspiken Tag 2 &#8211; ich probierte es wieder mit der Kneifzange, einige Spikes wehrten sich, aber nach der 2. oder 3. Umrundung hatte ich alle Spikes mit der Kniefzange (ohne WD40) entfernen k\u00f6nnen. Vielleicht weil das Gummiprofil bei diesem Reifen etwas niedriger ist? War dann in ca. einer halben Stunde oder weniger erledigt. Morgen und \u00fcbermorgen die restlichen 2 Reifen und dann kann ich am Montag das Umstecken am Auto machen. Ab Mittwoch wird etwas Schnee gemeldet. Aber wohl zu wenig f\u00fcr irgendwo Skibetrieb in einer Woche.<\/p>\n<p>Um die H\u00e4nde zu schonen und weil ich ja die Reifen erst etwas reinigen muss, mach ich nur 1 Reifen pro Tag.<\/p>\n<p>Wird man vermutlich schwer nachvollziehen k\u00f6nnen, aber irgendwie h\u00e4tte ich Lust, mal wieder aus retrogr\u00fcnden an einem tragbaren Ger\u00e4t mit s\/w dot-matrix-display zu werkeln, spielen, eingeben, was auch immer. <\/p>\n<p>Klar, zur Not kann man den Psion3(a)-Emulator auf der Dos-Box am Planet-Handy starten .. oder am Windows- oder Linux-PC einfach auf &#8220;Graufstufen&#8221; umschalten. Eigentlich mag ichs ja besonders bunt, aber das geht tats\u00e4chlich und ist, wie ich einige Tage sp\u00e4ter mal probiert hab, durchaus einige Zeit lang angenehm f\u00fcrs Auge. Unter Android ist das wohl etwas umst\u00e4ndlicher ein\/auszuschalten. <\/p>\n<p>Wie \u00fcblich ging ich auch heute 1x zum Auto und mit mehreren vollgepackten T\u00fcten auf beiden Handseiten wieder in die Wohnung, mein t\u00e4glicher &#8220;Workout&#8221;. Allerdings sollte ich mit dem Entladen des Autos besser vor dem Schneefall fertig werden. <\/p>\n<p>Zu viel Zeug im Auto, zu viel Zeug in der Wohnung.  Der Wechsel zwischen Auto und Wohnung ist  ein halber Umzug, was schon nervig ist. Besser also 1 lange als 2 kurze Reisen.<\/p>\n<p>Kalt ist es unten am Auto. Am Fensterthermometer an der Wohnung 10\u00b0, also dann eher noch etwas k\u00fchler. Ich hab echt noch gar keine Lust auf K\u00e4lte. Vielleicht sollte ich mir das Skifahren ganz abgew\u00f6hnen oder den Winter in S\u00fcdeuropa verbringen ;)<\/p>\n<p><strong>Sa, 9.11.2024<\/strong><\/p>\n<p>An den Wochenenden hat man ja noch mehr Zeit, wenn man nur daheim ist .. da m\u00fcsste man auch mal unliebsamere Dinge angehen &#8230; wenn man sich denn \u00fcberwinden k\u00f6nnte .. nicht dass das Ausr\u00e4umen des Autos, das Entspiken der Reifen, das Umstecken der R\u00e4der nicht auch schon unliebsame Aufgaben w\u00e4ren, aber &#8230;<\/p>\n<p>Nicht \u00fcberlebt hat den Sommer leider auch einer der beiden Akkus der in Finnland gekauften heizbaren Handschuhe!<\/p>\n<p>Nicht nur, dass ich also eh schon die Handschuhe im Fr\u00fchjahr wegen Nichtfunktionieren eines der beiden auf Garantie austauschen musste, jetzt w\u00e4r auch noch ein Akku auszutauschen. Nur bin ich jetzt halt nicht in der N\u00e4he. Somit muss man wohl feststellen: Die amerikanische Marke 509 scheint auch nur den billigsten China-M\u00fcll zu verarbeiten, dann kann man auch gleich die billigen China-Handschuhe kaufen. <\/p>\n<p>Da ich heute mal TK-Schnitzel\/Pommes machen wollte, stellte sich die Frage des Zustands des Mikrowellenbackofens bei Hei\u00dfluft\/Grill-Funktion, stinkts noch, rauchts noch oder hatte ich letztes Jahr doch halbwegs alles reinigen k\u00f6nnen? Also mal 3min Testlauf. Es stinkt mal nicht soo stark und auch die Rauchentwicklung ist nicht sooo stark, aber doch noch riechbar.   L\u00e4ngerer Test und Rauchmelder mal deaktivieren ..<\/p>\n<p>.. riecht drau\u00dfen fast st\u00e4rker als innen, wenn man danach die T\u00fcr aufmacht. Rauchschwall kommt auch nicht mehr raus, wenn man die T\u00fcr aufmacht. Werd&#8217;s also mal probieren.<\/p>\n<p>Das Entspiken des 3. Reifens hab ich heut auf 3x aufgeteilt und ging wieder recht problemlos bis auf ca. 5 Spikes, wo beim versuchten Rausziehen nur der kleine Spikestift an der Zange blieb anstatt das dickere runde Unterteil mit. Da kann man dann den kleinen blauen Schraubenzieher reinstecken und rumpuhlen, manchmal geht das Unterteil dann so raus, sonst halt mit dem etwas gr\u00f6\u00dferen kleinen Schraubenzieher seitlich reinstechen und unter den unteren Teller kommen und dann raushebeln. Aber mit der Kneifzange geht&#8217;s definitiv angenehmer. Meistens 1x ansetzen, schr\u00e4g halten und schon flutscht das Ding raus. Manchmal rutscht man mit der Zange ab, dann neu greifen oder fester greifen oder in der anderen Richtung versuchen rauszuhebeln.<\/p>\n<p>Fies w\u00e4r ja, wenn ich heuer die Spikes in AT wirklich mal brauchen k\u00f6nnte wegen Glatteis&#8230;.<\/p>\n<p><a href='http:\/\/extra.inmontanis.info\/d\/129174-2\/DSC09189.jpg'><img src=http:\/\/extra.inmontanis.info\/d\/129173-3\/DSC09189.jpg \/><\/a><br \/>\n^ Oben die alte Fliese, die ich  mir im kleinen Antikladen in Ironbridge gekauft und noch nicht fotografiert hatte. Keine Ahnung, warum ich gerade die nahm :) Unten die Souvenirfliese aus Ironbridge hatte ja leider den platten Reifen und den folgenden Reifenwechsel nicht \u00fcberlebt &#8230;<\/p>\n<p><a href='http:\/\/extra.inmontanis.info\/d\/129178-2\/DSC09188.jpg'><img src=http:\/\/extra.inmontanis.info\/d\/129177-3\/DSC09188.jpg \/><\/a><br \/>\n^ .. danach hatte ich diese Doppelfliese unter die SItzschaumstoffe unter der Bettmatratze gelegt, war wohl auch keine gute Idee, falls das der Grund war, dass sie nun noch mehr gesprungen ist. Allerdings hatte sie auch schon beim Kauf welche.<\/p>\n<p>Der gestern noch gemeldete Schneefall f\u00fcr n\u00e4chste Woche wurde nun bei Bergfex wieder ausradiert, daf\u00fcr nun mehr Schnee in der Lombardei. <\/p>\n<p>Ounasvaara startet am Montag in die neue Saison. Im Gegensatz zum letzten Jahr, als ich dort war, liegt aber noch kein (messbarer) Naturschnee, sondern man verwendet eben die Depots. Insofern hatte ich letztes Jahr das richtige Jahr erwischt.<\/p>\n<p>Es gab ja auch Metallplatten-Musicboxen \/ &#8220;Spieldosen&#8221;, die nicht nur den Metall-Kamm hatten, sondern auch Glocken; teilweise konnten die sogar je nach Belieben ein- und ausgeschaltet werden, wie man hier sch\u00f6n sieht und auch den Unterschied h\u00f6rt (weiter hinten im Video):<\/p>\n<p><a href='https:\/\/www.youtube.com\/watch?v=nGqeSN22tmE'>https:\/\/www.youtube.com\/watch?v=nGqeSN22tmE<\/a><\/p>\n<p>Cool.<\/p>\n<p>Und das k\u00f6nnte die Platte sein, die ich im Automata-Museum in Schottland geh\u00f6rt hab:<\/p>\n<p><a href='https:\/\/www.youtube.com\/watch?v=n_FNWAJrEVg'>https:\/\/www.youtube.com\/watch?v=n_FNWAJrEVg<\/a><\/p>\n<p>Die Dinger gabs auch als &#8220;Juke Box&#8221;:<br \/>\n<a href='https:\/\/www.youtube.com\/watch?v=blkdd-pPEcA'>https:\/\/www.youtube.com\/watch?v=blkdd-pPEcA<\/a><\/p>\n<p>Gleiches Lied auf einem Tisch-Polyphon mit Glocken:<br \/>\n<a href='https:\/\/www.youtube.com\/watch?v=OsikuWTXbCc'>https:\/\/www.youtube.com\/watch?v=OsikuWTXbCc<\/a><\/p>\n<p>Wenn sie nur nicht so teuer w\u00e4ren ..<\/p>\n<p>Obwohl die Zeit dieser Platten-Spieldosen (Stimmkamm-Instrumente) ja relativ kurz war, haben allein die Polyphonwerke sehr viel verschiedene Modelle rausgebracht &#8211; und entsprechend verschiedene Platten mussten dann auch produziert werden. Dieses Bild zeigt 12 verschiedene Plattentypen in 10 verschiedenen Durchmessergr\u00f6\u00dfen, das &#8220;G&#8221; steht vmtl. f\u00fcr Glocken:<\/p>\n<p><a href='https:\/\/grammophon-platten.de\/e107_files\/public\/1359213684_340_FT14208_cover_cd26012013_0009.jpg'>https:\/\/grammophon-platten.de\/e107_files\/public\/1359213684_340_FT14208_cover_cd26012013_0009.jpg<\/a><\/p>\n<p>.. und es gab ja noch andere Hersetller, z.B. Symphonion, Kalliope, Regina, Mira &#8230; <\/p>\n<p>Ausf\u00fchrliche Geschichte \u00fcber diese Leipziger Erfolgsgeschichte mit vielen interessanten zus\u00e4tzlichen Infos:<br \/>\n<a href='https:\/\/www.alte-spieluhren.de\/lochplatten_spieldosen.htm'>https:\/\/www.alte-spieluhren.de\/lochplatten_spieldosen.htm<\/a><br \/>\n<a href='https:\/\/www.alte-spieluhren.de\/blechplatten-spieldosen_eine_dokumentation.htm'>https:\/\/www.alte-spieluhren.de\/blechplatten-spieldosen_eine_dokumentation.htm<\/a><\/p>\n<p>Gibt sogar ein Internetradio f\u00fcr mechanische Musikinstrumente &#8211; vom Orchestrion und der Jahrmarktorgel bis zur Spieldose soll hier laufen (wohl eher selten).. (aber in der hohen Dosis ists mir dann auch zu viel)<br \/>\n<a href='http:\/\/www.mechanicalmusicradio.com'>http:\/\/www.mechanicalmusicradio.com<\/a><\/p>\n<p>Erg\u00e4nzend zu meinem House-of-Automata-Bericht aus Schottland diesen Sommer ein Video vom Museum in York, das es nicht mehr gibt (anscheinend wurden die Sachen nach Japan verkauft):<br \/>\n<a href='https:\/\/www.youtube.com\/watch?v=SzOgsaXO7BE'>https:\/\/www.youtube.com\/watch?v=SzOgsaXO7BE<\/a><\/p>\n<p>.. so ging der Tag auch vorbei ..<\/p>\n<p>Das Essen war auch ok, also Backofenfunktion der Mikrowelle kann man wieder verwenden, hatte ich wohl letztes Jahr doch gut genug gereinigt.<\/p>\n<p>H\u00e4tte mir noch eine zweite Packung Penne Rigate kaufen sollen, wobei das Pesto Genovese, das ich im Auto gefunden hatte und in Norwegen gekauft hab, wohl leider als MHD Jan 2024 hat &#8211; ob das noch genie\u00dfbar ist&#8230; und wenn ja,  ob  es nicht auch noch 1 Monat l\u00e4nger h\u00e4lt, so dass ich es dann im Auto ess&#8230;<\/p>\n<p>Penne und andere Nudeln kann man aber auch von Amazon liefern lassen, 1,54 bzw. 1,33 f\u00fcr die Packung samt gratis Prime Lieferung. Oder in der Vollkornvariante nur 1,01 \u20ac. Da gibts tats\u00e4chlich Rezenten, die schreiben, dass die billigen Nudeln schlechter schmecken als zB Barilla. Also einerseits denk ich mir &#8220;ja, Billigzeug schmeckt immer schlechter&#8221;, aber ich hab noch nie irgendeinen geschmacklichen Unterschied bei Hartweizengries-Penne (ohne weitere Zutaten) zwischen irgendwelchen Marken bemerkt, egal ob teuer oder billig. Ich ess die Nudeln aber auch nicht ohne So\u00dfe. <\/p>\n<p><strong>So, 10.11.2024<\/strong><\/p>\n<p>Das Spikeziehen am 4. Reifen fing sehr entt\u00e4uschend an, bei fast allen rutschte ich mit der Kneifzange ab. Es scheint einen gro\u00dfen Unterschied zu machen, ob der Reifen noch 5-6mm oder 6-7mm Gummiprofil hat, je mehr Profil, desto schwieriger. Also musste ich wieder auf WD40 und Schraubenzieher umsteigen. <\/p>\n<p>War aber auch nicht soooo anstrengend dann und im Laufe des Tages (mehrere Etappen) waren sie alle drau\u00dfen. Hab ja Zeit.<\/p>\n<p><a href='http:\/\/extra.inmontanis.info\/d\/129258-2\/DSC09190.jpg'><img src=http:\/\/extra.inmontanis.info\/d\/129257-3\/DSC09190.jpg \/><\/a><br \/>\n^ Spikes von 4 Reifen<\/p>\n<p>Was auch ein interessantes Thema ist, die \u00c4nderung des Reifenluftdrucks. Laut Internet soll der Druck pro 10\u00b0 Temperatur weniger um ca. 0,1 bar abnehmen und bei 1000hm weniger um 0,1 bar zunehmen.<\/p>\n<p>Wenn ich also bei den 20\u00b0 in der Wohnung den Reifen auf 2,5 bar aufpumpen w\u00fcrde, w\u00e4ren das bei -20\u00b0 hier oben 2,1 bar und im Tal 2,2 bar bzw. bei 0\u00b0 im Tal 2,4 bar.<\/p>\n<p>Laut Webcam heut wieder Nebel im Tal, bei mir heroben merkt man davon nix, sonnig wie schon die ganze Woche (und Nebel im Tal laut Webcam-Historie)! Wei\u00df gar nicht, ob ich schon mal so viel blauen Himmel ohne Wolken hier oben erlebt hab. <\/p>\n<p>Mittlerweile hat Bergfex den Schneefall in einigen Tagen mehr oder weniger wieder komplett ausradiert, auch f\u00fcr Norditalien. So wird das nix mit WE-Betrieb am 16.\/17.11. in Hinterstoder.<\/p>\n<p>Thema 7,4V-LiIon-Akku Heizhandschuh .. mal mein Multimeter aus dem Auto geholt, das hatte nur noch 0,12V gemessen. Hab ihn trotzdem mal an ein Universalnetzteil mit 9V gehangen, kurz danach zeigte er 6,1V an, aber das Ladeger\u00e4t wollte noch nicht laden. Der Handschuh lie\u00df sich ganz kurz einschalten, dann brach der Akku wieder auf 0,1V ein.<\/p>\n<p>Nachdem ich ein paar mal das Netzteil auf 12V kurz hinauf und wieder runtgeschaltet hatte, nahm der defekte AKku mal mehr Strom auf und hatte innerhalb weniger Minuten 7V, sp\u00e4ter 7,2V und am Handschuh angesteckt blieb dieser eingeschaltet. Aber das offizielle Netzteil weigerte sich nach wie vor, den Ladevorgang fortzusetzen. Tja.<\/p>\n<p>Preise f\u00fcr derartige Ersatzakkus (1 Paar) bei Amazon sind Apothekerpreise, 39 \u20ac, 43 \u20ac, 48 \u20ac, 50 \u20ac, 60 \u20ac &#8230; um den Preis bekommt man ja schon fast wieder ein paar neue Heizhandschuhe.<\/p>\n<p>Auch schon wieder geil: &#8220;Great for eating Gloves&#8221; steht bei einem dabei :))) Tja, so ein &#8220;h&#8221; kann schon manchmal wichtig sein.<\/p>\n<p>Bei den teureren Akkus g\u00e4bs noch teurere Varianten mit gr\u00f6\u00dferer Kapazit\u00e4t (3,5 odwer 5 Ah statt 2,2 Ah) &#8211; was ja wiederum interessant sein k\u00f6nnte, sind allerdings nat\u00fcrlich dicker. Kost dann aber 70 \u20ac. Andere Heizhandschuhe werden mit einem anderen 5Ah-Akku um 70 angeboten.. aber falls der Handschuh dann umso d\u00fcnner ist &#8230;<\/p>\n<p>Um 30 \u20ac g\u00e4b&#8217;s Akkus mit 3 Ah, aber etwas anderem Formfaktor (eher quadratisch), k\u00f6nnte aber auch passen. Und um 50 \u20ac g\u00e4b&#8217;s Handschuhe mit Akkus mit 3 Ah, die auch so aussehen, leider auch ohne USB-Netzteil. Das g\u00e4bs anderswo auch um 20-30 \u20ac. Tja, k\u00f6nnte man kaufen, dann h\u00e4tte man halt noch ein drittes Paar Heizhandschuhe. Fraglich h\u00f6chstens, ob gleich kaufen oder auf Blackweek warten. Und ob die Handschuhe dick+warm oder d\u00fcnn sind. Ob der Stecker bei den Akkus ident zu meinen ist, auch fraglich, da nicht erkennbar, wie dick der innere Stift (Pol) ist.<\/p>\n<p>Auch witzig, meine ersten Bestellungen auf Amazon waren (laut Bestell\u00fcberblick auf Amazon selbst) ja 2002, damals aber nur CDs, bei 2 steht dabei &#8220;Versp\u00e4tet, noch nicht versendet&#8221; &#8211; so ein quatsch, die hatte ich damals durchaus erhalten. 2003 ebenfalls nur CDs. 2004 nix, 2005 nur DVDs, 2006 nur die Italienisch-Sprachkurs-Software-CDs, 2009+2010 dann auch erstmals Kamerazubeh\u00f6r und andere Produkte. Amazon hatte ja als Buchh\u00e4ndler angefangen.<\/p>\n<p><em>Im n\u00e4chsten Bericht gibts dann hoffentlich endlich die Karte mit der restlichen Fahrstrecke samt POIs sowie die gesamte Strecke der Reise und der 2025er Kalender kommt auch noch im November.<\/em><\/p>\n<p>&#8211; &#8211; &#8211;<\/p>\n<p>&#8220;Die Tagesschau ist zum Propagandasender verkommen. Sie ist ein \u00e4u\u00dferst wirksames Institut der Indoktrination. Der Erkenntniswert ihres Nachrichtenangebots orientiert sich am Kaloriengehalt einer Salatgurke.&#8221;<br \/>\n&#8220;Talkshows sind nichts anderes als teure Showb\u00fchnen f\u00fcr mittelm\u00e4\u00dfige Vertreter der herrschenden Eliten&#8221;<br \/>\n<a href='https:\/\/www.nachdenkseiten.de\/?p=124272'>https:\/\/www.nachdenkseiten.de\/?p=124272<\/a><\/p>\n<p>&#8220;Anstatt endlich den Kurs zu \u00e4ndern, will Scholz stattdessen gigantische Schulden aufnehmen, um diese Politik fortzusetzen und immer mehr Probleme f\u00fcr die Zukunft schaffen.&#8221;<br \/>\n&#8220;Wer glaubt, dass sich nach Neuwahlen etwas \u00e4ndern wird, der muss bedenken, dass Oppositionsf\u00fchrer Merz eine noch radikalere Unterst\u00fctzung der Ukraine fordert.&#8221;<br \/>\n&#8220;Kurz und gut: Deutschland hat fertig&#8221;<br \/>\n<a href='https:\/\/anti-spiegel.ru\/2024\/was-die-erklaerung-von-scholz-zum-ende-der-koalition-ueber-die-perspektiven-deutschlands-verraet\/'>https:\/\/anti-spiegel.ru\/2024\/was-die-erklaerung-von-scholz-zum-ende-der-koalition-ueber-die-perspektiven-deutschlands-verraet\/<\/a><\/p>\n","protected":false},"excerpt":{"rendered":"<p>Di, 5.11.2024 &#8211; 409. und letzter Reisetag <\/p>\n<p>G\u00fcnstigstes Benzin heute gesehen um 1,43 \u20ac in Innsbruck (Diesel ebenso). Sp\u00e4ter um\/\u00fcber\/unter 1,50.<\/p>\n<p>Die Fahrt zur Koralpe verlief problemlos, ohne Stau und nicht sehr anstrengend. Hatte mich ja f\u00fcr die Variante Kitzb\u00fchel &#8211; Pass Thurn &#8211; Zell am See &#8211; Wagrein &#8211; Schladming &#8211; S\u00f6lkpass entschieden. <a href=\"http:\/\/blog.inmontanis.info\/?p=10412\">[&#8230;]<\/a><\/p>\n","protected":false},"author":1,"featured_media":10416,"comment_status":"closed","ping_status":"closed","sticky":false,"template":"","format":"standard","meta":{"footnotes":""},"categories":[912,200,13],"tags":[],"class_list":["post-10412","post","type-post","status-publish","format-standard","has-post-thumbnail","hentry","category-2023-09-2024-xx-skandinavien","category-koralpe","category-austria","odd"],"_links":{"self":[{"href":"http:\/\/blog.inmontanis.info\/index.php?rest_route=\/wp\/v2\/posts\/10412","targetHints":{"allow":["GET"]}}],"collection":[{"href":"http:\/\/blog.inmontanis.info\/index.php?rest_route=\/wp\/v2\/posts"}],"about":[{"href":"http:\/\/blog.inmontanis.info\/index.php?rest_route=\/wp\/v2\/types\/post"}],"author":[{"embeddable":true,"href":"http:\/\/blog.inmontanis.info\/index.php?rest_route=\/wp\/v2\/users\/1"}],"replies":[{"embeddable":true,"href":"http:\/\/blog.inmontanis.info\/index.php?rest_route=%2Fwp%2Fv2%2Fcomments&post=10412"}],"version-history":[{"count":3,"href":"http:\/\/blog.inmontanis.info\/index.php?rest_route=\/wp\/v2\/posts\/10412\/revisions"}],"predecessor-version":[{"id":10415,"href":"http:\/\/blog.inmontanis.info\/index.php?rest_route=\/wp\/v2\/posts\/10412\/revisions\/10415"}],"wp:featuredmedia":[{"embeddable":true,"href":"http:\/\/blog.inmontanis.info\/index.php?rest_route=\/wp\/v2\/media\/10416"}],"wp:attachment":[{"href":"http:\/\/blog.inmontanis.info\/index.php?rest_route=%2Fwp%2Fv2%2Fmedia&parent=10412"}],"wp:term":[{"taxonomy":"category","embeddable":true,"href":"http:\/\/blog.inmontanis.info\/index.php?rest_route=%2Fwp%2Fv2%2Fcategories&post=10412"},{"taxonomy":"post_tag","embeddable":true,"href":"http:\/\/blog.inmontanis.info\/index.php?rest_route=%2Fwp%2Fv2%2Ftags&post=10412"}],"curies":[{"name":"wp","href":"https:\/\/api.w.org\/{rel}","templated":true}]}}