{"id":10401,"date":"2024-10-13T10:09:18","date_gmt":"2024-10-13T08:09:18","guid":{"rendered":"http:\/\/blog.inmontanis.info\/?p=10401"},"modified":"2024-11-03T10:22:41","modified_gmt":"2024-11-03T09:22:41","slug":"trammuseum-museumstram-thuin-13-10-2024-antiques","status":"publish","type":"post","link":"http:\/\/blog.inmontanis.info\/?p=10401","title":{"rendered":"Trammuseum &#038; Museumstram Thuin, 13.10.2024 \/ + Antiques"},"content":{"rendered":"<p><strong>So, 13.10.2024<\/strong><\/p>\n<p>Um 7:50 an dem Antik-Flohmarkt angekommen, war der Parkplatz schon sehr voll (und matschig), wobei auch einige schon wieder abfuhren, es soll H\u00e4ndler in der Halle geben und auch drau\u00dfen, wobei man ja drau\u00dfen aufgrund der Dunkelheit noch kaum etwas gesehen hat.<\/p>\n<p>Drau\u00dfen war&#8217;s mir zu kalt und selten Preise angeschrieben, h\u00e4tte eigentlich eh nix gefunden, aber gut, hab ja auch keinen Platz mehr im Auto. Schade, dass es keine kostenfreien Toiletten gibt (w\u00fcrden 1 \u20ac kosten, kann man also verdr\u00fccken). Als aufrechter Belgier zahlt man vmtl. mind. 100 \u20ac im Jahr f\u00fcr die Ben\u00fctzung \u00f6ffentlicher Toiletten ;)<\/p>\n<p>Einige H\u00e4ndler und Kunden bzw. wohl selbst H\u00e4ndler und als Kunden unterwegs, kommen einem auch sehr harsch im Umgang miteinander vor, drau\u00dfen wird nat\u00fcrlich gequalmt, aber es schien auch recht viel verkauft zu werden, viele liefen mit Zeug in den H\u00e4nden herum.<\/p>\n<p><a href='http:\/\/extra.inmontanis.info\/d\/129010-2\/IMG_20241013_080641.jpg'><img src=http:\/\/extra.inmontanis.info\/d\/129009-3\/IMG_20241013_080641.jpg \/><\/a><br \/>\n^ Es gibt H\u00e4ndler, die im Freien sind und ihre Sachen also jede Woche aufstellen, sowie H\u00e4ndler in der Halle, die ihre Sachen vmtl. die ganze Zeit stehen lassen<\/p>\n<p><a href='http:\/\/extra.inmontanis.info\/d\/129014-2\/IMG_20241013_080738.jpg'><img src=http:\/\/extra.inmontanis.info\/d\/129013-3\/IMG_20241013_080738.jpg \/><\/a><br \/>\n^ Gef\u00e4llt mir, aber als ganzes Service nat\u00fcrlich zu viel und zu teuer (250 \u20ac)<\/p>\n<p><a href='http:\/\/extra.inmontanis.info\/d\/129018-2\/IMG_20241013_080751.jpg'><img src=http:\/\/extra.inmontanis.info\/d\/129017-3\/IMG_20241013_080751.jpg \/><\/a><br \/>\n^ <\/p>\n<p><a href='http:\/\/extra.inmontanis.info\/d\/129022-2\/IMG_20241013_081802.jpg'><img src=http:\/\/extra.inmontanis.info\/d\/129021-3\/IMG_20241013_081802.jpg \/><\/a><br \/>\n^ <\/p>\n<p><a href='http:\/\/extra.inmontanis.info\/d\/129026-2\/IMG_20241013_081942.jpg'><img src=http:\/\/extra.inmontanis.info\/d\/129025-3\/IMG_20241013_081942.jpg \/><\/a><br \/>\n^ Etliche Abteile in der Halle sind allerdings leer oder waren heute geschlossen<\/p>\n<p><a href='http:\/\/extra.inmontanis.info\/d\/129030-2\/IMG_20241013_082021.jpg'><img src=http:\/\/extra.inmontanis.info\/d\/129029-3\/IMG_20241013_082021.jpg \/><\/a><br \/>\n^ Wenn der Teller mittig kein Motiv h\u00e4tte, also ein funktionabler Ess-Teller gewesen w\u00e4re, h\u00e4tte ich ihn gekauft<\/p>\n<p><a href='http:\/\/extra.inmontanis.info\/d\/129034-2\/IMG_20241013_082501.jpg'><img src=http:\/\/extra.inmontanis.info\/d\/129033-3\/IMG_20241013_082501.jpg \/><\/a><br \/>\n^ <\/p>\n<p><a href='http:\/\/extra.inmontanis.info\/d\/129038-2\/IMG_20241013_082518.jpg'><img src=http:\/\/extra.inmontanis.info\/d\/129037-3\/IMG_20241013_082518.jpg \/><\/a><br \/>\n^ <\/p>\n<p><a href='http:\/\/extra.inmontanis.info\/d\/129042-2\/IMG_20241013_082651.jpg'><img src=http:\/\/extra.inmontanis.info\/d\/129041-3\/IMG_20241013_082651.jpg \/><\/a><br \/>\n^ Alte Registrierkarten<\/p>\n<p><a href='http:\/\/extra.inmontanis.info\/d\/129046-2\/IMG_20241013_082807.jpg'><img src=http:\/\/extra.inmontanis.info\/d\/129045-3\/IMG_20241013_082807.jpg \/><\/a><br \/>\n^ .. und ein alter Spielautomat, wie man sie ihm UK auch findet<\/p>\n<p><a href='http:\/\/extra.inmontanis.info\/d\/129050-2\/IMG_20241013_083032.jpg'><img src=http:\/\/extra.inmontanis.info\/d\/129049-3\/IMG_20241013_083032.jpg \/><\/a><br \/>\n^ Sehr gro\u00dfe Gegenst\u00e4nde, nicht nur die Figuren, auch der Spiegel hinten!<\/p>\n<p><a href='http:\/\/extra.inmontanis.info\/d\/129054-2\/IMG_20241013_083156.jpg'><img src=http:\/\/extra.inmontanis.info\/d\/129053-3\/IMG_20241013_083156.jpg \/><\/a><br \/>\n^ .. oder auch das Gem\u00e4lde und die Amphoren<\/p>\n<p>Ich nahm mir an einem Stand noch eine warme (nicht mikrowellen gew\u00e4rmte) belgische Waffel um 3 \u20ac mit. Als ich dann bereits um 9 Uhr wieder zum Auto ging, waren mehr Pl\u00e4tze frei, aber einige H\u00e4ndler haben ihre St\u00e4nde noch nicht ganz aufgebaut. Ne ne, da gefallen mir die britischen Antik-Hallen\/Emporien\/Zentren besser.<\/p>\n<p>Leider hatte ich falsch im Kopf gehabt oder gestern wo falsch nachgesehen, dass das Trammuseum in Thuin um 9 oder 9:30 \u00f6ffnen w\u00fcrde &#8211; laut Homepage aber erst um 11 Uhr, da h\u00e4tte ich also eine Stunde l\u00e4nger schlafen k\u00f6nnen. Dann also erst noch einen Supermarkt besuchen (anstatt danach). In Belgien soll es, wie in Frankreich, noch kein Plastikflaschenpfand geben. Genug gekauft muss ich mich also in DE nicht damit auseinandersetzen, wobei ich auch noch 2 2l Flaschen aus UK habe.<\/p>\n<p>Wie fast zu erwarten, gibts bei den Saucengl\u00e4sern in Frankreich und somit auch im frankophonen Belgien auch eine B\u00e9arnaise. Mal gespannt wie die im Vgl. zur schwedischen So\u00dfe schmeckt ;)<\/p>\n<p><a href='http:\/\/extra.inmontanis.info\/d\/129058-2\/IMG_20241013_102305_7.jpg'><img src=http:\/\/extra.inmontanis.info\/d\/129057-3\/IMG_20241013_102305_7.jpg \/><\/a><br \/>\n^ So\u00dfenregal im belgischen Supermartkt ;) Und auch eine B\u00e9arnaise gab&#8217;s. Mal gespannt, wie die im Vergleich zu der aus Schweden schmeckt<\/p>\n<p>Tankstellenpreise waren morgens allerdings immer noch recht teuer.. <\/p>\n<p>Kurz vor 11 kam ich am Trammuseum samt Museumstram in Thuin an. Macht zwar um 11 Uhr auf, aber die ersten Trams fahren erst ab 1320 (!). Somit mehr als genug Zeit blieb, um sich den Museumsteil anzusehen. Tagesticket kostet 13,- \u20ac.<\/p>\n<p>Leider gibt&#8217;s nicht allzuviel zu lesen,  auch an den einzelnen Fahrzeugen steht nichts dabei, zB. wann sie gebaut wurden, von wann bis wann sie wo im Einsatz waren etc.<\/p>\n<p>Sch\u00f6n aber, dass man, wie auch in Br\u00fcssel und D\u00e4nemark und entgegen den Gepflogenheiten im UK, die alten Trams besteigen darf.<\/p>\n<p>Das Vicinal-Netz, wo diese Trams durch Stadt, Land und D\u00f6rfer fuhren, zog sich durch ganz Belgien und betrog mehrere 1.000 km, in den 90ern soll die letzte in Betrieb gewesen sein bzw. blieb ja noch quasi die &#8220;Kusttram&#8221; \u00fcbrig.<\/p>\n<p><a href='http:\/\/extra.inmontanis.info\/d\/128654-2\/DSC08874.jpg'><img src=http:\/\/extra.inmontanis.info\/d\/128652-3\/DSC08874.jpg \/><\/a><br \/>\n^ Museumshalle<\/p>\n<p><a href='http:\/\/extra.inmontanis.info\/d\/128658-2\/DSC08873.jpg'><img src=http:\/\/extra.inmontanis.info\/d\/128657-3\/DSC08873.jpg \/><\/a><br \/>\n^ Anfahrtszeiten der Trams, links die kurze Tramway in den Ort, mittig die Dieseltram\/Schienenbus und rechts die lange Tram nach Lobbes. Wurden dann aber nicht wirklich eingehalten, sondern etwas nach Bedarf verkehrt<\/p>\n<p><a href='http:\/\/extra.inmontanis.info\/d\/128662-2\/DSC08879.jpg'><img src=http:\/\/extra.inmontanis.info\/d\/128661-3\/DSC08879.jpg \/><\/a><br \/>\n^ Caf\u00e9<\/p>\n<p><a href='http:\/\/extra.inmontanis.info\/d\/128666-2\/DSC08884.jpg'><img src=http:\/\/extra.inmontanis.info\/d\/128665-3\/DSC08884.jpg \/><\/a><br \/>\n^ Fenster erinnern an die Trams auf der Isle of Man, aber hier mit zus\u00e4tzlicher Abdeckung (derzeit runtergelassen)<\/p>\n<p><a href='http:\/\/extra.inmontanis.info\/d\/128670-2\/DSC08886.jpg'><img src=http:\/\/extra.inmontanis.info\/d\/128669-3\/DSC08886.jpg \/><\/a><br \/>\n^ Holz- und Polsterabteile je nach Klasse<\/p>\n<p><a href='http:\/\/extra.inmontanis.info\/d\/128674-2\/DSC08887.jpg'><img src=http:\/\/extra.inmontanis.info\/d\/128673-3\/DSC08887.jpg \/><\/a><br \/>\n^ Wagen mit L\u00e4ngssitzen an der Seite<\/p>\n<p><a href='http:\/\/extra.inmontanis.info\/d\/128678-2\/DSC08893.jpg'><img src=http:\/\/extra.inmontanis.info\/d\/128677-3\/DSC08893.jpg \/><\/a><br \/>\n^ Ofen zum Heizen und hinten ein sehr bequemes Abteil<\/p>\n<p><a href='http:\/\/extra.inmontanis.info\/d\/128682-2\/DSC08895.jpg'><img src=http:\/\/extra.inmontanis.info\/d\/128681-3\/DSC08895.jpg \/><\/a><br \/>\n^ Wie im UK wurden manche alten Trams wohl in G\u00e4rten und sonstwie verwendet<\/p>\n<p><a href='http:\/\/extra.inmontanis.info\/d\/128686-2\/DSC08899.jpg'><img src=http:\/\/extra.inmontanis.info\/d\/128685-3\/DSC08899.jpg \/><\/a><br \/>\n^ <\/p>\n<p><a href='http:\/\/extra.inmontanis.info\/d\/128690-2\/DSC08900.jpg'><img src=http:\/\/extra.inmontanis.info\/d\/128689-3\/DSC08900.jpg \/><\/a><br \/>\n^ Schaut aus wie ein Eisenbahnwagen, aber oben sieht man den Stangenstromabnehmer!<\/p>\n<p><a href='http:\/\/extra.inmontanis.info\/d\/128694-2\/DSC08903.jpg'><img src=http:\/\/extra.inmontanis.info\/d\/128693-3\/DSC08903.jpg \/><\/a><br \/>\n^ Verschiedene Sitzm\u00f6glichkeiten, dahinter dann gepolstert<\/p>\n<p><a href='http:\/\/extra.inmontanis.info\/d\/128698-2\/DSC08905.jpg'><img src=http:\/\/extra.inmontanis.info\/d\/128697-3\/DSC08905.jpg \/><\/a><br \/>\n^ Offener Wagen, kurioserweise mit Gang innen &#8211; vmtl. f\u00fcr den Schaffner. Also da sind die auf der Isle of Man schon eleganter und besser mit den Klapp\/Schwing-Lehnen<\/p>\n<p><a href='http:\/\/extra.inmontanis.info\/d\/128702-2\/DSC08907.jpg'><img src=http:\/\/extra.inmontanis.info\/d\/128701-3\/DSC08907.jpg \/><\/a><br \/>\n^ Viel in Gr\u00fcn, aber dahinter in Blau<\/p>\n<p><a href='http:\/\/extra.inmontanis.info\/d\/128706-2\/DSC08912.jpg'><img src=http:\/\/extra.inmontanis.info\/d\/128705-3\/DSC08912.jpg \/><\/a><br \/>\n^ Gep\u00e4ck- und G\u00fcterabteil<\/p>\n<p><a href='http:\/\/extra.inmontanis.info\/d\/128710-2\/DSC08916.jpg'><img src=http:\/\/extra.inmontanis.info\/d\/128709-3\/DSC08916.jpg \/><\/a><br \/>\n^ In der blauen Tram&#8230;<\/p>\n<p><a href='http:\/\/extra.inmontanis.info\/d\/128714-2\/DSC08917.jpg'><img src=http:\/\/extra.inmontanis.info\/d\/128713-3\/DSC08917.jpg \/><\/a><br \/>\n^ &#8230; hier gibts mal Richtungssitze mit der verstellbaren R\u00fcckenlehne, aber sehr breiter Sitzfl\u00e4che<\/p>\n<p><a href='http:\/\/extra.inmontanis.info\/d\/128718-2\/DSC08918.jpg'><img src=http:\/\/extra.inmontanis.info\/d\/128717-3\/DSC08918.jpg \/><\/a><br \/>\n^ Der Lack bl\u00e4ttert von der Decke, eigenartigerweise ist das Relief in der Lackschicht?! Also vielleicht kein Lack, sondern eine Folie?<\/p>\n<p><a href='http:\/\/extra.inmontanis.info\/d\/128722-2\/DSC08921.jpg'><img src=http:\/\/extra.inmontanis.info\/d\/128721-3\/DSC08921.jpg \/><\/a><br \/>\n^ Diesel-Tram\/Schienenbus<\/p>\n<p><a href='http:\/\/extra.inmontanis.info\/d\/128726-2\/DSC08923.jpg'><img src=http:\/\/extra.inmontanis.info\/d\/128725-3\/DSC08923.jpg \/><\/a><br \/>\n^ Diesel-Tram\/Schienenbus<\/p>\n<p><a href='http:\/\/extra.inmontanis.info\/d\/128730-2\/DSC08924.jpg'><img src=http:\/\/extra.inmontanis.info\/d\/128729-3\/DSC08924.jpg \/><\/a><br \/>\n^ <\/p>\n<p><a href='http:\/\/extra.inmontanis.info\/d\/128734-2\/DSC08927.jpg'><img src=http:\/\/extra.inmontanis.info\/d\/128733-3\/DSC08927.jpg \/><\/a><br \/>\n^ Diesel-Tram\/Schienenbus<\/p>\n<p><a href='http:\/\/extra.inmontanis.info\/d\/128738-2\/DSC08930.jpg'><img src=http:\/\/extra.inmontanis.info\/d\/128737-3\/DSC08930.jpg \/><\/a><br \/>\n^ Diesel-Tram\/Schienenbus<\/p>\n<p><a href='http:\/\/extra.inmontanis.info\/d\/128742-2\/DSC08931.jpg'><img src=http:\/\/extra.inmontanis.info\/d\/128741-3\/DSC08931.jpg \/><\/a><br \/>\n^ Dampf-Tram, f\u00e4hrt auch \u00f6fters hier<\/p>\n<p><a href='http:\/\/extra.inmontanis.info\/d\/128746-2\/DSC08932.jpg'><img src=http:\/\/extra.inmontanis.info\/d\/128745-3\/DSC08932.jpg \/><\/a><br \/>\n^ G\u00fcterwaggons<\/p>\n<p><a href='http:\/\/extra.inmontanis.info\/d\/128750-2\/DSC08934.jpg'><img src=http:\/\/extra.inmontanis.info\/d\/128749-3\/DSC08934.jpg \/><\/a><br \/>\n^ Fotos der Stadt-Land-Trams<\/p>\n<p><a href='http:\/\/extra.inmontanis.info\/d\/128754-2\/DSC08937.jpg'><img src=http:\/\/extra.inmontanis.info\/d\/128753-3\/DSC08937.jpg \/><\/a><br \/>\n^ Fotos der Stadt-Land-Trams mit Dampf<\/p>\n<p><a href='http:\/\/extra.inmontanis.info\/d\/128758-2\/DSC08939.jpg'><img src=http:\/\/extra.inmontanis.info\/d\/128757-3\/DSC08939.jpg \/><\/a><br \/>\n^ Alter Netzplan, wenn ich das recht verstehe 3.395km Damp, 1.428km elektrifiziert (mit den Tramwagen also) und 3.289km Bus.<\/p>\n<p><a href='http:\/\/extra.inmontanis.info\/d\/128762-2\/DSC08941.jpg'><img src=http:\/\/extra.inmontanis.info\/d\/128761-3\/DSC08941.jpg \/><\/a><br \/>\n^ <\/p>\n<p><a href='http:\/\/extra.inmontanis.info\/d\/128766-2\/DSC08948.jpg'><img src=http:\/\/extra.inmontanis.info\/d\/128765-3\/DSC08948.jpg \/><\/a><br \/>\n^ Mehrer DVDs anscheinend liefen hintereinander an einem Bildschirm ab, die letzte der Vicinal-Linien wurde erst in den 1990ern geschlossen<\/p>\n<p><a href='http:\/\/extra.inmontanis.info\/d\/128770-2\/DSC08951.jpg'><img src=http:\/\/extra.inmontanis.info\/d\/128769-3\/DSC08951.jpg \/><\/a><br \/>\n^ Tram-Fahrer-Steuerung<\/p>\n<p><a href='http:\/\/extra.inmontanis.info\/d\/128774-2\/DSC08952.jpg'><img src=http:\/\/extra.inmontanis.info\/d\/128773-3\/DSC08952.jpg \/><\/a><br \/>\n^ Gr\u00fcn und Gold<\/p>\n<p><a href='http:\/\/extra.inmontanis.info\/d\/128778-2\/DSC08953.jpg'><img src=http:\/\/extra.inmontanis.info\/d\/128777-3\/DSC08953.jpg \/><\/a><br \/>\n^ Dioramen<\/p>\n<p><a href='http:\/\/extra.inmontanis.info\/d\/128782-2\/DSC08954.jpg'><img src=http:\/\/extra.inmontanis.info\/d\/128781-3\/DSC08954.jpg \/><\/a><br \/>\n^ PCC(?) &#8211; Tramwagen<\/p>\n<p><a href='http:\/\/extra.inmontanis.info\/d\/128786-2\/DSC08955.jpg'><img src=http:\/\/extra.inmontanis.info\/d\/128785-3\/DSC08955.jpg \/><\/a><br \/>\n^ PCC(?) &#8211; Tramwagen, der Fahrer hier hat Fu\u00dfpedale<\/p>\n<p><a href='http:\/\/extra.inmontanis.info\/d\/128790-2\/DSC08956.jpg'><img src=http:\/\/extra.inmontanis.info\/d\/128789-3\/DSC08956.jpg \/><\/a><br \/>\n^ PCC(?) &#8211; Tramwagen; der Fenster\u00f6ffnungsmechanismus ist auch interessant, die Kurbel ist ja oben an den runen Fensterchen, aber der obere Teil der eckigen Fenster geht dann nach oben!<\/p>\n<p><a href='http:\/\/extra.inmontanis.info\/d\/128794-2\/DSC08962.jpg'><img src=http:\/\/extra.inmontanis.info\/d\/128793-3\/DSC08962.jpg \/><\/a><br \/>\n^ Hier steuert der Fahrer noch mit der Hand<\/p>\n<p><a href='http:\/\/extra.inmontanis.info\/d\/128798-2\/DSC08963.jpg'><img src=http:\/\/extra.inmontanis.info\/d\/128797-3\/DSC08963.jpg \/><\/a><br \/>\n^ <\/p>\n<p><a href='http:\/\/extra.inmontanis.info\/d\/128802-2\/DSC08964.jpg'><img src=http:\/\/extra.inmontanis.info\/d\/128801-3\/DSC08964.jpg \/><\/a><br \/>\n^ Holzfaltt\u00fcren<\/p>\n<p><a href='http:\/\/extra.inmontanis.info\/d\/128806-2\/DSC08966.jpg'><img src=http:\/\/extra.inmontanis.info\/d\/128805-3\/DSC08966.jpg \/><\/a><br \/>\n^ Controller<\/p>\n<p><a href='http:\/\/extra.inmontanis.info\/d\/128810-2\/DSC08967.jpg'><img src=http:\/\/extra.inmontanis.info\/d\/128809-3\/DSC08967.jpg \/><\/a><br \/>\n^ Tram oben, Tram unten, Bergwerkszug in der Mitte?<\/p>\n<p><a href='http:\/\/extra.inmontanis.info\/d\/128814-2\/DSC08975.jpg'><img src=http:\/\/extra.inmontanis.info\/d\/128813-3\/DSC08975.jpg \/><\/a><br \/>\n^ Au\u00dfengel\u00e4nde<\/p>\n<p><a href='http:\/\/extra.inmontanis.info\/d\/128818-2\/DSC08976.jpg'><img src=http:\/\/extra.inmontanis.info\/d\/128817-3\/DSC08976.jpg \/><\/a><br \/>\n^ Haus nebendran<\/p>\n<p><a href='http:\/\/extra.inmontanis.info\/d\/128822-2\/DSC08982.jpg'><img src=http:\/\/extra.inmontanis.info\/d\/128821-3\/DSC08982.jpg \/><\/a><br \/>\n^ Diorama<\/p>\n<p><a href='http:\/\/extra.inmontanis.info\/d\/128826-2\/DSC08986.jpg'><img src=http:\/\/extra.inmontanis.info\/d\/128825-3\/DSC08986.jpg \/><\/a><br \/>\n^ Sehr farbenfrohe Gem\u00e4lde<\/p>\n<p><a href='http:\/\/extra.inmontanis.info\/d\/128830-2\/DSC08987.jpg'><img src=http:\/\/extra.inmontanis.info\/d\/128829-3\/DSC08987.jpg \/><\/a><br \/>\n^ Sehr farbenfrohe Gem\u00e4lde<\/p>\n<p>In ca. 1h war ich durch, wobei an einer Stelle l\u00e4ngere DVDs gezeigt wurden. Der Grund f\u00fcr dieses Museum sind ja die Trams Vicinal, also die, wie die Manx Electric eher \u00fcber Land fuhren und die Orte verbanden, aber dort auch jeweils in den Orten mehrere Haltestellen hatten und wie eine Stra\u00dfenbahn treils auch auf Autostra\u00dfe verkehrten. Die letzte derartige Linie soll 1993 stilgelegt worden sein.<\/p>\n<p>Dem Film nach aber ein ziemlich cooles Konzept, das in dicht bebauten L\u00e4ndern wie Belgien oder auch Niederlande nat\u00fcrlich besser funktioneiert. Schade, dass da soooo viel stillgeklegt wurde.<\/p>\n<p>Da die Trams alle Stunde fahren, br\u00e4uchte man max. \u00fcber 3h, um mit allen 3 Linien zu fahren, aber bei den heutigen Andrang warteten die einzelnen Trams jeweils, so dass man alle hintereinander fahren konnte.<\/p>\n<p>In Betrieb dann also eher etwas langweiligerweise 3 gleich lackierte Fahrzeuge mit Schiebet\u00fcren, wobei die wohl immerhin \u00e4lter sein w\u00fcrden als manche mit den Faltt\u00fcren.<\/p>\n<p>Die um Zeit xx:20 startende Tram in den Ort fuhr planm\u00e4\u00dfg als erste Tram, ist ja die k\u00fcrzeste Strecke, aber da gab es gleich einmal ein Verkehrshindernis, weshalb wir wesentlich l\u00e4nger brauchten.<\/p>\n<p><a href='http:\/\/extra.inmontanis.info\/d\/128834-2\/DSC08993.jpg'><img src=http:\/\/extra.inmontanis.info\/d\/128833-3\/DSC08993.jpg \/><\/a><br \/>\n^ Die Tram ist heute als eine von zweien in Betrieb<\/p>\n<p><a href='http:\/\/extra.inmontanis.info\/d\/128838-2\/DSC08994.jpg'><img src=http:\/\/extra.inmontanis.info\/d\/128837-3\/DSC08994.jpg \/><\/a><br \/>\n^ Start Strecke, rechts die Dieseltram\/Schienenbus<\/p>\n<p><a href='http:\/\/extra.inmontanis.info\/d\/128842-2\/DSC08999.jpg'><img src=http:\/\/extra.inmontanis.info\/d\/128841-3\/DSC08999.jpg \/><\/a><br \/>\n^ Die Tram in den Ort muss hier reversieren, die nach Lobbes f\u00e4htr dann weiter<\/p>\n<p><a href='http:\/\/extra.inmontanis.info\/d\/128846-2\/DSC09000.jpg'><img src=http:\/\/extra.inmontanis.info\/d\/128845-3\/DSC09000.jpg \/><\/a><br \/>\n^ Tram in den Ort<\/p>\n<p><a href='http:\/\/extra.inmontanis.info\/d\/128850-2\/DSC09003.jpg'><img src=http:\/\/extra.inmontanis.info\/d\/128849-3\/DSC09003.jpg \/><\/a><br \/>\n^ Ein Auto stand auf den Gleisen &#8211; daher mussten wir einige Zeit abwarten. Parken darf man nur, wenn es keinen Museumstramverkehr gibt<\/p>\n<p><a href='http:\/\/extra.inmontanis.info\/d\/128854-2\/DSC09006.jpg'><img src=http:\/\/extra.inmontanis.info\/d\/128853-3\/DSC09006.jpg \/><\/a><br \/>\n^ .. naja, die schicken wir jetzt nicht alle weg. Viel weiiter geht die Strecke dann eh nicht mehr. Endstation der kurzen Tram in den Ort<\/p>\n<p><a href='http:\/\/extra.inmontanis.info\/d\/128858-2\/DSC09008.jpg'><img src=http:\/\/extra.inmontanis.info\/d\/128857-3\/DSC09008.jpg \/><\/a><br \/>\n^ Jedenfalls fuhren also die Trams durch viele Ortschaften so am Stra\u00dfenrand durch<\/p>\n<p>Anscheinend waren keine anderen Leute da f\u00fcr die Abfahrt der Dieseltram um :30, also fuhren fast alle von der jetzigen Tram auch gleich mit der Dieseltram. Diese Strecke wird manchmal auch mit der Dampftram befahren.<\/p>\n<p><a href='http:\/\/extra.inmontanis.info\/d\/128862-2\/DSC09010.jpg'><img src=http:\/\/extra.inmontanis.info\/d\/128861-3\/DSC09010.jpg \/><\/a><br \/>\n^ Auf der Dieselstrecke, die an einigen Tagen auch mit den Dampftrams befahren wird<\/p>\n<p><a href='http:\/\/extra.inmontanis.info\/d\/128866-2\/DSC09012.jpg'><img src=http:\/\/extra.inmontanis.info\/d\/128865-3\/DSC09012.jpg \/><\/a><br \/>\n^ Auf der Dieselstrecke<\/p>\n<p><a href='http:\/\/extra.inmontanis.info\/d\/128870-2\/DSC09015.jpg'><img src=http:\/\/extra.inmontanis.info\/d\/128869-3\/DSC09015.jpg \/><\/a><br \/>\n^ Dieseltram, Innen steht AR.86, au\u00dfen AR.112<\/p>\n<p><a href='http:\/\/extra.inmontanis.info\/d\/128874-2\/DSC09017.jpg'><img src=http:\/\/extra.inmontanis.info\/d\/128873-3\/DSC09017.jpg \/><\/a><br \/>\n^ Zwischenbahnhof<\/p>\n<p><a href='http:\/\/extra.inmontanis.info\/d\/128878-2\/DSC09020.jpg'><img src=http:\/\/extra.inmontanis.info\/d\/128877-3\/DSC09020.jpg \/><\/a><br \/>\n^ F\u00fcr die Reiterin mussten wir anhalten<\/p>\n<p><a href='http:\/\/extra.inmontanis.info\/d\/128882-2\/DSC09024.jpg'><img src=http:\/\/extra.inmontanis.info\/d\/128881-3\/DSC09024.jpg \/><\/a><br \/>\n^ Endstation der Dieseltram<\/p>\n<p><a href='http:\/\/extra.inmontanis.info\/d\/128886-2\/DSC09026.jpg'><img src=http:\/\/extra.inmontanis.info\/d\/128885-3\/DSC09026.jpg \/><\/a><br \/>\n^ Endstation der Dieseltram<\/p>\n<p><a href='http:\/\/extra.inmontanis.info\/d\/128890-2\/DSC09027.jpg'><img src=http:\/\/extra.inmontanis.info\/d\/128889-3\/DSC09027.jpg \/><\/a><br \/>\n^ Hier ging die Strecke einst weiter<\/p>\n<p><a href='http:\/\/extra.inmontanis.info\/d\/128894-2\/DSC09028.jpg'><img src=http:\/\/extra.inmontanis.info\/d\/128893-3\/DSC09028.jpg \/><\/a><br \/>\n^ Endstation der Dieseltram<\/p>\n<p><a href='http:\/\/extra.inmontanis.info\/d\/128898-2\/DSC09031.jpg'><img src=http:\/\/extra.inmontanis.info\/d\/128897-3\/DSC09031.jpg \/><\/a><br \/>\n^ Thuin liegt f\u00fcr Belgien ja eher un\u00fcblich h\u00fcgelig<\/p>\n<p>Um 14:06 waren wir wieder am Musem und die :50er Tram wartete auch noch auf uns, dh. der Fahrplan ist mal komplett durcheinander gekommen und zweifelhaft, wie die Trams nun sp\u00e4ter fahren w\u00fcrden bei den wenigen Leuten.<\/p>\n<p>Die coolste Strecke war also die dritte, die l\u00e4ngste Tramstrecke und steil bergauf und bergab und am Ende sah es so aus, als k\u00f6nnte man noch weiter fahren. <\/p>\n<p><a href='http:\/\/extra.inmontanis.info\/d\/128902-2\/DSC09033.jpg'><img src=http:\/\/extra.inmontanis.info\/d\/128901-3\/DSC09033.jpg \/><\/a><br \/>\n^ In der Tram nach Lobbes, der Fahrer sitzt recht hoch, die Glockensteuerung ist aber unten am Boden!<\/p>\n<p><a href='http:\/\/extra.inmontanis.info\/d\/128906-2\/DSC09036.jpg'><img src=http:\/\/extra.inmontanis.info\/d\/128905-3\/DSC09036.jpg \/><\/a><br \/>\n^ Nach der Unterf\u00fchrung der Bahngleise gehts hier steil bergauf<\/p>\n<p><a href='http:\/\/extra.inmontanis.info\/d\/128910-2\/DSC09045.jpg'><img src=http:\/\/extra.inmontanis.info\/d\/128909-3\/DSC09045.jpg \/><\/a><br \/>\n^ Pl\u00f6tzlich ist man weit oberhalb der Bahngleise<\/p>\n<p><a href='http:\/\/extra.inmontanis.info\/d\/128914-2\/DSC09046.jpg'><img src=http:\/\/extra.inmontanis.info\/d\/128913-3\/DSC09046.jpg \/><\/a><br \/>\n^ .. und f\u00e4hrt dann wieder hinunter<\/p>\n<p><a href='http:\/\/extra.inmontanis.info\/d\/128918-2\/DSC09047.jpg'><img src=http:\/\/extra.inmontanis.info\/d\/128917-3\/DSC09047.jpg \/><\/a><br \/>\n^ <\/p>\n<p><a href='http:\/\/extra.inmontanis.info\/d\/128922-2\/DSC09048.jpg'><img src=http:\/\/extra.inmontanis.info\/d\/128921-3\/DSC09048.jpg \/><\/a><br \/>\n^ .. und quert hier unten die Stra\u00dfe, oben dr\u00fcber die Bahn<\/p>\n<p><a href='http:\/\/extra.inmontanis.info\/d\/128926-2\/DSC09049.jpg'><img src=http:\/\/extra.inmontanis.info\/d\/128925-3\/DSC09049.jpg \/><\/a><br \/>\n^ Weiter geht es durch den Wald ..<\/p>\n<p><a href='http:\/\/extra.inmontanis.info\/d\/128930-2\/DSC09055.jpg'><img src=http:\/\/extra.inmontanis.info\/d\/128929-3\/DSC09055.jpg \/><\/a><br \/>\n^ .. bis hier die Endstation in Lobbes ist, direkt an der Kurve, etwas eigenartigerweise. Wie weit man aktuell wohl noch fahren k\u00f6nnte, wie weit der Strom reicht und wie weit man mit einer Dieseltram noch k\u00e4me?<\/p>\n<p><a href='http:\/\/extra.inmontanis.info\/d\/128934-2\/DSC09062.jpg'><img src=http:\/\/extra.inmontanis.info\/d\/128933-3\/DSC09062.jpg \/><\/a><br \/>\n^ Wieder zur\u00fcck an der Unterf\u00fchrung Bahngleise<\/p>\n<p><a href='http:\/\/extra.inmontanis.info\/d\/128938-2\/DSC09063.jpg'><img src=http:\/\/extra.inmontanis.info\/d\/128937-3\/DSC09063.jpg \/><\/a><br \/>\n^ Wieder am Museum<\/p>\n<p><a href='http:\/\/extra.inmontanis.info\/d\/128942-2\/DSC09064.jpg'><img src=http:\/\/extra.inmontanis.info\/d\/128941-3\/DSC09064.jpg \/><\/a><br \/>\n^ Die hier fuhr heute nach Lobbes<\/p>\n<p><a href='http:\/\/extra.inmontanis.info\/d\/128946-2\/DSC09065.jpg'><img src=http:\/\/extra.inmontanis.info\/d\/128945-3\/DSC09065.jpg \/><\/a><br \/>\n^ .. und die hier (2 Achsen) fuhr die kurze Strecke in den Ort<\/p>\n<p>Weil die vorherige Tramfahrt von den selben Duo Schaffner&#038;Fahrer gemacht wurde, w\u00fcrde damit auch die 14:20er nicht wieder fahrplanm\u00e4\u00dfig fahren, sondern fiel einfach komplett aus.<\/p>\n<p>Voller Handyempfang auf Orange, aber alle paar Sekunden null Internet und eine manuelle Netzsuche nicht m\u00f6glich&#8230;.<\/p>\n<p>Auch die nach Lobbes um 14:50, die ich nochmals fahren wollte, fiel aus, aber um 14:35 fuhr die Dieseltram nochmals, die ich aber auslie\u00df, die kam um 1500 wieder retour.<\/p>\n<p>Ich nahm dann um 15:20 nochmals die kurze Strecke.<\/p>\n<p><a href='http:\/\/extra.inmontanis.info\/d\/128950-2\/DSC09067.jpg'><img src=http:\/\/extra.inmontanis.info\/d\/128949-3\/DSC09067.jpg \/><\/a><br \/>\n^ Endstation im Ort nach der kurzen Fahrt<\/p>\n<p><a href='http:\/\/extra.inmontanis.info\/d\/128954-2\/DSC09069.jpg'><img src=http:\/\/extra.inmontanis.info\/d\/128953-3\/DSC09069.jpg \/><\/a><br \/>\n^ .. am Fluss<\/p>\n<p><a href='http:\/\/extra.inmontanis.info\/d\/128958-2\/DSC09070.jpg'><img src=http:\/\/extra.inmontanis.info\/d\/128957-3\/DSC09070.jpg \/><\/a><br \/>\n^ Endstation im Ort<\/p>\n<p>Ich lie\u00df die Dieselstrecke erneut aus, um lieber nach Lobbes zu fahren, aber nat\u00fcrlich wartete diese auch nochmals auf die R\u00fcckkehr der Dieseltram. Wozu der ausgeh\u00e4ngte Fahrplan dienen soll, wenn man ihn nicht einh\u00e4lt oder falls der jetzt im Oktober generell nicht gilt &#8230;<\/p>\n<p>Allerdings lie\u00df sich die Diesletram wieder mehr Zeit als bei der 2. Fahrt, so dass die Tram nach Lobbes erst um 16:15 abfuhr. Wenigstens innen beheizt und sch\u00f6n warm, bei der kurzen Tram bleiben die T\u00fcren offen, weil Schaffner \/ Fahrer laufen raus m\u00fcssen, entweder Richtung wechseln oder Einbahnregelungssignal steuern.<\/p>\n<p><a href='http:\/\/extra.inmontanis.info\/d\/128962-2\/DSC09077.jpg'><img src=http:\/\/extra.inmontanis.info\/d\/128961-3\/DSC09077.jpg \/><\/a><br \/>\n^ Wieder in der Tram nach Lobbes nach der Unterf\u00fchrung das steile St\u00fcck<\/p>\n<p><a href='http:\/\/extra.inmontanis.info\/d\/128966-2\/DSC09079.jpg'><img src=http:\/\/extra.inmontanis.info\/d\/128965-3\/DSC09079.jpg \/><\/a><br \/>\n^ Querung eines Flusses oder Kanals<\/p>\n<p><a href='http:\/\/extra.inmontanis.info\/d\/128970-2\/DSC09083.jpg'><img src=http:\/\/extra.inmontanis.info\/d\/128969-3\/DSC09083.jpg \/><\/a><br \/>\n^ Lange, enge Kurven durch den Wald<\/p>\n<p><a href='http:\/\/extra.inmontanis.info\/d\/128974-2\/DSC09089.jpg'><img src=http:\/\/extra.inmontanis.info\/d\/128973-3\/DSC09089.jpg \/><\/a><br \/>\n^ Endstation in Lobbes<\/p>\n<p>Auf der R\u00fcckfahrt lief noch einige Zeit ein Huhn vor uns her und der Fahrer konnte nicht Gas geben.<\/p>\n<p>Ich bin dann um 17 Uhr gegangen, muss ja noch einen Nachtplatz anfahren, der leider noch ca. 1,5h Fahrt entfernt ist, weil der mir besser vorkam als die n\u00e4heren.<\/p>\n<p><a href='http:\/\/extra.inmontanis.info\/d\/128978-2\/ge20241013a.jpg'><img src=http:\/\/extra.inmontanis.info\/d\/128977-3\/ge20241013a.jpg \/><\/a><br \/>\n^ Magenta die Tram-Strecke nach Lobbes, T\u00fcrkis die Tram-Strecke in den Ort und Orange die Diesel- bzw. an einigen Tagen Dampf-Strecke<\/p>\n<p><a href='http:\/\/extra.inmontanis.info\/d\/128982-2\/DSC09093.jpg'><img src=http:\/\/extra.inmontanis.info\/d\/128981-3\/DSC09093.jpg \/><\/a><br \/>\n^ Museumshalle<\/p>\n<p><a href='http:\/\/extra.inmontanis.info\/d\/128986-2\/DSC09096.jpg'><img src=http:\/\/extra.inmontanis.info\/d\/128985-3\/DSC09096.jpg \/><\/a><br \/>\n^ Diorama<\/p>\n<p><a href='http:\/\/extra.inmontanis.info\/d\/128990-2\/DSC09097.jpg'><img src=http:\/\/extra.inmontanis.info\/d\/128989-3\/DSC09097.jpg \/><\/a><br \/>\n^ Diorama<\/p>\n<p><a href='http:\/\/extra.inmontanis.info\/d\/128994-2\/DSC09099.jpg'><img src=http:\/\/extra.inmontanis.info\/d\/128993-3\/DSC09099.jpg \/><\/a><br \/>\n^ Diorama<\/p>\n<p><a href='http:\/\/extra.inmontanis.info\/d\/128998-2\/DSC09100.jpg'><img src=http:\/\/extra.inmontanis.info\/d\/128997-3\/DSC09100.jpg \/><\/a><br \/>\n^ Diorama<\/p>\n<p><a href='http:\/\/extra.inmontanis.info\/d\/129002-2\/DSC09105.jpg'><img src=http:\/\/extra.inmontanis.info\/d\/129001-3\/DSC09105.jpg \/><\/a><br \/>\n^ Vielleicht einer der jetzt restaurierten W\u00e4gen im Museum<\/p>\n<p><a href='http:\/\/extra.inmontanis.info\/d\/129006-2\/DSC09106.jpg'><img src=http:\/\/extra.inmontanis.info\/d\/129005-3\/DSC09106.jpg \/><\/a><br \/>\n^ Logo<\/p>\n<p>&#8211;<\/p>\n<p><a href='http:\/\/extra.inmontanis.info\/d\/129062-2\/DSC09107.jpg'><img src=http:\/\/extra.inmontanis.info\/d\/129061-3\/DSC09107.jpg \/><\/a><br \/>\n^ Hier in dem Teil Belgiens gibts auch ein paar felsige H\u00fcgel<\/p>\n<p>Ich hielt kurz an einer Friterie auf dem Weg, aber um 18:20 war mir die Warteschlange zu gro\u00df, 10-20 Leute, da mach ich lieber ein Fertiggericht warm.<\/p>\n<p>Und wie klein doch die 1,5l &#8211; Colaflaschen sind, wenn man monatelang 2l-Flaschen hatte!<\/p>\n<p>Bei der Anfahrt runter in  das Tal vom Nachtplatz bef\u00fcrchtete ich schon das, was sich dann bewahrheiten sollte: Kaum Internetempfang bzw. variiert die Pingzeit heut schon den ganzen Tag in diesem bl\u00f6den Orange-Netz, mal unter 500ms, mal \u00fcber 20s (!),meist \u00fcber 10s.<\/p>\n<p><a href='http:\/\/extra.inmontanis.info\/d\/129066-2\/DSC09109.jpg'><img src=http:\/\/extra.inmontanis.info\/d\/129065-3\/DSC09109.jpg \/><\/a><br \/>\n^ Franz\u00f6sisches Fertiggericht Lapin Chasseur, wie es aussehen sollte &#8230;<\/p>\n<p><a href='http:\/\/extra.inmontanis.info\/d\/129070-2\/DSC09108.jpg'><img src=http:\/\/extra.inmontanis.info\/d\/129069-3\/DSC09108.jpg \/><\/a><br \/>\n^ .. und wie es im Topf ausschaut. Mikrige 280g Portion, aber mal wieder Hasen- oder Kaninchenfleisch, bekommt man sonst ja auch nicht.<\/p>\n<p>Ich h\u00e4tte mir f\u00fcr morgen oder \u00fcbermorgen evtl. einen Besuch auf  dem\/der Drachenfels\/Drachenbergburg\/Schloss samt Zahnradbahn \u00fcberlegt, aber bei ca. 3h Fahrt bis dahin, arbeiten bis 11 Uhr, wird das f\u00fcr morgen auch heftig zu erreichen sein; zumal Schloss und ZRB wohl einige Stunden dauern w\u00fcrden; dies am  DI dagegen ist der Weg danach nach N\u00fcrnberg zu weit, wo ich am MI sein muss, also werd ich das wohl doch nicht besuchen. <\/p>\n<p>Alternativ k\u00f6nnte ich auch einige Sesselbahnen morgen besuchen, Altenahr gibts zwar nicht mehr, Boppard ist noch die alte (war ich mind. 1 schon), Cochem ist mit den neuen Sesseln ja eh uninteressant, Assmannshausen war ich aber wohl noch gar nicht und die modernere R\u00fcdesheim-2EUB w\u00e4r auch noch da. In Betrieb sollten alle sein, bleibt die frage, ob zeitlich sinnvoll erreichbar und was die Wettervorhersagen sagen.<\/p>\n<p>Die Nacht verlief jedenfalls ruhig.<\/p>\n","protected":false},"excerpt":{"rendered":"<p>So, 13.10.2024<\/p>\n<p>Um 7:50 an dem Antik-Flohmarkt angekommen, war der Parkplatz schon sehr voll (und matschig), wobei auch einige schon wieder abfuhren, es soll H\u00e4ndler in der Halle geben und auch drau\u00dfen, wobei man ja drau\u00dfen aufgrund der Dunkelheit noch kaum etwas gesehen hat.<\/p>\n<p>Drau\u00dfen war&#8217;s mir zu kalt und selten Preise angeschrieben, h\u00e4tte eigentlich <a href=\"http:\/\/blog.inmontanis.info\/?p=10401\">[&#8230;]<\/a><\/p>\n","protected":false},"author":1,"featured_media":10403,"comment_status":"closed","ping_status":"closed","sticky":false,"template":"","format":"standard","meta":{"footnotes":""},"categories":[912,164,59],"tags":[],"class_list":["post-10401","post","type-post","status-publish","format-standard","has-post-thumbnail","hentry","category-2023-09-2024-xx-skandinavien","category-belgienbelgium","category-nostalgie","odd"],"_links":{"self":[{"href":"http:\/\/blog.inmontanis.info\/index.php?rest_route=\/wp\/v2\/posts\/10401","targetHints":{"allow":["GET"]}}],"collection":[{"href":"http:\/\/blog.inmontanis.info\/index.php?rest_route=\/wp\/v2\/posts"}],"about":[{"href":"http:\/\/blog.inmontanis.info\/index.php?rest_route=\/wp\/v2\/types\/post"}],"author":[{"embeddable":true,"href":"http:\/\/blog.inmontanis.info\/index.php?rest_route=\/wp\/v2\/users\/1"}],"replies":[{"embeddable":true,"href":"http:\/\/blog.inmontanis.info\/index.php?rest_route=%2Fwp%2Fv2%2Fcomments&post=10401"}],"version-history":[{"count":2,"href":"http:\/\/blog.inmontanis.info\/index.php?rest_route=\/wp\/v2\/posts\/10401\/revisions"}],"predecessor-version":[{"id":10404,"href":"http:\/\/blog.inmontanis.info\/index.php?rest_route=\/wp\/v2\/posts\/10401\/revisions\/10404"}],"wp:featuredmedia":[{"embeddable":true,"href":"http:\/\/blog.inmontanis.info\/index.php?rest_route=\/wp\/v2\/media\/10403"}],"wp:attachment":[{"href":"http:\/\/blog.inmontanis.info\/index.php?rest_route=%2Fwp%2Fv2%2Fmedia&parent=10401"}],"wp:term":[{"taxonomy":"category","embeddable":true,"href":"http:\/\/blog.inmontanis.info\/index.php?rest_route=%2Fwp%2Fv2%2Fcategories&post=10401"},{"taxonomy":"post_tag","embeddable":true,"href":"http:\/\/blog.inmontanis.info\/index.php?rest_route=%2Fwp%2Fv2%2Ftags&post=10401"}],"curies":[{"name":"wp","href":"https:\/\/api.w.org\/{rel}","templated":true}]}}