{"id":10398,"date":"2024-10-12T11:11:26","date_gmt":"2024-10-12T09:11:26","guid":{"rendered":"http:\/\/blog.inmontanis.info\/?p=10398"},"modified":"2024-11-01T11:19:27","modified_gmt":"2024-11-01T10:19:27","slug":"trammuseum-brussel-12-10-2024","status":"publish","type":"post","link":"http:\/\/blog.inmontanis.info\/?p=10398","title":{"rendered":"Trammuseum Br\u00fcssel, 12.10.2024"},"content":{"rendered":"<p><strong>Sa, 12.10.2024<\/strong> &#8211; Reisetag#385<\/p>\n<p>Fr\u00fchst\u00fcck scheint in belgischen McD (anders als in FR) nach wie vor un\u00fcblich, daher machen die fast alle erst sp\u00e4ter auf. Das Stra\u00dfenbahnmuseum in Br\u00fcssel macht auch erst ab 13 Uhr auf, so dass ich noch Zeit f\u00fcr ein paar Stunden Fahrt dorthin hab, also nicht unbedingt Autobahn fahren m\u00fcsste, weil ich sonst zu fr\u00fch dran sein w\u00fcrde.<\/p>\n<p>Aufgrund der angespannteren Toilettensituation in Belgien (kaum kostenlose Toiletten, kein McD morgens offen), hab ich mich gegen die teil-kostenpflichtige Entleerung meiner Toilette entschieden und warte damit noch bis Deutschland.<\/p>\n<p>Ich fuhr also eine etwas k\u00fcrzere Route, auch um evtl. Autobahnstaus zu umgehen, suchte auf dem Weg nach m\u00f6glichen Zwischenzielen wie McD oder Quick und  stolperte dann \u00fcber eine Ikea. Hotdog 1,20, 1,80 Pommes und 1, \u20ac Zimtschnecke. Geht noch, gekauft. Insbesondere dann im Vgl. zu den Preisen, die ich in Deutschland sah &#8211; und mir nichts kaufte, denn im Ikea DE kostet das Hotdog mittlerweile 2,- \u20ac.<\/p>\n<p><a href='http:\/\/extra.inmontanis.info\/d\/128644-2\/DSC08718.jpg'><img src=http:\/\/extra.inmontanis.info\/d\/128643-3\/DSC08718.jpg \/><\/a><br \/>\n^ Na das Modell passt ja zu einem Ukrainer momentan: Escape. Dazu noch die AH Insignien ;)<\/p>\n<p>Auch eigenartig: direkt an der Grenze Belgien-Frankreich gestern sprach man Niederl\u00e4ndisch, hier in Br\u00fcssel dagegen h\u00f6rt man fast nur Franz\u00f6sisch!<\/p>\n<p>Man darf  ja nicht schreiben, dass man sich dr\u00fcber freuen w\u00fcrde, aber traurig w\u00e4r ich jedenfalls nicht, wenn ein gewisser Herr P. aus R. ein kleines A-B\u00f6mbchen in ein gewisses Holzkopf-Marionetten-Viertel in B. schicken w\u00fcrde .. aber bitte nicht heute ;)<\/p>\n<p>Leider ist das Trammuseum ziemlich am anderen Ende der Stadt und dem Auotobahnring fehlt das St\u00fcck im S\u00fcdwesten, vergleichbar mit M\u00fcnchen, daher irgendwie durch die Stadt fahren m\u00fcssen. Vermutlich \u00fcberall Stau und mich f\u00fcr die von Gmaps vorgeschlagene Route weiter durchs Zentrum entschieden, weil die s\u00fcdlichere lt. gmaps auch verstopft sein und l\u00e4nger dauern sollte. Aber die von Google angezeigten 35min Fahrzeit waren recht schnell aufgebraucht nach vielleicht der H\u00e4lfte der Strecke :(<\/p>\n<p>Danach wurde es dank Tunnels aber besser und ich kam kurz vor 13 Uhr an und erhaschte noch einen der letzten Parkpl\u00e4tze in der nebenliegenden Stra\u00dfe.<\/p>\n<p><a href='http:\/\/extra.inmontanis.info\/d\/128388-2\/DSC08720.jpg'><img src=http:\/\/extra.inmontanis.info\/d\/128387-3\/DSC08720.jpg \/><\/a><br \/>\n^ Br\u00fcssel<\/p>\n<p><a href='http:\/\/extra.inmontanis.info\/d\/128392-2\/DSC08722.jpg'><img src=http:\/\/extra.inmontanis.info\/d\/128391-3\/DSC08722.jpg \/><\/a><br \/>\n^ Br\u00fcssel<\/p>\n<p><a href='http:\/\/extra.inmontanis.info\/d\/128396-2\/DSC08724.jpg'><img src=http:\/\/extra.inmontanis.info\/d\/128395-3\/DSC08724.jpg \/><\/a><br \/>\n^ Br\u00fcssel, eine der neuen Tramsm fotografiert aber wg. des Ziels: Drogenbos, so hei\u00dft wohl ein Stadtteil :) Allerdings nur mit einem s hinten (und kommt evtl. vom frz. bois). Trotzdem witizg :)<\/p>\n<p><a href='http:\/\/extra.inmontanis.info\/d\/128400-2\/DSC08725.jpg'><img src=http:\/\/extra.inmontanis.info\/d\/128399-3\/DSC08725.jpg \/><\/a><br \/>\n^ <\/p>\n<p><a href='http:\/\/extra.inmontanis.info\/d\/128404-2\/DSC08726.jpg'><img src=http:\/\/extra.inmontanis.info\/d\/128403-3\/DSC08726.jpg \/><\/a><br \/>\n^ <\/p>\n<p><a href='http:\/\/extra.inmontanis.info\/d\/128408-2\/DSC08727.jpg'><img src=http:\/\/extra.inmontanis.info\/d\/128407-3\/DSC08727.jpg \/><\/a><br \/>\n^ An einigen roten Ampeln gab es Stra\u00dfenk\u00fcnstler, die dann Geld von ein paar Autofahrern einsammelten, somit den Verkehr etwas aufhielten<\/p>\n<p><a href='http:\/\/extra.inmontanis.info\/d\/128412-2\/DSC08728.jpg'><img src=http:\/\/extra.inmontanis.info\/d\/128411-3\/DSC08728.jpg \/><\/a><br \/>\n^ 4-spurige Einbahnstra\u00dfe<\/p>\n<p><a href='http:\/\/extra.inmontanis.info\/d\/128416-2\/DSC08730.jpg'><img src=http:\/\/extra.inmontanis.info\/d\/128415-3\/DSC08730.jpg \/><\/a><br \/>\n^ <\/p>\n<p><a href='http:\/\/extra.inmontanis.info\/d\/128420-2\/DSC08731.jpg'><img src=http:\/\/extra.inmontanis.info\/d\/128419-3\/DSC08731.jpg \/><\/a><br \/>\n^ Ampeln und Abzweigungen in Tunneln<\/p>\n<p><a href='http:\/\/extra.inmontanis.info\/d\/128424-2\/DSC08733.jpg'><img src=http:\/\/extra.inmontanis.info\/d\/128423-3\/DSC08733.jpg \/><\/a><br \/>\n^ <\/p>\n<p><a href='http:\/\/extra.inmontanis.info\/d\/128428-2\/DSC08735.jpg'><img src=http:\/\/extra.inmontanis.info\/d\/128427-3\/DSC08735.jpg \/><\/a><br \/>\n^ Radfahrer in der Mitte<\/p>\n<p>Da ich ja schon einmal viele Fotos aus dem Trammuseum gemacht hab, ist der Bericht etwas k\u00fcrzer.<\/p>\n<p><a href='http:\/\/extra.inmontanis.info\/d\/128432-2\/DSC08740.jpg'><img src=http:\/\/extra.inmontanis.info\/d\/128431-3\/DSC08740.jpg \/><\/a><br \/>\n^ Trammuseum<\/p>\n<p><a href='http:\/\/extra.inmontanis.info\/d\/128436-2\/DSC08741.jpg'><img src=http:\/\/extra.inmontanis.info\/d\/128435-3\/DSC08741.jpg \/><\/a><br \/>\n^ Oldtimer-Bus<\/p>\n<p><a href='http:\/\/extra.inmontanis.info\/d\/128440-2\/DSC08745.jpg'><img src=http:\/\/extra.inmontanis.info\/d\/128439-3\/DSC08745.jpg \/><\/a><br \/>\n^ Renovierung<\/p>\n<p><a href='http:\/\/extra.inmontanis.info\/d\/128444-2\/DSC08749.jpg'><img src=http:\/\/extra.inmontanis.info\/d\/128443-3\/DSC08749.jpg \/><\/a><br \/>\n^ Oldtimer-Bus, in einigen Fahrzeugen kann man Videofilmchen ansehen, Bildschirm ist vorne<\/p>\n<p><a href='http:\/\/extra.inmontanis.info\/d\/128448-2\/DSC08750.jpg'><img src=http:\/\/extra.inmontanis.info\/d\/128447-3\/DSC08750.jpg \/><\/a><br \/>\n^ Oldtimer-Bus<\/p>\n<p><a href='http:\/\/extra.inmontanis.info\/d\/128452-2\/DSC08754.jpg'><img src=http:\/\/extra.inmontanis.info\/d\/128451-3\/DSC08754.jpg \/><\/a><br \/>\n^ <\/p>\n<p><a href='http:\/\/extra.inmontanis.info\/d\/128456-2\/DSC08758.jpg'><img src=http:\/\/extra.inmontanis.info\/d\/128455-3\/DSC08758.jpg \/><\/a><br \/>\n^ <\/p>\n<p><a href='http:\/\/extra.inmontanis.info\/d\/128460-2\/DSC08760.jpg'><img src=http:\/\/extra.inmontanis.info\/d\/128459-3\/DSC08760.jpg \/><\/a><br \/>\n^ Tram<\/p>\n<p><a href='http:\/\/extra.inmontanis.info\/d\/128464-2\/DSC08769.jpg'><img src=http:\/\/extra.inmontanis.info\/d\/128463-3\/DSC08769.jpg \/><\/a><br \/>\n^ Museumshalle<\/p>\n<p><a href='http:\/\/extra.inmontanis.info\/d\/128468-2\/DSC08773.jpg'><img src=http:\/\/extra.inmontanis.info\/d\/128467-3\/DSC08773.jpg \/><\/a><br \/>\n^ 2. Museumshalle und Depot<\/p>\n<p><a href='http:\/\/extra.inmontanis.info\/d\/128472-2\/DSC08778.jpg'><img src=http:\/\/extra.inmontanis.info\/d\/128471-3\/DSC08778.jpg \/><\/a><br \/>\n^ <\/p>\n<p><a href='http:\/\/extra.inmontanis.info\/d\/128476-2\/DSC08784.jpg'><img src=http:\/\/extra.inmontanis.info\/d\/128475-3\/DSC08784.jpg \/><\/a><br \/>\n^ Betriebsfahrzeug<\/p>\n<p><a href='http:\/\/extra.inmontanis.info\/d\/128480-2\/DSC08785.jpg'><img src=http:\/\/extra.inmontanis.info\/d\/128479-3\/DSC08785.jpg \/><\/a><br \/>\n^ Betriebsfahrzeug<\/p>\n<p><a href='http:\/\/extra.inmontanis.info\/d\/128484-2\/DSC08782.jpg'><img src=http:\/\/extra.inmontanis.info\/d\/128483-3\/DSC08782.jpg \/><\/a><br \/>\n^ Tram Fahrer<\/p>\n<p><a href='http:\/\/extra.inmontanis.info\/d\/128488-2\/DSC08786.jpg'><img src=http:\/\/extra.inmontanis.info\/d\/128487-3\/DSC08786.jpg \/><\/a><br \/>\n^ Tram Fahrer<\/p>\n<p><a href='http:\/\/extra.inmontanis.info\/d\/128492-2\/DSC08791.jpg'><img src=http:\/\/extra.inmontanis.info\/d\/128491-3\/DSC08791.jpg \/><\/a><br \/>\n^ <\/p>\n<p><a href='http:\/\/extra.inmontanis.info\/d\/128496-2\/DSC08793.jpg'><img src=http:\/\/extra.inmontanis.info\/d\/128495-3\/DSC08793.jpg \/><\/a><br \/>\n^ Ganz sch\u00f6n viele verschiedene Gleisprofile<\/p>\n<p><a href='http:\/\/extra.inmontanis.info\/d\/128500-2\/DSC08794.jpg'><img src=http:\/\/extra.inmontanis.info\/d\/128499-3\/DSC08794.jpg \/><\/a><br \/>\n^ Ganz sch\u00f6n viele verschiedene Gleisprofile<\/p>\n<p><a href='http:\/\/extra.inmontanis.info\/d\/128504-2\/DSC08795.jpg'><img src=http:\/\/extra.inmontanis.info\/d\/128503-3\/DSC08795.jpg \/><\/a><br \/>\n^ Ausstellung in der 2. Halle<\/p>\n<p><a href='http:\/\/extra.inmontanis.info\/d\/128508-2\/DSC08796.jpg'><img src=http:\/\/extra.inmontanis.info\/d\/128507-3\/DSC08796.jpg \/><\/a><br \/>\n^ Umfangreiches Streckennetz<\/p>\n<p><a href='http:\/\/extra.inmontanis.info\/d\/128512-2\/DSC08799.jpg'><img src=http:\/\/extra.inmontanis.info\/d\/128511-3\/DSC08799.jpg \/><\/a><br \/>\n^ Damit wurden wohl die Fahrzeuge aus den Depots geholz<\/p>\n<p><a href='http:\/\/extra.inmontanis.info\/d\/128516-2\/DSC08801.jpg'><img src=http:\/\/extra.inmontanis.info\/d\/128515-3\/DSC08801.jpg \/><\/a><br \/>\n^ 5016, die fuhr die heutige Oldtimerfahrt<\/p>\n<p><a href='http:\/\/extra.inmontanis.info\/d\/128520-2\/DSC08802.jpg'><img src=http:\/\/extra.inmontanis.info\/d\/128519-3\/DSC08802.jpg \/><\/a><br \/>\n^ <\/p>\n<p>Aktuell gibt es 3 Tramfahrten pro \u00d6ffnungstag, wobei sonntags noch der Oldtimerbus hinzuk\u00e4me.  Die lange Strecke durch den Wald ist momentan gesperrt und daher f\u00e4hrt man eine andere Runde: Trammuseum &#8211; Montgomery &#8211; Trammuseum (Bedarfshalt) &#8211; Stockel &#8211; Trammuseum<\/p>\n<p>Bei meinem letzten Besuch in der Hochsaison gab es 3 Linien, Stockel hatte ich zeitm\u00e4\u00dfig damals verpasst, der innerst\u00e4dtische Teil war heute aber viel k\u00fcrzer und uninteressanter. Interessanterweise kommt man an einigen Botschaften vorbei, zB. an der von Aserbaidschan.<\/p>\n<p>Nat\u00fcrlich sind jetzt in der Nachsaison, wo nur 1 WE pro Monat offen ist, nicht die \u00e4ltesten Trams im Einsatz, aber somit eine modernere, die ich letztes Mal vmtl. nicht gefahren bin.<\/p>\n<p><a href='http:\/\/extra.inmontanis.info\/d\/128524-2\/DSC08803.jpg'><img src=http:\/\/extra.inmontanis.info\/d\/128523-3\/DSC08803.jpg \/><\/a><br \/>\n^ 5016<\/p>\n<p>Es gab dann ein kleines Durcheinander, weil anscheinend 2 Trams gleichzeitig fahren w\u00fcrden, laut Fahrplan ja nur eine, keine Ahnung, was f\u00fcr eine Privatgesellschaft dann die andere Fahrt war. <\/p>\n<p>Laut Internet gibts noch die Tourist-Tramway um 22 \u20ac, die man aber vorbuchen muss, aber lt. Website nur sonntags f\u00e4hrt, 4 Stunden lang ab 10 Uhr. W\u00e4r vielleicht auch interessant.<\/p>\n<p>Es g\u00e4be in Br\u00fcssel sogar einige Tramlinien, die nicht nur durch Tunnel fahren, sondern wo es auch unterirdische Haltestellen gibt wie bei einer U-Bahn. So was noch mit einem der alten Nicht-Niederflurwagen zu fahren (und zu fotografieren), w\u00e4r ja auch mal interessant. Vermutlich interessanter, als diese Museumsstrecke nach Stockel.<\/p>\n<p>Auch in Wien gibts ja noch ein paar der alten Wagen, sollte ich evtl. n\u00e4chstes Jahr mal besuchen, bevor die auch weg sind.<\/p>\n<p>Da w\u00e4r vielleicht ein Tagesticket hier heute interssanter gewesen mit den moderneren alten Fahrzeugen. Aber bei 138km Stra\u00dfenbahnnetz w\u00fcsste ich ja gar nicht, wohin ich fahren sollte.<\/p>\n<p><a href='http:\/\/extra.inmontanis.info\/d\/128528-2\/DSC08808.jpg'><img src=http:\/\/extra.inmontanis.info\/d\/128527-3\/DSC08808.jpg \/><\/a><br \/>\n^ 5016 unterwegs<\/p>\n<p><a href='http:\/\/extra.inmontanis.info\/d\/128532-2\/DSC08813.jpg'><img src=http:\/\/extra.inmontanis.info\/d\/128531-3\/DSC08813.jpg \/><\/a><br \/>\n^ Aktueller Streckenplan &#8211; wohl auch recht kompliziert, aber eben Gro\u00dfstadt<\/p>\n<p><a href='http:\/\/extra.inmontanis.info\/d\/128536-2\/DSC08814.jpg'><img src=http:\/\/extra.inmontanis.info\/d\/128535-3\/DSC08814.jpg \/><\/a><br \/>\n^ Witziger Name f\u00fcr eine Haltestelle<\/p>\n<p><a href='http:\/\/extra.inmontanis.info\/d\/128540-2\/DSC08816.jpg'><img src=http:\/\/extra.inmontanis.info\/d\/128539-3\/DSC08816.jpg \/><\/a><br \/>\n^ Stockel<\/p>\n<p><a href='http:\/\/extra.inmontanis.info\/d\/128544-2\/DSC08817.jpg'><img src=http:\/\/extra.inmontanis.info\/d\/128543-3\/DSC08817.jpg \/><\/a><br \/>\n^ Stockel mit einem der noch h\u00e4ufig zu sehenden \u00e4lteren Hochflur-Tramwagen<\/p>\n<p><a href='http:\/\/extra.inmontanis.info\/d\/128548-2\/DSC08821.jpg'><img src=http:\/\/extra.inmontanis.info\/d\/128547-3\/DSC08821.jpg \/><\/a><br \/>\n^ Trammuseum<\/p>\n<p><a href='http:\/\/extra.inmontanis.info\/d\/128552-2\/DSC08823.jpg'><img src=http:\/\/extra.inmontanis.info\/d\/128551-3\/DSC08823.jpg \/><\/a><br \/>\n^ Br\u00fcssel hatte und hat noch Stra\u00dfenbahnen, die im Untergrund fahren. Die w\u00fcrd ich auch gern fahren.<\/p>\n<p><a href='http:\/\/extra.inmontanis.info\/d\/128556-2\/DSC08824.jpg'><img src=http:\/\/extra.inmontanis.info\/d\/128555-3\/DSC08824.jpg \/><\/a><br \/>\n^ Pferdetram<\/p>\n<p><a href='http:\/\/extra.inmontanis.info\/d\/128560-2\/DSC08826.jpg'><img src=http:\/\/extra.inmontanis.info\/d\/128559-3\/DSC08826.jpg \/><\/a><br \/>\n^ Pferdetram Doppelstock<\/p>\n<p><a href='http:\/\/extra.inmontanis.info\/d\/128564-2\/DSC08828.jpg'><img src=http:\/\/extra.inmontanis.info\/d\/128563-3\/DSC08828.jpg \/><\/a><br \/>\n^ Sonderausstellung<\/p>\n<p><a href='http:\/\/extra.inmontanis.info\/d\/128568-2\/DSC08830.jpg'><img src=http:\/\/extra.inmontanis.info\/d\/128567-3\/DSC08830.jpg \/><\/a><br \/>\n^ Diese alten Fahrzeuge fahren noch recht h\u00e4ufig im Regelbetrieb<\/p>\n<p><a href='http:\/\/extra.inmontanis.info\/d\/128572-2\/DSC08833.jpg'><img src=http:\/\/extra.inmontanis.info\/d\/128571-3\/DSC08833.jpg \/><\/a><br \/>\n^ Zeitlinie, es gab z.B. auch mal Dampfstra\u00dfenbahnen hier<\/p>\n<p><a href='http:\/\/extra.inmontanis.info\/d\/128576-2\/DSC08840.jpg'><img src=http:\/\/extra.inmontanis.info\/d\/128575-3\/DSC08840.jpg \/><\/a><br \/>\n^ Zwitter, und damit mein ich nicht die 3 Pferfde, sondern ..<\/p>\n<p><a href='http:\/\/extra.inmontanis.info\/d\/128580-2\/DSC08841.jpg'><img src=http:\/\/extra.inmontanis.info\/d\/128579-3\/DSC08841.jpg \/><\/a><br \/>\n^ .. den Wagen dahinter, der ein kombinierter Bus-Tram-Wagen ist.<\/p>\n<p><a href='http:\/\/extra.inmontanis.info\/d\/128584-2\/DSC08845.jpg'><img src=http:\/\/extra.inmontanis.info\/d\/128583-3\/DSC08845.jpg \/><\/a><br \/>\n^ Der Pferdewagen konnte n\u00e4mlich entweder mit diesem 5. Zusatzrad auf Schienen gef\u00fchrt als Tram fahren oder hochgeklappt als Bus ohne Schienen bzw. zur Umfahrung von Hindernissen oder bei Gegenverkehr eines anderen derartigen Pferdewagens<\/p>\n<p><a href='http:\/\/extra.inmontanis.info\/d\/128588-2\/DSC08842.jpg'><img src=http:\/\/extra.inmontanis.info\/d\/128587-3\/DSC08842.jpg \/><\/a><br \/>\n^ Erkl\u00e4rung dazu<\/p>\n<p><a href='http:\/\/extra.inmontanis.info\/d\/128592-2\/DSC08846.jpg'><img src=http:\/\/extra.inmontanis.info\/d\/128591-3\/DSC08846.jpg \/><\/a><br \/>\n^ Br\u00fcssel-Expo<\/p>\n<p><a href='http:\/\/extra.inmontanis.info\/d\/128596-2\/DSC08848.jpg'><img src=http:\/\/extra.inmontanis.info\/d\/128595-3\/DSC08848.jpg \/><\/a><br \/>\n^ .. schaut so aus, als gab es damals sogar 2 Seilbahnen<\/p>\n<p><a href='http:\/\/extra.inmontanis.info\/d\/128600-2\/DSC08850.jpg'><img src=http:\/\/extra.inmontanis.info\/d\/128599-3\/DSC08850.jpg \/><\/a><br \/>\n^ Schade, dass die Expo-Seilbahn nicht mehr in Betrieb ist<\/p>\n<p><a href='http:\/\/extra.inmontanis.info\/d\/128604-2\/DSC08852.jpg'><img src=http:\/\/extra.inmontanis.info\/d\/128603-3\/DSC08852.jpg \/><\/a><br \/>\n^ Hin und wieder fuhren alte Trams raus und wieder rein, wurde wohl im Depot etwas umgeschlichtet<\/p>\n<p><a href='http:\/\/extra.inmontanis.info\/d\/128608-2\/DSC08853.jpg'><img src=http:\/\/extra.inmontanis.info\/d\/128607-3\/DSC08853.jpg \/><\/a><br \/>\n^ G\u00fctertransport mit der Tram<\/p>\n<p><a href='http:\/\/extra.inmontanis.info\/d\/128612-2\/DSC08854.jpg'><img src=http:\/\/extra.inmontanis.info\/d\/128611-3\/DSC08854.jpg \/><\/a><br \/>\n^ Kuchen im Museum  (bresilienne)  mit Vanillecreme und Sahne um 3,30 \u20ac.<\/p>\n<p><a href='http:\/\/extra.inmontanis.info\/d\/128616-2\/DSC08855.jpg'><img src=http:\/\/extra.inmontanis.info\/d\/128615-3\/DSC08855.jpg \/><\/a><br \/>\n^ <\/p>\n<p><a href='http:\/\/extra.inmontanis.info\/d\/128620-2\/DSC08857.jpg'><img src=http:\/\/extra.inmontanis.info\/d\/128619-3\/DSC08857.jpg \/><\/a><br \/>\n^ <\/p>\n<p><a href='http:\/\/extra.inmontanis.info\/d\/128624-2\/DSC08859.jpg'><img src=http:\/\/extra.inmontanis.info\/d\/128623-3\/DSC08859.jpg \/><\/a><br \/>\n^ Rollenstromabnehmer in diversen Ausf\u00fchrungen<\/p>\n<p><a href='http:\/\/extra.inmontanis.info\/d\/128628-2\/DSC08860.jpg'><img src=http:\/\/extra.inmontanis.info\/d\/128627-3\/DSC08860.jpg \/><\/a><br \/>\n^ Rollenstromabnehmer in verschiedenen Gr\u00f6\u00dfen<\/p>\n<p><a href='http:\/\/extra.inmontanis.info\/d\/128632-2\/DSC08861.jpg'><img src=http:\/\/extra.inmontanis.info\/d\/128631-3\/DSC08861.jpg \/><\/a><br \/>\n^ Strom<\/p>\n<p>Leider blieb es bei der 5016, die alle 3 Fahrten unternahm, da h\u00e4tte man ja mal durchwechseln k\u00f6nnen. Dennoch fuhr ich noch ein zweites Mal, n\u00e4mlich die letzte Fahrt um 17:03 Uhr. Die war dann ziemlich voll, bekamen gar nicht alle einen Sitzplatz.<\/p>\n<p>Laut dem Farbfilm in einer der Tram fuhren Trams hier mal mind. zur Expo noch mit Trolley \/ Stangenstromabnehmer.<\/p>\n<p><a href='http:\/\/extra.inmontanis.info\/d\/128636-2\/DSC08864.jpg'><img src=http:\/\/extra.inmontanis.info\/d\/128635-3\/DSC08864.jpg \/><\/a><br \/>\n^ Noch eine Runde mit der 5016<\/p>\n<p><a href='http:\/\/extra.inmontanis.info\/d\/128640-2\/DSC08867.jpg'><img src=http:\/\/extra.inmontanis.info\/d\/128639-3\/DSC08867.jpg \/><\/a><br \/>\n^ Praktisches Tischlein in der Tram<\/p>\n<p>Auf dem Weg zum morgigen Trammuseum g\u00e4bs wohl einen Antik-Flohmarkt mit etwas Umweg zu besuchen, nur sonntags ab 7 Uhr. Somit einen entsprechenden Nachtplatz ausgesucht. <\/p>\n<p>Ich entschied mich f\u00fcr die &#8220;gr\u00fcnste&#8221; Route auf gmaps, also die mit dem wenigsten Stau und etwas Umweg. Ich hasse Gro\u00dfst\u00e4dte.<\/p>\n<p>Da ich um die sp\u00e4te Zeit keine Lust haben w\u00fcrde, den Tisch aufzubauen um eins der gestern gekauften franz\u00f6sischen Fertiggerichte aufzuw\u00e4rmen, hielt ich noch an einem McD, leider fing es bei Ankuft am Parkplatz wieder einmal zu regnen an, der Drive-In war mir aber zu voll (und w\u00fcsste ja auch das Angebot und die Preise nicht). <\/p>\n<p>ich wartete noch etwas ab und fuhr wieder los, weil ich keine Lust hatte, bei Regen aus dem Auto zu gehen. Hielt noch an einer Tankstelle, aber weil die in 20min schle\u00dft, hatte die auch nix mehr. <\/p>\n<p>Benzinpreise in Belgien g\u00fcnstiger als in FR, in FR gestern \u00fcber 1,70, in BE heute Vormittag 1,50-1,60, heute Abend aber eher 1,60-1,70 \u20ac. <\/p>\n<p>Um 19:45 kam ich am Nachtplatz an. H\u00e4tte fast vergessen, dass ich noch so kleine Salamis da hab, die bis Anfang November zu essen w\u00e4ren. Wobei eine Portion mit 120g fast etwas viel und fettig ist. Die Nacht verlief ruhig.<\/p>\n<p><a href='http:\/\/extra.inmontanis.info\/d\/128648-2\/DSC08870.jpg'><img src=http:\/\/extra.inmontanis.info\/d\/128647-3\/DSC08870.jpg \/><\/a><br \/>\n^ Abendessen<\/p>\n<p>&#8211; &#8211; &#8211;<\/p>\n<p>\u00dcbrigens, der Umweltschutz ist (auch Mit-) Schuld am w\u00e4rmeren Klima (weil Luft reiner und Wolken weniger):<br \/>\n<a href='https:\/\/reitschuster.de\/post\/warum-die-co2-bekaempfung-ins-leere-laeuft\/'>https:\/\/reitschuster.de\/post\/warum-die-co2-bekaempfung-ins-leere-laeuft\/<\/a><\/p>\n","protected":false},"excerpt":{"rendered":"<p>Sa, 12.10.2024 &#8211; Reisetag#385<\/p>\n<p>Fr\u00fchst\u00fcck scheint in belgischen McD (anders als in FR) nach wie vor un\u00fcblich, daher machen die fast alle erst sp\u00e4ter auf. Das Stra\u00dfenbahnmuseum in Br\u00fcssel macht auch erst ab 13 Uhr auf, so dass ich noch Zeit f\u00fcr ein paar Stunden Fahrt dorthin hab, also nicht unbedingt Autobahn fahren m\u00fcsste, weil <a href=\"http:\/\/blog.inmontanis.info\/?p=10398\">[&#8230;]<\/a><\/p>\n","protected":false},"author":1,"featured_media":10400,"comment_status":"closed","ping_status":"closed","sticky":false,"template":"","format":"standard","meta":{"footnotes":""},"categories":[912,164,819,59],"tags":[],"class_list":["post-10398","post","type-post","status-publish","format-standard","has-post-thumbnail","hentry","category-2023-09-2024-xx-skandinavien","category-belgienbelgium","category-brussel","category-nostalgie","odd"],"_links":{"self":[{"href":"http:\/\/blog.inmontanis.info\/index.php?rest_route=\/wp\/v2\/posts\/10398","targetHints":{"allow":["GET"]}}],"collection":[{"href":"http:\/\/blog.inmontanis.info\/index.php?rest_route=\/wp\/v2\/posts"}],"about":[{"href":"http:\/\/blog.inmontanis.info\/index.php?rest_route=\/wp\/v2\/types\/post"}],"author":[{"embeddable":true,"href":"http:\/\/blog.inmontanis.info\/index.php?rest_route=\/wp\/v2\/users\/1"}],"replies":[{"embeddable":true,"href":"http:\/\/blog.inmontanis.info\/index.php?rest_route=%2Fwp%2Fv2%2Fcomments&post=10398"}],"version-history":[{"count":1,"href":"http:\/\/blog.inmontanis.info\/index.php?rest_route=\/wp\/v2\/posts\/10398\/revisions"}],"predecessor-version":[{"id":10399,"href":"http:\/\/blog.inmontanis.info\/index.php?rest_route=\/wp\/v2\/posts\/10398\/revisions\/10399"}],"wp:featuredmedia":[{"embeddable":true,"href":"http:\/\/blog.inmontanis.info\/index.php?rest_route=\/wp\/v2\/media\/10400"}],"wp:attachment":[{"href":"http:\/\/blog.inmontanis.info\/index.php?rest_route=%2Fwp%2Fv2%2Fmedia&parent=10398"}],"wp:term":[{"taxonomy":"category","embeddable":true,"href":"http:\/\/blog.inmontanis.info\/index.php?rest_route=%2Fwp%2Fv2%2Fcategories&post=10398"},{"taxonomy":"post_tag","embeddable":true,"href":"http:\/\/blog.inmontanis.info\/index.php?rest_route=%2Fwp%2Fv2%2Ftags&post=10398"}],"curies":[{"name":"wp","href":"https:\/\/api.w.org\/{rel}","templated":true}]}}