{"id":10191,"date":"2024-08-15T21:11:42","date_gmt":"2024-08-15T19:11:42","guid":{"rendered":"http:\/\/blog.inmontanis.info\/?p=10191"},"modified":"2024-09-04T21:23:59","modified_gmt":"2024-09-04T19:23:59","slug":"isle-of-man-manx-museum-port-jack-glen-beach-15-8-2024","status":"publish","type":"post","link":"http:\/\/blog.inmontanis.info\/?p=10191","title":{"rendered":"Isle of Man: Manx Museum, Port Jack Glen\/Beach, 15.8.2024"},"content":{"rendered":"<p><strong>Do, 15.8.2024<\/strong><\/p>\n<p>Heute Vormittag also Regen, womit die Fahrgastzahlen wesentich geringer als gestern sein d\u00fcrften. Ich hoffte auf eine geschlossene Pferdetram und wollte von der Endstation zum Manx Museum gehen, das ich glaub vor 2 Jahren schon einmal besucht hatte und gratis ist.  Ohne Regen w\u00e4r ich wohl erst einmal Port Jack raufgegangen und h\u00e4tte mir was zum Fr\u00fchst\u00fcck gekauft, in AT ist ja heute Feiertag, daher war ich fr\u00fcher dran. <\/p>\n<p>Die Pferdetrams w\u00fcrden ab 9:05 fahren im Halbstundentakt, lie\u00df die erste aber aus und stellte stattdessen einen Bericht online in der Hoffnung auf etwas weniger starken Regen danach. Nope, musste dann auf&#8217;s Klo und brach die PC-Sitzung ab.<\/p>\n<p>Um 9 Uhr eh ewas weniger Regen, ich sah den geschlossenen 27er Wagen auf der Pferdetram fahren. Durch den Regen gestern und heute sollte ich morgen wohl auch nicht die Wanderung in Laxey zur alten Mine bzw. zwischen Mine und Bungalow-Station angehen, k\u00f6nnte zu matschig werden.  <\/p>\n<p>Im Gegensatz zu vorgestern wurden auf der MER heute Morgen keine offenen Trailer rausgeschickt, die ersten offiziellen Fahrten schienen 21+20 jeweils einzeln zu machen.<\/p>\n<p><a href='http:\/\/extra.inmontanis.info\/d\/117980-2\/DSC03569.jpg'><img src=http:\/\/extra.inmontanis.info\/d\/117979-3\/DSC03569.jpg \/><\/a><br \/>\n^ 7+59 fahren heute die erste inoffizelle Fahrt, die den gebuchten Reisegruppen vorbehalten ist<\/p>\n<p><a href='http:\/\/extra.inmontanis.info\/d\/117984-2\/DSC03570.jpg'><img src=http:\/\/extra.inmontanis.info\/d\/117983-3\/DSC03570.jpg \/><\/a><br \/>\n^ &#8230; die Rollatoren mussten auch noch am Heck des Beiwagens verstaut werden, der Station-Master war not amused, das auch noch bei str\u00f6menden Regen machen zu m\u00fcssen ;)<\/p>\n<p>Einerseits bietet sich so ein regnerischer Tag ja f\u00fcr ein Museum an, andererseits bei trockenem Wetter w\u00e4r ich mal einen Teil der ehemaligen Cable-Tram-Strecke zum Museum abgegangen. Die wenn es noch g\u00e4be, w\u00e4re die Halbierung der Horse Tram auch OK, denn die Cable Tram soll ja genau von der jetzigen Pferdetram-Endstation Villa Marina bis zur ehemaligen Pferdetram-Endstation am Hafen gegangen sein, nur eben \u00fcber den Berg und den h\u00f6heren Ortsteil, daher ja mit Seil gezogen (kuppelbare Wagen, wie in San Francisco).<\/p>\n<p>Der Regen kommt hier meist mit Sturm, womit ich mit meinem kleinen Schirm recht machtlos bin (weil zu klein und weil zu wenig sturmfest), Hose war schon bis Villa Marina nass und es war noch ein St\u00fcck zum Museum. <\/p>\n<p>Teilweise hatte ich im Museum keine Ahnung, ob ich gewisse Austellungsbereiche bzw. -st\u00fccke letztes Mal schon gesehen hatte oder nicht, hab mich dann auch recht zur\u00fcckgehalten mit den Fotos.<\/p>\n<p>Irgendwo stand oder wurde in einem Filmchen witzelnd erz\u00e4hlt, dass die Leute fr\u00fcher mit der Pferdetram bis Derby Castle fuhren, dort die Tickets f\u00fcr die elektrische Tram kauften und dann mit der Pferdetram wieder zur\u00fcck fuhren bis zum Ende der Warteschlange ;-) <\/p>\n<p><a href='http:\/\/extra.inmontanis.info\/d\/117988-2\/DSC03571.jpg'><img src=http:\/\/extra.inmontanis.info\/d\/117987-3\/DSC03571.jpg \/><\/a><br \/>\n^ Manx Museum<\/p>\n<p><a href='http:\/\/extra.inmontanis.info\/d\/117992-2\/DSC03572.jpg'><img src=http:\/\/extra.inmontanis.info\/d\/117991-3\/DSC03572.jpg \/><\/a><br \/>\n^ In der Gallery gab es eine Ausstellung \u00fcber Archibald Knox, Designer von solchen Dingen Anfang des 20. Jhdts.<\/p>\n<p><a href='http:\/\/extra.inmontanis.info\/d\/117996-2\/DSC03580_001.jpg'><img src=http:\/\/extra.inmontanis.info\/d\/117995-3\/DSC03580_001.jpg \/><\/a><br \/>\n^ Spezialausstellung Olympische Spiele, da die ja gerade in Paris sind oder waren<\/p>\n<p><a href='http:\/\/extra.inmontanis.info\/d\/118000-2\/DSC03583.jpg'><img src=http:\/\/extra.inmontanis.info\/d\/117999-3\/DSC03583.jpg \/><\/a><br \/>\n^ Fundst\u00fccke aus der Bronzezeit &#8230;<\/p>\n<p><a href='http:\/\/extra.inmontanis.info\/d\/118004-2\/DSC03585.jpg'><img src=http:\/\/extra.inmontanis.info\/d\/118003-3\/DSC03585.jpg \/><\/a><br \/>\n^ .. die Kette soll 4.000 Jahre alt sein. Schaut aus wie Plastik. Da muss man beim Finden auch erst mal checken, dass das wertvoll sein k\u00f6nnte!<\/p>\n<p><a href='http:\/\/extra.inmontanis.info\/d\/118008-2\/DSC03587.jpg'><img src=http:\/\/extra.inmontanis.info\/d\/118007-3\/DSC03587.jpg \/><\/a><br \/>\n^ Die Kelten haben im Jahr 700 noch mit so einem Strich-Alphabet geschrieben ..<\/p>\n<p><a href='http:\/\/extra.inmontanis.info\/d\/118012-2\/DSC03591.jpg'><img src=http:\/\/extra.inmontanis.info\/d\/118011-3\/DSC03591.jpg \/><\/a><br \/>\n^ .. zumindest auf Grabsteinen<\/p>\n<p><a href='http:\/\/extra.inmontanis.info\/d\/118016-2\/DSC03595.jpg'><img src=http:\/\/extra.inmontanis.info\/d\/118015-3\/DSC03595.jpg \/><\/a><br \/>\n^ Arch\u00e4ologie<\/p>\n<p><a href='http:\/\/extra.inmontanis.info\/d\/118020-2\/DSC03596_001.jpg'><img src=http:\/\/extra.inmontanis.info\/d\/118019-3\/DSC03596_001.jpg \/><\/a><br \/>\n^ Arch\u00e4ologie<\/p>\n<p><a href='http:\/\/extra.inmontanis.info\/d\/118024-2\/DSC03599.jpg'><img src=http:\/\/extra.inmontanis.info\/d\/118023-3\/DSC03599.jpg \/><\/a><br \/>\n^ Ca. 3.000 Jahre altes Schwert<\/p>\n<p><a href='http:\/\/extra.inmontanis.info\/d\/118028-2\/DSC03602.jpg'><img src=http:\/\/extra.inmontanis.info\/d\/118027-3\/DSC03602.jpg \/><\/a><br \/>\n^ Arch\u00e4ologie \/ Fundst\u00fccke<\/p>\n<p><a href='http:\/\/extra.inmontanis.info\/d\/118032-2\/DSC03604.jpg'><img src=http:\/\/extra.inmontanis.info\/d\/118031-3\/DSC03604.jpg \/><\/a><br \/>\n^ auch hier wieder links der Haufen, wenn ich solche Steine finden w\u00fcrde, k\u00e4m ich gar nicht auf den Gedanken, dass diese Splitter von einem Menschen vor Jahrtausenden manuell erzeugt wurde.<\/p>\n<p><a href='http:\/\/extra.inmontanis.info\/d\/118036-2\/DSC03606_001.jpg'><img src=http:\/\/extra.inmontanis.info\/d\/118035-3\/DSC03606_001.jpg \/><\/a><br \/>\n^ <\/p>\n<p><a href='http:\/\/extra.inmontanis.info\/d\/118040-2\/DSC03608_001.jpg'><img src=http:\/\/extra.inmontanis.info\/d\/118039-3\/DSC03608_001.jpg \/><\/a><br \/>\n^ Etwas \u00fcbertriebene Relief-Karte der Isle of Man imt den Fundorten<\/p>\n<p><a href='http:\/\/extra.inmontanis.info\/d\/118044-2\/DSC03610_001.jpg'><img src=http:\/\/extra.inmontanis.info\/d\/118043-3\/DSC03610_001.jpg \/><\/a><br \/>\n^ ca. 1000 Jahre oder so alt<\/p>\n<p><a href='http:\/\/extra.inmontanis.info\/d\/118048-2\/DSC03613_002.jpg'><img src=http:\/\/extra.inmontanis.info\/d\/118047-3\/DSC03613_002.jpg \/><\/a><br \/>\n^ <\/p>\n<p><a href='http:\/\/extra.inmontanis.info\/d\/118052-2\/DSC03614_001.jpg'><img src=http:\/\/extra.inmontanis.info\/d\/118051-3\/DSC03614_001.jpg \/><\/a><br \/>\n^ <\/p>\n<p><a href='http:\/\/extra.inmontanis.info\/d\/118056-2\/DSC03617.jpg'><img src=http:\/\/extra.inmontanis.info\/d\/118055-3\/DSC03617.jpg \/><\/a><br \/>\n^ <\/p>\n<p><a href='http:\/\/extra.inmontanis.info\/d\/118060-2\/DSC03619.jpg'><img src=http:\/\/extra.inmontanis.info\/d\/118059-3\/DSC03619.jpg \/><\/a><br \/>\n^ Ca. 1100 Jahre alt<\/p>\n<p><a href='http:\/\/extra.inmontanis.info\/d\/118064-2\/DSC03657.jpg'><img src=http:\/\/extra.inmontanis.info\/d\/118063-3\/DSC03657.jpg \/><\/a><br \/>\n^ Funst\u00fcck aus Vikingerzeit<\/p>\n<p><a href='http:\/\/extra.inmontanis.info\/d\/118068-2\/DSC03622.jpg'><img src=http:\/\/extra.inmontanis.info\/d\/118067-3\/DSC03622.jpg \/><\/a><br \/>\n^ <\/p>\n<p><a href='http:\/\/extra.inmontanis.info\/d\/118072-2\/DSC03623.jpg'><img src=http:\/\/extra.inmontanis.info\/d\/118071-3\/DSC03623.jpg \/><\/a><br \/>\n^ Grabkammer<\/p>\n<p><a href='http:\/\/extra.inmontanis.info\/d\/118076-2\/DSC03624_002.jpg'><img src=http:\/\/extra.inmontanis.info\/d\/118075-3\/DSC03624_002.jpg \/><\/a><br \/>\n^ .. mit Schwertern und anderem Zeug<\/p>\n<p><a href='http:\/\/extra.inmontanis.info\/d\/118080-2\/DSC03626_001.jpg'><img src=http:\/\/extra.inmontanis.info\/d\/118079-3\/DSC03626_001.jpg \/><\/a><br \/>\n^ So hie\u00dfen die Leute damals<\/p>\n<p><a href='http:\/\/extra.inmontanis.info\/d\/118084-2\/DSC03629_001.jpg'><img src=http:\/\/extra.inmontanis.info\/d\/118083-3\/DSC03629_001.jpg \/><\/a><br \/>\n^ Ungew\u00f6hnliche Taschenmesser (wg. Pferde)<\/p>\n<p><a href='http:\/\/extra.inmontanis.info\/d\/118088-2\/DSC03634_002.jpg'><img src=http:\/\/extra.inmontanis.info\/d\/118087-3\/DSC03634_002.jpg \/><\/a><br \/>\n^ <\/p>\n<p><a href='http:\/\/extra.inmontanis.info\/d\/118092-2\/DSC03637.jpg'><img src=http:\/\/extra.inmontanis.info\/d\/118091-3\/DSC03637.jpg \/><\/a><br \/>\n^ Horsetram, die hatte ich sicher letztes Mal schon besser fotografiert<\/p>\n<p><a href='http:\/\/extra.inmontanis.info\/d\/118096-2\/DSC03640_001.jpg'><img src=http:\/\/extra.inmontanis.info\/d\/118095-3\/DSC03640_001.jpg \/><\/a><br \/>\n^ Schiffe im Lampenglas, glaub das war in der Kriegsgefangenen-Ausstellung<\/p>\n<p><a href='http:\/\/extra.inmontanis.info\/d\/118100-2\/DSC03642_001.jpg'><img src=http:\/\/extra.inmontanis.info\/d\/118099-3\/DSC03642_001.jpg \/><\/a><br \/>\n^ die Kekse aus dem Krieg schauen nicht mehr gut aus<\/p>\n<p><a href='http:\/\/extra.inmontanis.info\/d\/118104-2\/DSC03646.jpg'><img src=http:\/\/extra.inmontanis.info\/d\/118103-3\/DSC03646.jpg \/><\/a><br \/>\n^ Im Untergeschoss gibts nun eine Ausstellung zu den Motorradrennen TT &amp; Co<\/p>\n<p><a href='http:\/\/extra.inmontanis.info\/d\/118108-2\/DSC03647.jpg'><img src=http:\/\/extra.inmontanis.info\/d\/118107-3\/DSC03647.jpg \/><\/a><br \/>\n^ TT-Ausstellung<\/p>\n<p><a href='http:\/\/extra.inmontanis.info\/d\/118112-2\/DSC03648.jpg'><img src=http:\/\/extra.inmontanis.info\/d\/118111-3\/DSC03648.jpg \/><\/a><br \/>\n^ TT-Ausstellung<\/p>\n<p><a href='http:\/\/extra.inmontanis.info\/d\/118116-2\/DSC03650.jpg'><img src=http:\/\/extra.inmontanis.info\/d\/118115-3\/DSC03650.jpg \/><\/a><br \/>\n^ TT-Ausstellung; Motorr\u00e4der interessieren mich ja \u00fcberhaupt nicht. Aber auch Autorennen w\u00fcrden mich nicht interessieren, insofern &#8230;<\/p>\n<p><a href='http:\/\/extra.inmontanis.info\/d\/118120-2\/DSC03651.jpg'><img src=http:\/\/extra.inmontanis.info\/d\/118119-3\/DSC03651.jpg \/><\/a><br \/>\n^ TT-Ausstellung<\/p>\n<p>.. auf die vielen Toten wurde in der Ausstellung wohl nicht wirklich hingewiesen, wie mir schien ..<\/p>\n<p><a href='http:\/\/extra.inmontanis.info\/d\/118124-2\/DSC03653.jpg'><img src=http:\/\/extra.inmontanis.info\/d\/118123-3\/DSC03653.jpg \/><\/a><br \/>\n^ Vergleich Kaninchen, Hasen und dem kleinen Wallaby-K\u00e4nguru<\/p>\n<p><a href='http:\/\/extra.inmontanis.info\/d\/118128-2\/DSC03655.jpg'><img src=http:\/\/extra.inmontanis.info\/d\/118127-3\/DSC03655.jpg \/><\/a><br \/>\n^ .. und noch ein gr\u00f6\u00dferer Hase<\/p>\n<p>Man kann problemlos 4h  im Museum verbringen, aber da wurde ich dann auch recht fu\u00dfm\u00fcde.<\/p>\n<p>Als ich nach 14 Uhr rausging, war es trocken. In der Fu\u00dfg\u00e4ngerzone ging ich in die asiatische Nudelbar, dort gab&#8217;s Chicken Satay und auf einer Zusatztafel stand, dass das Erdn\u00fcsse enthielt. Also kaufte ich eine kleine Portion. Sehr gro\u00dfer Fehler, denn es war leider extrem scharf, konnte nicht alles essen, \u00e4tzte einem den Mund weg :(<\/p>\n<p>Mit der Pferdetram gings dann wieder zur\u00fcck. Eine komplette Fahrt mit der MER bis Ramsey schien mir etwas gef\u00e4hrlich zu sein, das ohne Klogang durchzuhalten, weil ich jetzt was gegessen und durch die Sch\u00e4rfe viel getrunken hatte. Die Glens zwischendrin werden heute zu nass sein, also fuhr ich bis Dhoon Glen, wo man in ca. 15 Minuten die n\u00e4chste Tram wieder zur\u00fcck nach Laxey erwischen k\u00f6nnte, wenn nicht die eine zu sp\u00e4t und die andere zu fr\u00fch dran ist.<\/p>\n<p><a href='http:\/\/extra.inmontanis.info\/d\/118132-2\/DSC03663.jpg'><img src=http:\/\/extra.inmontanis.info\/d\/118131-3\/DSC03663.jpg \/><\/a><br \/>\n^ MER Wagen 6 am sch\u00f6nen St\u00fcck zwischen Dhoon und Laxey hoch \u00fcber dem Meer<\/p>\n<p>Nachmittags war dann auch die 7er ohne Trailer unterwegs, daf\u00fcr war der 59er Beiwagen nachmittags hinter Nummer 6. Ich kaufte dann schon kurz in Laxey ein anstatt sp\u00e4ter in  Port Jack, stieg aber trotzdem dort aus, denn da bin ich heuer noch nicht die Treppen runter zum Meer gegangen und die kurze Port Jack Glen k\u00f6nnte man auch mal wieder gehen, da war der Weg eh Stein und eher ein kleiner Park als eine Glen und dann halt noch etwas im Fish&#8217;n&#8217;Chips mitnehmen.<\/p>\n<p><a href='http:\/\/extra.inmontanis.info\/d\/118136-2\/DSC03664.jpg'><img src=http:\/\/extra.inmontanis.info\/d\/118135-3\/DSC03664.jpg \/><\/a><br \/>\n^ Port Jack Glen, sehr kurz, sehr k\u00fcnstlich, aber trotzdem sch\u00f6n, mal ein Kontrast zu den Natur-Glens<\/p>\n<p><a href='http:\/\/extra.inmontanis.info\/d\/118140-2\/DSC03665_001.jpg'><img src=http:\/\/extra.inmontanis.info\/d\/118139-3\/DSC03665_001.jpg \/><\/a><br \/>\n^ Port Jack Glen<\/p>\n<p><a href='http:\/\/extra.inmontanis.info\/d\/118144-2\/DSC03669_001.jpg'><img src=http:\/\/extra.inmontanis.info\/d\/118143-3\/DSC03669_001.jpg \/><\/a><br \/>\n^ Port Jack Glen, hinten das Meer<\/p>\n<p><a href='http:\/\/extra.inmontanis.info\/d\/118148-2\/DSC03672_001.jpg'><img src=http:\/\/extra.inmontanis.info\/d\/118147-3\/DSC03672_001.jpg \/><\/a><br \/>\n^ Port Jack Glen, hinten das Meer<\/p>\n<p><a href='http:\/\/extra.inmontanis.info\/d\/118152-2\/DSC03677_001.jpg'><img src=http:\/\/extra.inmontanis.info\/d\/118151-3\/DSC03677_001.jpg \/><\/a><br \/>\n^ Port Jack Beach<\/p>\n<p><a href='http:\/\/extra.inmontanis.info\/d\/118156-2\/DSC03678.jpg'><img src=http:\/\/extra.inmontanis.info\/d\/118155-3\/DSC03678.jpg \/><\/a><br \/>\n^ Port Jack Beach, war ich heuer auch noch nicht, muss auch einmal pro Besuch sein, dass ich die Treppen von der Tram aus runtergehe<\/p>\n<p><a href='http:\/\/extra.inmontanis.info\/d\/118160-2\/DSC03679.jpg'><img src=http:\/\/extra.inmontanis.info\/d\/118159-3\/DSC03679.jpg \/><\/a><br \/>\n^ Port Jack Beach<\/p>\n<p><a href='http:\/\/extra.inmontanis.info\/d\/118164-2\/DSC03680.jpg'><img src=http:\/\/extra.inmontanis.info\/d\/118163-3\/DSC03680.jpg \/><\/a><br \/>\n^ Port Jack Beach und Douglas<\/p>\n<p><a href='http:\/\/extra.inmontanis.info\/d\/118168-2\/DSC03681_002.jpg'><img src=http:\/\/extra.inmontanis.info\/d\/118167-3\/DSC03681_002.jpg \/><\/a><br \/>\n^ Port Jack Beach<\/p>\n<p><a href='http:\/\/extra.inmontanis.info\/d\/118172-2\/DSC03682.jpg'><img src=http:\/\/extra.inmontanis.info\/d\/118171-3\/DSC03682.jpg \/><\/a><br \/>\n^ Port Jack Beach und Douglas<\/p>\n<p><a href='http:\/\/extra.inmontanis.info\/d\/118176-2\/DSC03685_001.jpg'><img src=http:\/\/extra.inmontanis.info\/d\/118175-3\/DSC03685_001.jpg \/><\/a><br \/>\n^ Douglas von oberhalb des Tram-Depots<\/p>\n<p>Eigentlich solte man ja wetterm\u00e4\u00dfig morgen Snaefell fahren (und dann am Sonntag mit dem Dampfzug; Samstag w\u00fcrde schlechter passen, weil dort mehr Z\u00fcge fahren und ich entweder zu kurz oder zu lange Aufenthalt in Port Erin h\u00e4tte, m\u00f6chte am Samstag nicht zu sp\u00e4t in Ramsey sein bevor der Chinese wieder so voll ist), aber es w\u00fcrde morgen auch gut funktionieren, den Dampfzug zu machen. Vielleicht h\u00e4tt ich vorhin noch Snaefell rauf und runter fahren sollen, k\u00f6nnte man ja eigentlich auch mehr als nur noch 1x machen.<\/p>\n<p>Ich entschied mich f\u00fcr die &#8220;normale&#8221; Portion Pommes, also nicht die gro\u00dfe, plus Erbsen &#8211; aber die Portion war ja wieder viel zu gro\u00df. Und normalerweise sollte man da jetzt noch einen Fisch dazu essen???<\/p>\n<p>Alterantiv kann man die Pommes ja auch mit Gravy, also brauner Bratenso\u00dfe, oder meist auch mit K\u00e4se, haben.<\/p>\n<p><a href='http:\/\/extra.inmontanis.info\/d\/118180-2\/DSC03687_002.jpg'><img src=http:\/\/extra.inmontanis.info\/d\/118179-3\/DSC03687_002.jpg \/><\/a><br \/>\n^ Pommes &#038; mastschige Erbsen. Ist durchaus eine passende Alternative zu Ketchup! Und besser als Chips &#038; Fish.<br \/>\n(Fun Fact: Als ich den Bericht am 4.9. online gestellt hab, hab ich ebenfalls wieder einmal Pommes mit Erbsen gegessen)<\/p>\n<p>Die chinesischen Krabbenchips von gestern passten auch gut zu den Erbsen-Pommes.<\/p>\n<p>Mal nachgeschaut, wie es dem Sommerskibetrieb in den Alpen geht, weil ich ja um den 15.8. wg. Feiertag fr\u00fcher auch \u00f6fters mal Skifahren war. Selbst Hintertux hat heuer den Skibetrieb komplett einstellen m\u00fcssen. Oder wollen. Am Stilfserjoch sieht man auf den Webcams noch Pistenpr\u00e4parierungen und vormittags zumindest im Trainingsbereich Leute fahren, laut Schneebericht ist der Geister-SL gar nicht offen (bzw. heuer gar nicht existent) und es gibt eine Pistenraupentaxiverbindung zu Payer und Cristallo. In L2A hat man die Webcams vom Gletscherbereich seit 7.7. deaktiviert, damit man nichts mehr sehen kann. Cervinia\/Zermatt sehen noch recht gut aus. Auch Saas Fee hat wohl noch Skibetrieb.  Tja, es gab auch schon Jahre, da war nur noch Hintertux offen.<\/p>\n<p>Naja, da sind mir die 15-20\u00b0 ganztags auf der Isle of Man eh lieber als das Sommerskifahren in den Alpen, wenn man dann wieder 30\u00b0 im Tal hat bzw. die warmen Seilbahnen ins Tal runterfahren muss.<\/p>\n<p>In Norwegen haben die Gletscher auch zu. Vielleicht werd ich n\u00e4chsten Freitag meine Ski mal auspacken und Ski fahren.<\/p>\n<p>Gesehene Trams heute:  21, 20, 6(+59), 7(+59), 5<\/p>\n","protected":false},"excerpt":{"rendered":"<p>Do, 15.8.2024<\/p>\n<p>Heute Vormittag also Regen, womit die Fahrgastzahlen wesentich geringer als gestern sein d\u00fcrften. Ich hoffte auf eine geschlossene Pferdetram und wollte von der Endstation zum Manx Museum gehen, das ich glaub vor 2 Jahren schon einmal besucht hatte und gratis ist. Ohne Regen w\u00e4r ich wohl erst einmal Port Jack raufgegangen und h\u00e4tte <a href=\"http:\/\/blog.inmontanis.info\/?p=10191\">[&#8230;]<\/a><\/p>\n","protected":false},"author":1,"featured_media":10193,"comment_status":"closed","ping_status":"closed","sticky":false,"template":"","format":"standard","meta":{"footnotes":""},"categories":[912,21,191,59],"tags":[37,40],"class_list":["post-10191","post","type-post","status-publish","format-standard","has-post-thumbnail","hentry","category-2023-09-2024-xx-skandinavien","category-britain","category-isle-of-man","category-nostalgie","tag-meer","tag-strasenbahn","odd"],"_links":{"self":[{"href":"http:\/\/blog.inmontanis.info\/index.php?rest_route=\/wp\/v2\/posts\/10191","targetHints":{"allow":["GET"]}}],"collection":[{"href":"http:\/\/blog.inmontanis.info\/index.php?rest_route=\/wp\/v2\/posts"}],"about":[{"href":"http:\/\/blog.inmontanis.info\/index.php?rest_route=\/wp\/v2\/types\/post"}],"author":[{"embeddable":true,"href":"http:\/\/blog.inmontanis.info\/index.php?rest_route=\/wp\/v2\/users\/1"}],"replies":[{"embeddable":true,"href":"http:\/\/blog.inmontanis.info\/index.php?rest_route=%2Fwp%2Fv2%2Fcomments&post=10191"}],"version-history":[{"count":2,"href":"http:\/\/blog.inmontanis.info\/index.php?rest_route=\/wp\/v2\/posts\/10191\/revisions"}],"predecessor-version":[{"id":10194,"href":"http:\/\/blog.inmontanis.info\/index.php?rest_route=\/wp\/v2\/posts\/10191\/revisions\/10194"}],"wp:featuredmedia":[{"embeddable":true,"href":"http:\/\/blog.inmontanis.info\/index.php?rest_route=\/wp\/v2\/media\/10193"}],"wp:attachment":[{"href":"http:\/\/blog.inmontanis.info\/index.php?rest_route=%2Fwp%2Fv2%2Fmedia&parent=10191"}],"wp:term":[{"taxonomy":"category","embeddable":true,"href":"http:\/\/blog.inmontanis.info\/index.php?rest_route=%2Fwp%2Fv2%2Fcategories&post=10191"},{"taxonomy":"post_tag","embeddable":true,"href":"http:\/\/blog.inmontanis.info\/index.php?rest_route=%2Fwp%2Fv2%2Ftags&post=10191"}],"curies":[{"name":"wp","href":"https:\/\/api.w.org\/{rel}","templated":true}]}}