{"id":10183,"date":"2024-08-13T20:28:34","date_gmt":"2024-08-13T18:28:34","guid":{"rendered":"http:\/\/blog.inmontanis.info\/?p=10183"},"modified":"2024-09-01T20:36:11","modified_gmt":"2024-09-01T18:36:11","slug":"isle-of-man-glen-mooar-curragh-tholt-y-will-glen-laxey-glen-12-13-8-2024","status":"publish","type":"post","link":"http:\/\/blog.inmontanis.info\/?p=10183","title":{"rendered":"Isle of Man: Glen Mooar, Curragh, Tholt-y-Will Glen, Laxey Glen, 12.-13.8.2024"},"content":{"rendered":"<p><strong>Mo, 12.8.2024<\/strong><\/p>\n<p>Die ganze Zeit vergesssen, dass ich ja f\u00fcr Mittwoch die Theater-Tour buchen wollte, heute endich mal nachgeholt, es waren noch Pl\u00e4tz frei. Tja, wenn ich mir so die angedachten Ziele ansehe, br\u00e4uchte ich wohl noch ca. 1 Woche mehr, es reichen also auch die 24 Tage wieder nicht<\/p>\n<p>Somit fraglich, ob ich nochmals eine 5- oder 7-Tageskarte f\u00fcr Tram&#038;Z\u00fcge kauf, denn bei einer 7-TK m\u00fcsste ich schon ab morgen kaufen, oder eben dann 5 Tage von MI-SO (und am letzten Tag MO noch etwas anderes machen)&#8230;<\/p>\n<p>Die Glen Mooar bin ich 2022 schon gegangen, damals war aber der untere Weg gesperrt, vielleicht ist er heute offen?<\/p>\n<p>Ich fuhr zum gestern gefundenen, oberen Parkplatz, von wo man aus direkter zum Wasserfall kommt. Ging danach in die Glen rein und sah, das der untere Weg weiterhin gesperrt ist und weil der obere ja unlohnenswert war, kehrte ich wieder zum Auto zur\u00fcck.<\/p>\n<p><a href='http:\/\/extra.inmontanis.info\/d\/117531-3\/DSC03315.jpg'><img src=http:\/\/extra.inmontanis.info\/d\/117530-4\/DSC03315.jpg \/><\/a><br \/>\n^ Glen Mooar Ende, Furt der alten M\u00f6nchsstra\u00dfe + aktuelle Fu\u00dfg\u00e4ngerbr\u00fccke<\/p>\n<p><a href='http:\/\/extra.inmontanis.info\/d\/117535-3\/DSC03320.jpg'><img src=http:\/\/extra.inmontanis.info\/d\/117534-4\/DSC03320.jpg \/><\/a><br \/>\n^ Wasserfall, den man von Glen Mooar erreicht<\/p>\n<p><a href='http:\/\/extra.inmontanis.info\/d\/117539-2\/DSC03327_001.jpg'><img src=http:\/\/extra.inmontanis.info\/d\/117538-3\/DSC03327_001.jpg \/><\/a><br \/>\n^ Wasserfall, den man von Glen Mooar erreicht<\/p>\n<p><a href='http:\/\/extra.inmontanis.info\/d\/117543-2\/DSC03331_001.jpg'><img src=http:\/\/extra.inmontanis.info\/d\/117542-3\/DSC03331_001.jpg \/><\/a><br \/>\n^ Glen Mooar, der untere Weg ist weiterhin gesperrt, daher gar nicht weiter gegangen<\/p>\n<p>Trotz des vielen Schattens und nur knapp 20\u00b0 kam ich bald wieder ins Schwitzen. <\/p>\n<p>Was sonst heut noch? Mal wieder an den n\u00f6rdlichsten Punkt der IoM fahren? Noch eine andere Glen bewandern? Glen Auldyn hatte ich noch nie besucht, allerdings ist mir auch nicht klar, welchen Teil man (sinnvoll) erwandern sollte und wo man dann parken m\u00fcsste ..<\/p>\n<p>Gegen Mittag war ich dann in dem Naturreservat hinter dem gestrigen Wildlife Park, wo die wildlebenden Klein-K\u00e4ngurus leben sollen, laut Berichten sollte man aber in der D\u00e4mmerungszeit mehr Chancen haben. Wie erwartet hab ich die Wallabies nicht gesehen.<\/p>\n<p>&#128681; Gespeicherte Geolocation &#8211; Karte anzeigen: <a href='https:\/\/www.google.com\/maps\/@?api=1&#038;map_action=map&#038;center=54.3292633,-4.5247933&#038;zoom=12&#038;basemap=terrain' target=_blank> GoogleMaps<\/a> &#128681; <a href='https:\/\/www.openstreetmap.org\/?&#038;mlat=54.3292633&#038;mlon=-4.5247933#map=10\/54.3292633\/-4.5247933&#038;layers=P' target=_blank> OSM &#128681;<\/a><\/p>\n<p><a href='http:\/\/extra.inmontanis.info\/d\/117547-2\/DSC03332.jpg'><img src=http:\/\/extra.inmontanis.info\/d\/117546-3\/DSC03332.jpg \/><\/a><br \/>\n^ Close Sartfield \/ Curragh Infotafel, hier gibts also die freilebenden Wallabies (kleine K\u00e4ngurus)<\/p>\n<p><a href='http:\/\/extra.inmontanis.info\/d\/117551-3\/DSC03333_001.jpg'><img src=http:\/\/extra.inmontanis.info\/d\/117550-4\/DSC03333_001.jpg \/><\/a><br \/>\n^ Close Sartfield \/ Curragh<\/p>\n<p><a href='http:\/\/extra.inmontanis.info\/d\/117555-3\/DSC03334.jpg'><img src=http:\/\/extra.inmontanis.info\/d\/117554-4\/DSC03334.jpg \/><\/a><br \/>\n^ Close Sartfield \/ Curragh<\/p>\n<p><a href='http:\/\/extra.inmontanis.info\/d\/117559-3\/DSC03336.jpg'><img src=http:\/\/extra.inmontanis.info\/d\/117558-4\/DSC03336.jpg \/><\/a><br \/>\n^ Close Sartfield \/ Curragh<\/p>\n<p><a href='http:\/\/extra.inmontanis.info\/d\/117563-3\/DSC03338.jpg'><img src=http:\/\/extra.inmontanis.info\/d\/117562-4\/DSC03338.jpg \/><\/a><br \/>\n^ Vogelbeobachtungsstelle<\/p>\n<p><a href='http:\/\/extra.inmontanis.info\/d\/117567-3\/DSC03339.jpg'><img src=http:\/\/extra.inmontanis.info\/d\/117566-4\/DSC03339.jpg \/><\/a><br \/>\n^ .. Pano davon<\/p>\n<p>Da ich keine Lust hatte, noch bis zum Nordzipfel der Insel zu fahren, ging es nochmals in die Tholt-y-Will-Glen, die ich 2022 schon besuchte. Leider war ich wieder ziemlich zur gleichen Uhrzeit da wie vor 2 Jahren, hatte mir das extra notiert, weil mir die Glen damals zu sonnig war, weil sonne direkt in dieser Richtung steht.  <\/p>\n<p>Naja, reicht dann glaub ich, muss ich n\u00e4chses Mal nicht nochmals gehen, dann lieber Glen Maye, die ich heuer zeitbedingt auslassen hab. <\/p>\n<p><a href='http:\/\/extra.inmontanis.info\/d\/117571-3\/DSC03346_001.jpg'><img src=http:\/\/extra.inmontanis.info\/d\/117570-4\/DSC03346_001.jpg \/><\/a><br \/>\n^ Tholt-y-Will-Glen<\/p>\n<p><a href='http:\/\/extra.inmontanis.info\/d\/117575-3\/DSC03351.jpg'><img src=http:\/\/extra.inmontanis.info\/d\/117574-4\/DSC03351.jpg \/><\/a><br \/>\n^ Tholt-y-Will-Glen<\/p>\n<p><a href='http:\/\/extra.inmontanis.info\/d\/117579-3\/DSC03354.jpg'><img src=http:\/\/extra.inmontanis.info\/d\/117578-4\/DSC03354.jpg \/><\/a><br \/>\n^ Der obere Weg ist heuer eh gesperrt, wollte ich aber sowieso nicht gehen<\/p>\n<p><a href='http:\/\/extra.inmontanis.info\/d\/117583-3\/DSC03355_001.jpg'><img src=http:\/\/extra.inmontanis.info\/d\/117582-4\/DSC03355_001.jpg \/><\/a><br \/>\n^ Tholt-y-Will-Glen<\/p>\n<p><a href='http:\/\/extra.inmontanis.info\/d\/117587-3\/DSC03357_001.jpg'><img src=http:\/\/extra.inmontanis.info\/d\/117586-4\/DSC03357_001.jpg \/><\/a><br \/>\n^ Moose<\/p>\n<p><a href='http:\/\/extra.inmontanis.info\/d\/117612-3\/DSC03358_001.jpg'><img src=http:\/\/extra.inmontanis.info\/d\/117611-4\/DSC03358_001.jpg \/><\/a><br \/>\n^ Tholt-y-Will-Glen<\/p>\n<p>Genug gelaufen und autogefahren momentan, ich kauf mir ab morgen die 7-Tagesfahrkarte &#8230; wobei ich da ja auch immer genug laufen werde.<\/p>\n<p><a href='http:\/\/extra.inmontanis.info\/d\/117592-3\/DSC03360_001.jpg'><img src=http:\/\/extra.inmontanis.info\/d\/117591-4\/DSC03360_001.jpg \/><\/a><br \/>\n^ Snaefell Mountain Railway, die Bergstation ist rechts oben, die Tram schraubt sich (ohne Zahnrad) einmal komplett um den Berg hinauf<\/p>\n<p><a href='http:\/\/extra.inmontanis.info\/d\/117596-3\/DSC03362.jpg'><img src=http:\/\/extra.inmontanis.info\/d\/117595-4\/DSC03362.jpg \/><\/a><br \/>\n^ Snaefell Mountain Railway<\/p>\n<p>Leider kam ich heut auch nicht mehr an einen Supermarkt vorbei, also mittags hatte ich mir eine Cornish Pasty in einem kleinen Village Shop gekauft, aber der hatte so wenig Auswahl, dass ich nix f\u00fcr abends mitnehmen wollte. <\/p>\n<p>Bl\u00f6derweise gab es beim n\u00e4chten Spar keine Parkpl\u00e4tze (bzw. alle belegt) und der dritte Shop existierte nicht mehr.  Der angedachte Nachtplatz fiel aber eh aus, bei einem steht nun &#8220;no overnight&#8221;, beim anderen sonnig und windlos und internetlos. H\u00e4tte morgen fr\u00fch in Ramsey beginnen wollen, aber da es bis dort  ja anscheinenend keine bruachbaren Nachtpl\u00e4tze gibt, fuhr ich eben wieder nach Laxey zum Hafen , wo es noch sehr sonnig, komplett voll und ebenfalls windarm war, bekam aber gl\u00fccklicherweise an einem nahen Parkplatz einen Schattenplatz.<\/p>\n<p>Dieser Parkplatzbereich ist allerdings grunds\u00e4tzlich unsympathisch, weil immer Autos mit platten Reifen rumstehen, wenn&#8217;s nicht die selben wie vor 2 Wochen waren&#8230;<\/p>\n<p>Ich nutzte die Gelegenheit, hier nochmals einen Pork Bap zu kaufen, diesmal bestellte ich ohne Stuffing, aber mit mehr Apple Souce.<\/p>\n<p>Aktuell w\u00fcrde f\u00fcr morgen und Donnerstag tags\u00fcber ganztags regnerisch gemeldet &#8211; und ausgerechnet dann am sonnigen Mittwoch ist die Theater-Tour..<\/p>\n<p><strong>Di, 13.8.2024<\/strong><\/p>\n<p>Schon vor 7 Uhr st\u00fcrmischer Spr\u00fchregen, dass ich gar keine Lust hatte, den langen Weg zum Klo zu gehen, h\u00f6rte sp\u00e4ter aber manchmal auf.<\/p>\n<p>Wegen Ticketkauf, Klogang und Fr\u00fchst\u00fcckskauf (meine zwei restlichen Fingersemmeln sind leider \u00fcber nacht schimmlig geworden), verpasste ich die erste Tram nach Douglas, also ging&#8217;s halt stattdessen nach Ramsey. <\/p>\n<p>In Ramsey kurz einkaufen (bei Regen) und mit der n\u00e4chsten, also nicht der selben, Tram wieder retour. Trotz Schirms leider ziemlich nass geworden, an den Beinen, ist halt recht klein der Schirm (und bei den Winden hier sowieso zu schwach).<\/p>\n<p>Ich fuhr bis Laxey, um einige Eink\u00e4ufe im Auto zu verstauen und dann noch eine andere Tram nach Douglas zu nehmen, in Laxey wieder dauerhafterer Regen, so dass ich abermals nass wurde. Glaub, das war heut mein n\u00e4ssester Tag auf der IoM heuer, k\u00f6nnte aber vielleicht \u00fcbermorgen \u00fcbertroffen werden.<\/p>\n<p>Trotz des Wetters fuhren die Trams morgens noch mit den offenen Trailern, die aber bei dem geringen Andrang nicht ben\u00f6tigt und wegen Regen auch so gut wie nicht verwendet wurden &#8211; bzw. dann mit runteregelassenen Rolll\u00e4den; nachmittags dann zumeist ohne Anh\u00e4nger.<\/p>\n<p>Nachmittags wohlte wohl ein Einheimischer noch zum Snaefell rauf und hatte in Douglas extra ein Ticket gekauft, aber als er in Laxey ankam, war die Snaefelltram wg. des Wetters eingestellt und er musste wieder retour.<\/p>\n<p>ich fuhr nach Douglas, um evtl. eine Runde Pferdetram zu fahren, falls die noch fahren w\u00fcrde. Dort machte es einen etwas trockeneren Eindruck. Die Pferdetram fuhr trotz des Wetters sogar mit dem \u00fcblichen offenen Wagen. <\/p>\n<p>Ab 16 Uhr war es auch in Laxey trockener und da ich ja dann schon um 16:40 heute fertig war, weil in Laxey geparkt, k\u00f6nnte man mal wieder die Laxey Glen abgehen, weil ich die n\u00e4chsten Tage wohl auch nicht die Zeit tags\u00fcber haben werde? War mir aber recht schnell zu matschig, die Wege und ich kehrte wieder um.<\/p>\n<p><a href='http:\/\/extra.inmontanis.info\/d\/117600-3\/DSC03365.jpg'><img src=http:\/\/extra.inmontanis.info\/d\/117599-4\/DSC03365.jpg \/><\/a><br \/>\n^ Laxey Glen, unglaublich, wieviel (kostenlose) \u00f6ffentliche WCs dieser kleine Ort hat. Im Hafen \/ Strandbereich an jedem Ende eines, im oberen Ort eines, in der Glen hier eins und eines an der Feuerwehr auf dem Weg zum Laxey Wheel. Und am Bahnhof gibts ja auch eins.<\/p>\n<p><a href='http:\/\/extra.inmontanis.info\/d\/117604-3\/DSC03368.jpg'><img src=http:\/\/extra.inmontanis.info\/d\/117603-4\/DSC03368.jpg \/><\/a><br \/>\n^ Laxey Glen, der Spielplatz ist nun lichter und sch\u00f6ner gleich zu Beginn der Glen, der war ja zuletzt etwas d\u00fcster weiter hinten<\/p>\n<p><a href='http:\/\/extra.inmontanis.info\/d\/117608-3\/DSC03369.jpg'><img src=http:\/\/extra.inmontanis.info\/d\/117607-4\/DSC03369.jpg \/><\/a><br \/>\n^ Haus vor Laxey Glen<\/p>\n<p>Leute gibts&#8230; Fahren abends mit dem Wohnmobil auf den Parkplatz, um dann um 22:30 wieder weg zu fahren?!<\/p>\n<p>Gesehene Trams heute: 20+42 (sp\u00e4ter nur 20), 6+40, 22+43, 21+x (sp\u00e4ter nur 21), 5+41<\/p>\n","protected":false},"excerpt":{"rendered":"<p>Mo, 12.8.2024<\/p>\n<p>Die ganze Zeit vergesssen, dass ich ja f\u00fcr Mittwoch die Theater-Tour buchen wollte, heute endich mal nachgeholt, es waren noch Pl\u00e4tz frei. Tja, wenn ich mir so die angedachten Ziele ansehe, br\u00e4uchte ich wohl noch ca. 1 Woche mehr, es reichen also auch die 24 Tage wieder nicht<\/p>\n<p>Somit fraglich, ob ich nochmals <a href=\"http:\/\/blog.inmontanis.info\/?p=10183\">[&#8230;]<\/a><\/p>\n","protected":false},"author":1,"featured_media":10185,"comment_status":"closed","ping_status":"closed","sticky":false,"template":"","format":"standard","meta":{"footnotes":""},"categories":[912,21,191,30],"tags":[87,40,86],"class_list":["post-10183","post","type-post","status-publish","format-standard","has-post-thumbnail","hentry","category-2023-09-2024-xx-skandinavien","category-britain","category-isle-of-man","category-wandern","tag-grotteklamm","tag-strasenbahn","tag-wasserfall","odd"],"_links":{"self":[{"href":"http:\/\/blog.inmontanis.info\/index.php?rest_route=\/wp\/v2\/posts\/10183","targetHints":{"allow":["GET"]}}],"collection":[{"href":"http:\/\/blog.inmontanis.info\/index.php?rest_route=\/wp\/v2\/posts"}],"about":[{"href":"http:\/\/blog.inmontanis.info\/index.php?rest_route=\/wp\/v2\/types\/post"}],"author":[{"embeddable":true,"href":"http:\/\/blog.inmontanis.info\/index.php?rest_route=\/wp\/v2\/users\/1"}],"replies":[{"embeddable":true,"href":"http:\/\/blog.inmontanis.info\/index.php?rest_route=%2Fwp%2Fv2%2Fcomments&post=10183"}],"version-history":[{"count":1,"href":"http:\/\/blog.inmontanis.info\/index.php?rest_route=\/wp\/v2\/posts\/10183\/revisions"}],"predecessor-version":[{"id":10184,"href":"http:\/\/blog.inmontanis.info\/index.php?rest_route=\/wp\/v2\/posts\/10183\/revisions\/10184"}],"wp:featuredmedia":[{"embeddable":true,"href":"http:\/\/blog.inmontanis.info\/index.php?rest_route=\/wp\/v2\/media\/10185"}],"wp:attachment":[{"href":"http:\/\/blog.inmontanis.info\/index.php?rest_route=%2Fwp%2Fv2%2Fmedia&parent=10183"}],"wp:term":[{"taxonomy":"category","embeddable":true,"href":"http:\/\/blog.inmontanis.info\/index.php?rest_route=%2Fwp%2Fv2%2Fcategories&post=10183"},{"taxonomy":"post_tag","embeddable":true,"href":"http:\/\/blog.inmontanis.info\/index.php?rest_route=%2Fwp%2Fv2%2Ftags&post=10183"}],"curies":[{"name":"wp","href":"https:\/\/api.w.org\/{rel}","templated":true}]}}