{"id":10131,"date":"2024-07-31T21:50:32","date_gmt":"2024-07-31T19:50:32","guid":{"rendered":"http:\/\/blog.inmontanis.info\/?p=10131"},"modified":"2024-08-15T22:06:21","modified_gmt":"2024-08-15T20:06:21","slug":"isle-of-man-transport-festival-workshop-sheds-tour-victorian-evening-etc-31-7-2024","status":"publish","type":"post","link":"http:\/\/blog.inmontanis.info\/?p=10131","title":{"rendered":"Isle of Man: Transport Festival: Workshop\/Sheds Tour, Victorian Evening, etc., 31.7.2024"},"content":{"rendered":"<p><strong>Mi, 31.7.2024<\/strong><\/p>\n<p>Laut Gmaps h\u00e4tte der neue Tesco erst ab 8 Uhr offen, aber vor Ort stand dann doch ab 7, somit h\u00e4tte ich etwas fr\u00fcher dran sein k\u00f6nnen um mehr Zeit zu haben. Sch\u00f6ner, neuer Tesco, besser als der alte nahe Hafen\/ Dampfzug.<\/p>\n<p>Das Ticket-Office, das zuletzt wohl um 9 Uhr \u00f6ffnete, \u00f6ffnete dann f\u00fcr mich und jemand anders eine Viertelstunde fr\u00fcher, ich tippte dann auch noch 2x die falsche PIN ein und nahm dann vorsichtshalber die andere Karte (evtl. mehr Geb\u00fchren), man sollte sich die kontaktlose Zahlung nicht zu h\u00e4ufig angew\u00f6hnen, weil man dann die PIN leichter vergisst..<\/p>\n<p>21+20 sind gefahren als parallel-run bis Groudle und retour, 20 konnte ich vor 2 Jahren leider nicht fahren, 21 ist jetzt leider nicht mehr gr\u00fcn, sondern in Rot &#038; Braun. Es h\u00e4tte die 19 fahren sollen, aber war noch in der Werkstatt.<\/p>\n<p>Bl\u00f6derweise hab ich f\u00fcr morgen gleich um 9:50 ein Special ab Laxey gebucht anstatt sp\u00e4ter,  aber mit dem parallel-run morgens nur bis Groudle (und ggf. retour) w\u00fcrde man ja gar nicht nach Laxey zeitlich kommen, insb. wenn es, wie heute, auch noch einen Fototopp gibt.<\/p>\n<p>W\u00e4re nur dann m\u00f6glich,, wenn eine der beiden Trams gleich weiter nach Laxey fahren w\u00fcrde, ansonsten m\u00fcsste ich die vorherige nehmen, da ab morgen mit dem Fahrplan &#8220;F&#8221; gefahren wird laut dem 10min zuvor schon eine nach Laxey fahren sollte. <\/p>\n<p><a href='http:\/\/extra.inmontanis.info\/d\/114755-2\/DSC01516.jpg'><img src=http:\/\/extra.inmontanis.info\/d\/114754-3\/DSC01516.jpg \/><\/a><br \/>\n^ Der Tag begann mit einem Parallel-Run bis Groudle, mit 20+21<\/p>\n<p>Um 9:35 h\u00e4tte dann egtl. die 27 Horsetram fahren sollen (vormittags 27,  nachmittags 29), es blieb aber die 45, die fuhr, somit die komplette Planung, die ich gestern gemacht hatte, f\u00fcr&#8217;n Arsch gewesen. Die elektrische um 10:10 war schon um 9:55 voll. Die bis Groudle und auf die n\u00e4chste umsteigen k\u00f6nnte dann also auch gef\u00e4hrlich sein.<\/p>\n<p><a href='http:\/\/extra.inmontanis.info\/d\/114759-2\/DSC01513.jpg'><img src=http:\/\/extra.inmontanis.info\/d\/114758-3\/DSC01513.jpg \/><\/a><br \/>\n^ Pferdetramwagen 27<\/p>\n<p><a href='http:\/\/extra.inmontanis.info\/d\/114763-2\/DSC01519.jpg'><img src=http:\/\/extra.inmontanis.info\/d\/114762-3\/DSC01519.jpg \/><\/a><br \/>\n^ Pferdetramwagen 27<\/p>\n<p><a href='http:\/\/extra.inmontanis.info\/d\/114767-2\/DSC01520.jpg'><img src=http:\/\/extra.inmontanis.info\/d\/114766-3\/DSC01520.jpg \/><\/a><br \/>\n^ Pferdetramwagen 27<\/p>\n<p><a href='http:\/\/extra.inmontanis.info\/d\/114771-2\/DSC01522.jpg'><img src=http:\/\/extra.inmontanis.info\/d\/114770-3\/DSC01522.jpg \/><\/a><br \/>\n^ Pferdetramwagen 29 und dahinter Doppelstock 18 wurden per Auto rausgezogen<\/p>\n<p>Um 10:05 hat man dann doch auf die blaue 27 gewechslt, aber die Warteschlange war zu gro\u00df, als das ich da noch h\u00e4tte rein k\u00f6nnen. Genauer gesagt war ich dann der enzige, der keinen Platz mehr bekommen h\u00e4tte.<\/p>\n<p>Ich nahm dann die 3. Tram nach Laxey und wartete dort auf die R\u00fcckkehr der 1. aus Ramsey, um wieder nach Douglas zu fahren. H\u00e4tte auch bis Dhoon fahren k\u00f6nnen zeitlich, aber so bin ich halt kurz in die Tankstelle einen warmen Snack kaufen. 2,55 statt \u00e4hnliches Teug 3,50 Pfund am teuren Bahnhofscafe.<\/p>\n<p>Die Tram hatte dann &#8220;logscherweise&#8221; Versp\u00e4tung, kam aber noch zeitig genug f\u00fcr die n\u00e4chste Pferdetram, es waren nun sogar beide 27+29 im Einsatz (also nicht wie laut Plan ein Wagen VM, einer NM) und ich nahm die rote 29 in der Hoffnung, de blaue 27 dann auch nachmittags  noch zu  schaffen, denn jetzt w\u00fcrde \u00fcber Mittag nur noch eine fahren..)  <\/p>\n<p><a href='http:\/\/extra.inmontanis.info\/d\/114775-2\/DSC01528.jpg'><img src=http:\/\/extra.inmontanis.info\/d\/114774-3\/DSC01528.jpg \/><\/a><br \/>\n^ Ich im Pferdetramwagen 29, entgegen kommt 27<\/p>\n<p><a href='http:\/\/extra.inmontanis.info\/d\/114779-2\/DSC01530.jpg'><img src=http:\/\/extra.inmontanis.info\/d\/114778-3\/DSC01530.jpg \/><\/a><br \/>\n^ .. bei 27+29 steht der Fahrer etwas versetzt zum Pferd<\/p>\n<p>In der geschlossenen Tram waren die neuen Gleise dann doch noch sehr laut und leider musste der eine einzge alte Mann in diesen Tagen, der noch Gesichtswindel tr\u00e4gt, gegen\u00fcber mir sitzen. An der Endstation rutschte ich nach vorne und er dann auch, grrrr&#8230;<\/p>\n<p>Trotzdem Gl\u00fcck gehabt, denn die n\u00e4chsten Fahrten \u00fcber Mittag wurden weder mit den &#8220;normaleren&#8221; Trams gemacht und 29+27 standen wieder wartend f\u00fcr den Nachmittag.<\/p>\n<p><a href='http:\/\/extra.inmontanis.info\/d\/114783-2\/DSC01533.jpg'><img src=http:\/\/extra.inmontanis.info\/d\/114782-3\/DSC01533.jpg \/><\/a><br \/>\n^ Sogar solche selbstgebastelten Gef\u00e4hrte bekommen auf der Insel anscheinend eine Stra\u00dfenzulassung, der Fahrersitz geht \u00fcber beide Stockwerke<\/p>\n<p>Ich fuhr dann mit der 21 bis Groudle, wartete dort auf die 6 bis Laxey und dann wieder retour nach Douglas, denn um 15:15 hatte ich hier die Depot-Tour gebucht, mittlerwile leider 10 \u00a3, weil ich vor 2 Jahren ja leider zu sp\u00e4t mit der Buchung war (glaub 6 oder 7 damals).<\/p>\n<p><a href='http:\/\/extra.inmontanis.info\/d\/114787-2\/DSC01537.jpg'><img src=http:\/\/extra.inmontanis.info\/d\/114786-3\/DSC01537.jpg \/><\/a><br \/>\n^ Blick aus der Tram<\/p>\n<p><a href='http:\/\/extra.inmontanis.info\/d\/114791-2\/DSC01539.jpg'><img src=http:\/\/extra.inmontanis.info\/d\/114790-3\/DSC01539.jpg \/><\/a><br \/>\n^ Sp\u00e4ter im Trailer 44<\/p>\n<p>Die Tram kam auch wieder etwas versp\u00e4tet in Laxey an, dann musste noch jemand was suchen, weil was vergessen, es stiegen sp\u00e4ter noch welche zu, wobei die Tram dann komplett voll war und ich wollte ja in Douglas am Ticket Office noch nachfragen, ob ich die Buchung morgen \u00e4ndern k\u00f6nnte&#8230; was&#8217;n Stress immer bei diesen Transportfestvals ;)<\/p>\n<p>Die Buchungs\u00e4nderung hatte sie dann per Telefon mit einer anderen Person ge\u00e4ndert und ich eilte zum Depot zur Workshop \/ Shed Tour.<\/p>\n<p><a href='http:\/\/extra.inmontanis.info\/d\/114795-2\/DSC01540.jpg'><img src=http:\/\/extra.inmontanis.info\/d\/114794-3\/DSC01540.jpg \/><\/a><br \/>\n^ Derby Castle Sheds &#8211; Tour<\/p>\n<p><a href='http:\/\/extra.inmontanis.info\/d\/114799-2\/DSC01542.jpg'><img src=http:\/\/extra.inmontanis.info\/d\/114798-3\/DSC01542.jpg \/><\/a><br \/>\n^ Gibt sogar noch Bandantrieb hier<\/p>\n<p><a href='http:\/\/extra.inmontanis.info\/d\/114803-2\/DSC01546.jpg'><img src=http:\/\/extra.inmontanis.info\/d\/114802-3\/DSC01546.jpg \/><\/a><br \/>\n^ 1894 war die Tram nebenbei das einzigste Elektriz\u00e4tsunternehmen<\/p>\n<p><a href='http:\/\/extra.inmontanis.info\/d\/114807-2\/DSC01547.jpg'><img src=http:\/\/extra.inmontanis.info\/d\/114806-3\/DSC01547.jpg \/><\/a><br \/>\n^ Einige Maschinen werden sogar noch mit den B\u00e4ndern angetrieben<\/p>\n<p><a href='http:\/\/extra.inmontanis.info\/d\/114811-2\/DSC01548.jpg'><img src=http:\/\/extra.inmontanis.info\/d\/114810-3\/DSC01548.jpg \/><\/a><br \/>\n^ <\/p>\n<p><a href='http:\/\/extra.inmontanis.info\/d\/114815-2\/DSC01550.jpg'><img src=http:\/\/extra.inmontanis.info\/d\/114814-3\/DSC01550.jpg \/><\/a><br \/>\n^ <\/p>\n<p><a href='http:\/\/extra.inmontanis.info\/d\/114819-2\/DSC01553.jpg'><img src=http:\/\/extra.inmontanis.info\/d\/114818-3\/DSC01553.jpg \/><\/a><br \/>\n^ Oben stehen noch die alten Strom-wasauchimmer<\/p>\n<p><a href='http:\/\/extra.inmontanis.info\/d\/114823-2\/DSC01555.jpg'><img src=http:\/\/extra.inmontanis.info\/d\/114822-3\/DSC01555.jpg \/><\/a><br \/>\n^ <\/p>\n<p><a href='http:\/\/extra.inmontanis.info\/d\/114827-2\/DSC01557.jpg'><img src=http:\/\/extra.inmontanis.info\/d\/114826-3\/DSC01557.jpg \/><\/a><br \/>\n^ <\/p>\n<p><a href='http:\/\/extra.inmontanis.info\/d\/114831-2\/DSC01558.jpg'><img src=http:\/\/extra.inmontanis.info\/d\/114830-3\/DSC01558.jpg \/><\/a><br \/>\n^ <\/p>\n<p><a href='http:\/\/extra.inmontanis.info\/d\/114835-2\/DSC01559.jpg'><img src=http:\/\/extra.inmontanis.info\/d\/114834-3\/DSC01559.jpg \/><\/a><br \/>\n^ <\/p>\n<p><a href='http:\/\/extra.inmontanis.info\/d\/114839-2\/DSC01562.jpg'><img src=http:\/\/extra.inmontanis.info\/d\/114838-3\/DSC01562.jpg \/><\/a><br \/>\n^ Ersatzteillager<\/p>\n<p><a href='http:\/\/extra.inmontanis.info\/d\/114843-2\/DSC01565.jpg'><img src=http:\/\/extra.inmontanis.info\/d\/114842-3\/DSC01565.jpg \/><\/a><br \/>\n^ Mini-Elektrogef\u00e4hrt zum Rangieren<\/p>\n<p><a href='http:\/\/extra.inmontanis.info\/d\/114847-2\/DSC01566.jpg'><img src=http:\/\/extra.inmontanis.info\/d\/114846-3\/DSC01566.jpg \/><\/a><br \/>\n^ MER 47, frisch lackiert und\/oder gereinigt<\/p>\n<p><a href='http:\/\/extra.inmontanis.info\/d\/114851-2\/DSC01570.jpg'><img src=http:\/\/extra.inmontanis.info\/d\/114850-3\/DSC01570.jpg \/><\/a><br \/>\n^ Die \u00e4lteste Halle hat oben ..<\/p>\n<p><a href='http:\/\/extra.inmontanis.info\/d\/114855-2\/DSC01569.jpg'><img src=http:\/\/extra.inmontanis.info\/d\/114854-3\/DSC01569.jpg \/><\/a><br \/>\n^ .. einen Wachmann, dessen Herkunft nicht ganz gekl\u00e4rt ist, aber abergl\u00e4ubisch verwendet wird.<\/p>\n<p><a href='http:\/\/extra.inmontanis.info\/d\/114859-2\/DSC01571.jpg'><img src=http:\/\/extra.inmontanis.info\/d\/114858-3\/DSC01571.jpg \/><\/a><br \/>\n^ <\/p>\n<p><a href='http:\/\/extra.inmontanis.info\/d\/114863-2\/DSC01574.jpg'><img src=http:\/\/extra.inmontanis.info\/d\/114862-3\/DSC01574.jpg \/><\/a><br \/>\n^ <\/p>\n<p><a href='http:\/\/extra.inmontanis.info\/d\/114867-2\/DSC01575.jpg'><img src=http:\/\/extra.inmontanis.info\/d\/114866-3\/DSC01575.jpg \/><\/a><br \/>\n^ Der geschlossene Trailer 58 war selten im Einsatz diesmal<\/p>\n<p><a href='http:\/\/extra.inmontanis.info\/d\/114871-2\/DSC01576.jpg'><img src=http:\/\/extra.inmontanis.info\/d\/114870-3\/DSC01576.jpg \/><\/a><br \/>\n^ Hinten dann die momentan ausgemusterten W\u00e4gen<\/p>\n<p><a href='http:\/\/extra.inmontanis.info\/d\/114875-2\/DSC01578.jpg'><img src=http:\/\/extra.inmontanis.info\/d\/114874-3\/DSC01578.jpg \/><\/a><br \/>\n^ <\/p>\n<p><a href='http:\/\/extra.inmontanis.info\/d\/114879-2\/DSC01580.jpg'><img src=http:\/\/extra.inmontanis.info\/d\/114878-3\/DSC01580.jpg \/><\/a><br \/>\n^ <\/p>\n<p><a href='http:\/\/extra.inmontanis.info\/d\/114883-2\/DSC01581.jpg'><img src=http:\/\/extra.inmontanis.info\/d\/114882-3\/DSC01581.jpg \/><\/a><br \/>\n^ <\/p>\n<p><a href='http:\/\/extra.inmontanis.info\/d\/114887-2\/DSC01582.jpg'><img src=http:\/\/extra.inmontanis.info\/d\/114886-3\/DSC01582.jpg \/><\/a><br \/>\n^ <\/p>\n<p><a href='http:\/\/extra.inmontanis.info\/d\/114891-2\/DSC01583.jpg'><img src=http:\/\/extra.inmontanis.info\/d\/114890-3\/DSC01583.jpg \/><\/a><br \/>\n^ <\/p>\n<p><a href='http:\/\/extra.inmontanis.info\/d\/114895-2\/DSC01584.jpg'><img src=http:\/\/extra.inmontanis.info\/d\/114894-3\/DSC01584.jpg \/><\/a><br \/>\n^ <\/p>\n<p><a href='http:\/\/extra.inmontanis.info\/d\/114899-2\/DSC01586.jpg'><img src=http:\/\/extra.inmontanis.info\/d\/114898-3\/DSC01586.jpg \/><\/a><br \/>\n^ <\/p>\n<p><a href='http:\/\/extra.inmontanis.info\/d\/114903-2\/DSC01587.jpg'><img src=http:\/\/extra.inmontanis.info\/d\/114902-3\/DSC01587.jpg \/><\/a><br \/>\n^ Wagen 19 h\u00e4tte in Betrieb gehen sollen, wurde aber knapp nicht fertig<\/p>\n<p><a href='http:\/\/extra.inmontanis.info\/d\/114907-2\/DSC01589.jpg'><img src=http:\/\/extra.inmontanis.info\/d\/114906-3\/DSC01589.jpg \/><\/a><br \/>\n^ Rollstuhllift-Trailer 56 hab ich heuer gar nicht in Betrieb gesehen<\/p>\n<p><a href='http:\/\/extra.inmontanis.info\/d\/114911-2\/DSC01592.jpg'><img src=http:\/\/extra.inmontanis.info\/d\/114910-3\/DSC01592.jpg \/><\/a><br \/>\n^ <\/p>\n<p>Hatte noch wegen der Materialseilbahnen in Dhoon am Steinbruch nachgefragt, es gibt wohl 1-2 Fotos, die das Ende zeigen aber mehr wurden wohl noch nicht gefunden.<\/p>\n<p>Die Shed-Tour war recht informativ, einer der Gr\u00fcnde z.B. f\u00fcr die offenen Crossbench-Motorw\u00e4gen war auch das schnellere Be- und Entladen, denn auch wenn der alte Fahrplan vielleicht mit 8 Trams m\u00f6glich war, gab es damals  Bedarf f\u00fcr viele Zwischenfahrten und es waren eher 2-3x so viel unterwgs!<\/p>\n<p>Die Tour hatte etwas l\u00e4nger gedauert als erwartet und so hab ich die blaue 27 Horsetram um 16:30 nickht mehr geschafft. Dann also um 17:00 und um 17:40 mt dem kurzen geschlossenen Trailer 59 nach Laxey zu den Abendspecials.<\/p>\n<p>Am heutigen, durchgehend sonnigen Tag hat mein Solarpanel hinter der WSS \u00fcber 6,5Ah in die Batterie gepumpt (etliche Tage sp\u00e4ter sogar mal \u00fcber 7Ah), bzw. war sie eh schon voll jetzt, weil ich doch mehr fahre und jetzt ja sowieso keine Zeit hab f\u00fcrn PC (heute bis Freitag zudem Urlaub genommen) &#8211; h\u00e4tte den K\u00fchlschrank momentan wohl anlassen k\u00f6nnen.<\/p>\n<p><a href='http:\/\/extra.inmontanis.info\/d\/114915-2\/DSC01593.jpg'><img src=http:\/\/extra.inmontanis.info\/d\/114914-3\/DSC01593.jpg \/><\/a><br \/>\n^ .. daf\u00fcr ist der sch\u00f6ne, kurze Trailer 59 heute in Betrieb<\/p>\n<p><a href='http:\/\/extra.inmontanis.info\/d\/114919-2\/DSC01596.jpg'><img src=http:\/\/extra.inmontanis.info\/d\/114918-3\/DSC01596.jpg \/><\/a><br \/>\n^ Bei den Pferdetram-Weichen werden kleine Steinchen zum Stellen der Position verwendet<\/p>\n<p><a href='http:\/\/extra.inmontanis.info\/d\/114923-2\/DSC01597.jpg'><img src=http:\/\/extra.inmontanis.info\/d\/114922-3\/DSC01597.jpg \/><\/a><br \/>\n^ Bei den Pferdetram-Weichen werden kleine Steinchen zum Stellen der Position verwendet<\/p>\n<p><a href='http:\/\/extra.inmontanis.info\/d\/114927-2\/DSC01604.jpg'><img src=http:\/\/extra.inmontanis.info\/d\/114926-3\/DSC01604.jpg \/><\/a><br \/>\n^ Dachlose Pferdetram 42 war heut schond rau\u00dfen, war f\u00fcr morgen im Plan<\/p>\n<p><a href='http:\/\/extra.inmontanis.info\/d\/114931-2\/DSC01606.jpg'><img src=http:\/\/extra.inmontanis.info\/d\/114930-3\/DSC01606.jpg \/><\/a><br \/>\n^ Laxey Goods Shed wurde restauriert und ist heute Abend offen; Schade nur, dass man die Gleise vor ein paar Jahren mal abgetrennt hatte<\/p>\n<p><a href='http:\/\/extra.inmontanis.info\/d\/114935-2\/DSC01607.jpg'><img src=http:\/\/extra.inmontanis.info\/d\/114934-3\/DSC01607.jpg \/><\/a><br \/>\n^ .. zudem ist der Bereich recht klein, es war ein Souvenirverkauf drin<\/p>\n<p><a href='http:\/\/extra.inmontanis.info\/d\/114939-2\/DSC01608.jpg'><img src=http:\/\/extra.inmontanis.info\/d\/114938-3\/DSC01608.jpg \/><\/a><br \/>\n^ .. und die hintere H\u00e4lfte abgetrennt<\/p>\n<p><a href='http:\/\/extra.inmontanis.info\/d\/114943-2\/DSC01609.jpg'><img src=http:\/\/extra.inmontanis.info\/d\/114942-3\/DSC01609.jpg \/><\/a><br \/>\n^ <\/p>\n<p><a href='http:\/\/extra.inmontanis.info\/d\/114947-2\/DSC01610.jpg'><img src=http:\/\/extra.inmontanis.info\/d\/114946-3\/DSC01610.jpg \/><\/a><br \/>\n^ Dahinter<\/p>\n<p><a href='http:\/\/extra.inmontanis.info\/d\/114951-2\/DSC01612.jpg'><img src=http:\/\/extra.inmontanis.info\/d\/114950-3\/DSC01612.jpg \/><\/a><br \/>\n^ Dahinter<\/p>\n<p><a href='http:\/\/extra.inmontanis.info\/d\/114955-2\/DSC01611.jpg'><img src=http:\/\/extra.inmontanis.info\/d\/114954-3\/DSC01611.jpg \/><\/a><br \/>\n^ <\/p>\n<p>F\u00fcr das 18:30 Uhr Special standen in Laxey viele an und auch einige Hunde, das ist bei sochen Trams mit schmalem Mittelgang und nur seitlichen Sitzb\u00e4nken ja komplett bl\u00f6d &#8230; naja, ich kam eh nicht mehr rein bzw. h\u00e4tte es noch 6 Stehpl\u00e4tze gegeben. Mein Plan w\u00e4re eigentlich gewesen, die erste Specialtour zu machen und dann mit 7+19 zur\u00fcck nach Douglas, essen, mit 7+19 wieder Laxey und dann mit 7 oder 2 oder 19 zur\u00fcck; wenn ich aber jetzt 1h auf das n\u00e4chste Special warte (und dazwischen was esse), m\u00fcsste ich, um mit Trailer 19 fahren zu k\u00f6nnen, nochmals 1,5h warten bis die zum Schluss dann f\u00e4hrt.<\/p>\n<p><a href='http:\/\/extra.inmontanis.info\/d\/114959-2\/DSC01615.jpg'><img src=http:\/\/extra.inmontanis.info\/d\/114958-3\/DSC01615.jpg \/><\/a><br \/>\n^ 1 und 2 machten abends Parallel-Runs von Laxey nach Dhoon; der rechte Schaffner machte hier etwas Akrobatik wegen des Trolleys am Crossover auf der falschen Seite<\/p>\n<p>Da der Chinesen-Takeaway ja leider nicht mehr ist, also  zu dem anderen Restaurant mit Takeaway und unbekannten \u00d6ffnungszeiten (stehen nicht angeschrieben) und H\u00fchnchenst\u00fccke um 5 + Chips 3,50 gekauft.<\/p>\n<p><a href='http:\/\/extra.inmontanis.info\/d\/114963-2\/DSC01617.jpg'><img src=http:\/\/extra.inmontanis.info\/d\/114962-3\/DSC01617.jpg \/><\/a><br \/>\n^ Kaufte ich mir halt Nuggets mit Pommes, da ich bei der ersten Fahrt nicht mitkam<\/p>\n<p>Ich fing zu essen an, kamen schon 3 M\u00f6wen und bettelten, eine kam immer n\u00e4her und bevor die mich noch angreift oder vollkackt, ging ich anderswohin, unter Dach. War aber nach ca. 2\/3 satt und h\u00e4tte den M\u00f6wen was abgeben k\u00f6nnen&#8230; dann halt einpacken und sp\u00e4ter kalt.<\/p>\n<p><a href='http:\/\/extra.inmontanis.info\/d\/114967-2\/DSC01619.jpg'><img src=http:\/\/extra.inmontanis.info\/d\/114966-3\/DSC01619.jpg \/><\/a><br \/>\n^ <\/p>\n<p>Vor dem n\u00e4chsten Special kamen 7+19 und damit auch nochmals sehr viele Leute, d.h. alle werden wohl beim 1+2er Special nicht mitfahren k\u00f6nnen oder wieder nur Stehpl\u00e4tze. <\/p>\n<p>Die h\u00e4tten das Special heute mit Trailer machen sollen. <\/p>\n<p><a href='http:\/\/extra.inmontanis.info\/d\/114971-2\/DSC01620.jpg'><img src=http:\/\/extra.inmontanis.info\/d\/114970-3\/DSC01620.jpg \/><\/a><br \/>\n^ Wagen 2 vs. Meer<\/p>\n<p><a href='http:\/\/extra.inmontanis.info\/d\/114975-2\/DSC01623.jpg'><img src=http:\/\/extra.inmontanis.info\/d\/114974-3\/DSC01623.jpg \/><\/a><br \/>\n^ Wagen 1 vs. Meer<\/p>\n<p><a href='http:\/\/extra.inmontanis.info\/d\/114979-2\/DSC01626.jpg'><img src=http:\/\/extra.inmontanis.info\/d\/114978-3\/DSC01626.jpg \/><\/a><br \/>\n^ Wagen 2+1 vs. Meer<\/p>\n<p><a href='http:\/\/extra.inmontanis.info\/d\/114983-3\/DSC01628.jpg'><img src=http:\/\/extra.inmontanis.info\/d\/114982-4\/DSC01628.jpg \/><\/a><br \/>\n^ Wagen 2+1 vs. Meer<\/p>\n<p><a href='http:\/\/extra.inmontanis.info\/d\/114987-3\/DSC01630.jpg'><img src=http:\/\/extra.inmontanis.info\/d\/114986-4\/DSC01630.jpg \/><\/a><br \/>\n^ Noch ein Fotostopp, da bin ich nicht raus<\/p>\n<p>Dadurch kamen wir etwas sp\u00e4ter in Laxey an und ich musste weniger lang warten, allerdings hatte sich der heute so starke Wind nun gelegt und es ist nun wieder mal alles voller nerviger kleiner Mini-M\u00fccken.<\/p>\n<p><a href='http:\/\/extra.inmontanis.info\/d\/114991-3\/DSC01634.jpg'><img src=http:\/\/extra.inmontanis.info\/d\/114990-4\/DSC01634.jpg \/><\/a><br \/>\n^ 21+59, dahinter 1 und 2<\/p>\n<p><a href='http:\/\/extra.inmontanis.info\/d\/114995-3\/DSC01635.jpg'><img src=http:\/\/extra.inmontanis.info\/d\/114994-4\/DSC01635.jpg \/><\/a><br \/>\n^ Die heuer neue Plakette 125 Jahre Winter Saloons 1899-2024<\/p>\n<p><a href='http:\/\/extra.inmontanis.info\/d\/114999-3\/DSC01636.jpg'><img src=http:\/\/extra.inmontanis.info\/d\/114998-4\/DSC01636.jpg \/><\/a><br \/>\n^ MER 1+2 in Laxey, die beiden \u00e4ltesten durchgehend auf deren Originalstrecke laufenden Stra\u00dfenbahnwagen der Welt (oder so \u00e4hnlich)<\/p>\n<p><a href='http:\/\/extra.inmontanis.info\/d\/115003-3\/DSC01639.jpg'><img src=http:\/\/extra.inmontanis.info\/d\/115002-4\/DSC01639.jpg \/><\/a><br \/>\n^ Der rote Van wurde heute auch gezogen<\/p>\n<p><a href='http:\/\/extra.inmontanis.info\/d\/115007-3\/DSC01640.jpg'><img src=http:\/\/extra.inmontanis.info\/d\/115006-4\/DSC01640.jpg \/><\/a><br \/>\n^ Bahnhofsgeb\u00e4ude war fr\u00fcher gr\u00f6\u00dfer und hatte auch ein Restaurant<\/p>\n<p><a href='http:\/\/extra.inmontanis.info\/d\/115011-3\/DSC01644.jpg'><img src=http:\/\/extra.inmontanis.info\/d\/115010-4\/DSC01644.jpg \/><\/a><br \/>\n^ MER 2+19 in Laxey um 21:33 Uhr<\/p>\n<p><a href='http:\/\/extra.inmontanis.info\/d\/115015-3\/DSC01645.jpg'><img src=http:\/\/extra.inmontanis.info\/d\/115014-4\/DSC01645.jpg \/><\/a><br \/>\n^ Bei der Restaurierung der 19 entschied man sich letztens, dem Trailer die originale Nummer 19 zu geben; diese niedrigen Nummern der ersten Trailer wurde sp\u00e4ter ja h\u00f6her gesetzt, als mehr Motorw\u00e4gen angeschafft wurden<\/p>\n<p><a href='http:\/\/extra.inmontanis.info\/d\/115019-3\/DSC01647.jpg'><img src=http:\/\/extra.inmontanis.info\/d\/115018-4\/DSC01647.jpg \/><\/a><br \/>\n^ MER 2+19 in Laxey<\/p>\n<p>Um 21:40 fiel eine riesige Herde an V\u00f6geln oder Flederm\u00e4usen \u00fcber die B\u00e4ume am Bahnhof her, soll wohl regelm\u00e4\u00dfig so sein bei D\u00e4mmmerung. Um 21:55 fuhr ich also im offenen Trailer 19, war zum Gl\u00fcck heut nicht sooo kalt.<\/p>\n<p>In Summe war der Tag also nicht ganz wie geplant, aber hatte noch alles geschafft.<\/p>\n","protected":false},"excerpt":{"rendered":"<p>Mi, 31.7.2024<\/p>\n<p>Laut Gmaps h\u00e4tte der neue Tesco erst ab 8 Uhr offen, aber vor Ort stand dann doch ab 7, somit h\u00e4tte ich etwas fr\u00fcher dran sein k\u00f6nnen um mehr Zeit zu haben. Sch\u00f6ner, neuer Tesco, besser als der alte nahe Hafen\/ Dampfzug.<\/p>\n<p>Das Ticket-Office, das zuletzt wohl um 9 Uhr \u00f6ffnete, \u00f6ffnete dann <a href=\"http:\/\/blog.inmontanis.info\/?p=10131\">[&#8230;]<\/a><\/p>\n","protected":false},"author":1,"featured_media":10133,"comment_status":"closed","ping_status":"closed","sticky":false,"template":"","format":"standard","meta":{"footnotes":""},"categories":[912,21,191,59],"tags":[37,40],"class_list":["post-10131","post","type-post","status-publish","format-standard","has-post-thumbnail","hentry","category-2023-09-2024-xx-skandinavien","category-britain","category-isle-of-man","category-nostalgie","tag-meer","tag-strasenbahn","odd"],"_links":{"self":[{"href":"http:\/\/blog.inmontanis.info\/index.php?rest_route=\/wp\/v2\/posts\/10131","targetHints":{"allow":["GET"]}}],"collection":[{"href":"http:\/\/blog.inmontanis.info\/index.php?rest_route=\/wp\/v2\/posts"}],"about":[{"href":"http:\/\/blog.inmontanis.info\/index.php?rest_route=\/wp\/v2\/types\/post"}],"author":[{"embeddable":true,"href":"http:\/\/blog.inmontanis.info\/index.php?rest_route=\/wp\/v2\/users\/1"}],"replies":[{"embeddable":true,"href":"http:\/\/blog.inmontanis.info\/index.php?rest_route=%2Fwp%2Fv2%2Fcomments&post=10131"}],"version-history":[{"count":2,"href":"http:\/\/blog.inmontanis.info\/index.php?rest_route=\/wp\/v2\/posts\/10131\/revisions"}],"predecessor-version":[{"id":10134,"href":"http:\/\/blog.inmontanis.info\/index.php?rest_route=\/wp\/v2\/posts\/10131\/revisions\/10134"}],"wp:featuredmedia":[{"embeddable":true,"href":"http:\/\/blog.inmontanis.info\/index.php?rest_route=\/wp\/v2\/media\/10133"}],"wp:attachment":[{"href":"http:\/\/blog.inmontanis.info\/index.php?rest_route=%2Fwp%2Fv2%2Fmedia&parent=10131"}],"wp:term":[{"taxonomy":"category","embeddable":true,"href":"http:\/\/blog.inmontanis.info\/index.php?rest_route=%2Fwp%2Fv2%2Fcategories&post=10131"},{"taxonomy":"post_tag","embeddable":true,"href":"http:\/\/blog.inmontanis.info\/index.php?rest_route=%2Fwp%2Fv2%2Ftags&post=10131"}],"curies":[{"name":"wp","href":"https:\/\/api.w.org\/{rel}","templated":true}]}}