{"id":10075,"date":"2024-07-17T19:40:02","date_gmt":"2024-07-17T17:40:02","guid":{"rendered":"http:\/\/blog.inmontanis.info\/?p=10075"},"modified":"2024-07-25T20:07:23","modified_gmt":"2024-07-25T18:07:23","slug":"glencoe-ski-16-17-7-2024","status":"publish","type":"post","link":"http:\/\/blog.inmontanis.info\/?p=10075","title":{"rendered":"Glencoe Ski, 16.-17.7.2024"},"content":{"rendered":"<p><strong>Di, 16.7.2024<\/strong><\/p>\n<p>Ich blieb noch bis 10 Uhr oben am Pass of the Cattle bei Applecross, wo es aber die ganze Zeit neblig blieb. Auf Vodafone fast voller Empfang, auf EE wenig, daher gestern Abend auf Vodafone manuell umgestellt. Blieb auch heute Morgen nach dem Deaktivieren des Flugmodus, aber kurz nach 10 Uhr schaltete das Handy auf EE mit GPRS, statt 4G&#8230;.  und trotz der ja manuellen Netzwahl auf Vodafone zuvor. Das Problem mit der anti-manuellen Netzwerk\u00e4nderug ist also nach wie vor und nicht auf 3 (wie vor einigen Wochen) beschr\u00e4nkt.<\/p>\n<p><a href='http:\/\/extra.inmontanis.info\/d\/112537-3\/DSC09970.jpg'><img src=http:\/\/extra.inmontanis.info\/d\/112536-4\/DSC09970.jpg \/><\/a><br \/>\n^ Pass of the Cattle, S\u00fcdrampe<\/p>\n<p><a href='http:\/\/extra.inmontanis.info\/d\/112541-3\/DSC09974.jpg'><img src=http:\/\/extra.inmontanis.info\/d\/112540-4\/DSC09974.jpg \/><\/a><br \/>\n^ Pass of the Cattle, S\u00fcdrampe<\/p>\n<p><a href='http:\/\/extra.inmontanis.info\/d\/112545-3\/DSC09975.jpg'><img src=http:\/\/extra.inmontanis.info\/d\/112544-4\/DSC09975.jpg \/><\/a><br \/>\n^ Pass of the Cattle, S\u00fcdrampe<\/p>\n<p><a href='http:\/\/extra.inmontanis.info\/d\/112549-3\/DSC09976.jpg'><img src=http:\/\/extra.inmontanis.info\/d\/112548-4\/DSC09976.jpg \/><\/a><br \/>\n^ Pass of the Cattle, S\u00fcdrampe, hin und wieder muss man auch auf bergw\u00e4rtsfahrende Radler warten<\/p>\n<p><a href='http:\/\/extra.inmontanis.info\/d\/112553-3\/DSC09982.jpg'><img src=http:\/\/extra.inmontanis.info\/d\/112552-4\/DSC09982.jpg \/><\/a><br \/>\n^ Seltener Stra\u00dfentunnel und dann noch mit Eisenbahn nebendran<\/p>\n<p>Ungew\u00f6hnlichrweise trifft man hier in dieser Ecke Schottlands jeden Tag auf \u00d6stereicher&#8230; mal ein Grazer am Parkplatz und jetzt schon 2x beim Parken an einem Spar angesprchen, heute aber wohl im Mietwagen unterwegs.<\/p>\n<p>Nach dem Einkaufen war noch zu kl\u00e4ren, wie ich nun weiter vorgehen sollte. Will ich die ca. 200km Umweg \u00fcber die sch\u00f6ne, aber touristisch \u00fcberlaufene Isle of Skye nehmen oder fahr ich lieber wieder in den S\u00fcden bzw. Osten und besuch noch ein paar Castles oder gar nochmals Beamish, bevor in einer Woche die F\u00e4hre auf die Isle of Man geht? Eigenltich bin ich alles auf Skye abgefahren und auch wenn ich vielleicht die eine Wanderung mal gern machen w\u00fcrde und es momentan auch nicht zu warm w\u00e4re, wird sie sicherlich touristisch \u00fcberlaufen sein. <\/p>\n<p>Ich entschied mich gegen Skye und fuhr in RIchtung Glencoe, auf dass ich dort morgen mal mit der DSB fahren w\u00fcrde, sofern mir nicht zu viel Midges umherschwirren wie damals.<\/p>\n<p>Der auf ca. halber Strecke rausgesuchte, m\u00f6gliche Nachtplatz war dagegen wieder untauglich, falsche Seite, falsche Neigung, schon voll mit Campern um 14:00 und seit einer halben Stunde wird&#8217;s leider auch noch sonnig.<\/p>\n<p>Es gab dann 2 schattige M\u00f6glichkeiten, entweder direkt neben der Strasse (dort vom Platz her vmtl. allein) bzw. etwas erh\u00f6ht oder an einem Kanal (dort dann sicher voller, daf\u00fcr weniger Stra\u00dfenl\u00e4rm).  War zumindest nachmittags noch  etwas windiger als gestern, Temperaturen heute angenehme ca. 14-17\u00b0. <\/p>\n<p>Der Nachteil hier heute, dass, wenn ich es richtig verstanden hab, eine andere Stra\u00dfe momentan nachts geschlossen ist und diese hier als Umleitung ausgeschildert ist, d.h. mehr Verkehr, blieb aber hier neben der Stra\u00dfe am Fluss oder See.<\/p>\n<p>Bin nachmittags mal durchgegangan, was es f\u00fcr Castles usw. noch g\u00e4be auf dem Weg in den n\u00e4chsten Tagen, die ich entweder gratis (in England) oder rabattiert hier in Schottland besuchen k\u00f6nnte und die mich interessieren w\u00fcrden. Nicht viel. Etliche musste ich streichen, weil sie halb oder ganz geschlossne sind.<\/p>\n<p><a href='http:\/\/extra.inmontanis.info\/d\/112557-3\/DSC09996.jpg'><img src=http:\/\/extra.inmontanis.info\/d\/112556-4\/DSC09996.jpg \/><\/a><br \/>\n^ Schinken-K\u00e4se-Toast und mal bissl von dem Pizzapulver verwenden. H\u00e4tte erwartet, dass ich das auf der Reise schneller wegbekomm &#8230;<\/p>\n<p>Ich meinte, als ich das letzte Mal nach einem schottlandweiten Saisonskipass geschaut hatte, gab es einen f\u00fcr alle Skigebiete, aber nur in limitierter St\u00fcckzahl im Herbst. Aktuell seh ich zwar nichts von einer Limitierung, aber er ist nur im Herbst (vom 1.10.-30.11.) erh\u00e4ltlich, kostete letzte Saison 480,- GBP und ist nur  in 4 von den 5 Winterskigebieten g\u00fcltig (nicht in Cairngorm, das mit der SSB).<\/p>\n<p>Vielleicht sollte ich wirklich n\u00e4chsten Winter nochmals nach Schweden fahren, n\u00e4chsten Sommer will ich ja eh daheim bleiben, aber mir dann n\u00e4chsten Herbst die Saisonkarte f\u00fcr Schottland kaufen und dann also im Winter 2025\/26 endlich mal in Schottland zumindest einen Teil des Winters Ski fahren, bevor hier noch das eine oder andere Skigebiet komplett den Laden dicht macht. Und bevor der 1960er ESL in Glencoe ersetzt wird&#8230;<\/p>\n<p><strong>Mi, 17.7.2024<\/strong><\/p>\n<p>Heute kam ich endlich mal wieder an einem gr\u00f6\u00dferen Supermarkt vorbei, h\u00e4tte auch ein Cafe gegeben, hab aber nix gekauft, weil ich momemntan ja egtl. noch kochen will, jedenfalls hab ich mir die Karte mal angesehen und da m\u00fcssen ja mittlerweile immer die kcal angegeben sein. Das &#8220;full scotish breakfast&#8221; kommt auf \u00fcber 1.800 kcal! Krass. Da darf man den restlichen Tag nicht mehr viel essen&#8230;<\/p>\n<p>Weiter richtung Glencoe wurde es leder immer regnerischer, die Berge in Wolken, Nieselregen auf der Stra\u00dfe. Soviel zu den gestern f\u00fcr heute Nachmittag gemeldeten Auflockerungen. Morgen soll es aber noch regnerischer werden.<\/p>\n<p><a href='http:\/\/extra.inmontanis.info\/d\/112561-3\/DSC00003.jpg'><img src=http:\/\/extra.inmontanis.info\/d\/112560-4\/DSC00003.jpg \/><\/a><br \/>\n^ Bergigere Region Schottland um Ben Nevis, dem h\u00f6chsten Berg hier, wobei ich s\u00fcdlich nach Glencoe weitergefahren bin<\/p>\n<p><a href='http:\/\/extra.inmontanis.info\/d\/112565-3\/DSC00009.jpg'><img src=http:\/\/extra.inmontanis.info\/d\/112564-4\/DSC00009.jpg \/><\/a><br \/>\n^ <\/p>\n<p><a href='http:\/\/extra.inmontanis.info\/d\/112569-3\/DSC00017.jpg'><img src=http:\/\/extra.inmontanis.info\/d\/112568-4\/DSC00017.jpg \/><\/a><br \/>\n^ <\/p>\n<p>Um 13:30 war ich dann am Parkplatz der DSB, ich hatte das komplettenst anders in Erinnerung hier gehabt. <\/p>\n<p>Es gab zwar gerade eine Niederschlagspause und die Wolken sahen heller aus, aber die Gipfel halt voller Wolken. Soll ich da wirklich f\u00fcr die kurze DSB mit ggf. nassen Sitzen 17\u00a3 \/ 20 \u20ac f\u00fcr H&#038;R zahlen? Wenn ich vielleicht eh endlichst einmal \u00fcbern\u00e4chsten Winter hier Skifahren sollen w\u00fcrde? Einziges Argument w\u00e4re, den ESL zu fotografieren, bevor es ihn ggf. dann nicht mehr geben w\u00fcrde.<\/p>\n<p>Um 14:00 war es immer noch trocken und die Wolken l\u00f6sten sich so langsam auf am Berghang gegen\u00fcber, also ging ich los bzw. fuhr rauf und es blieb auch trocken. Am Parkplatz wieder \u00d6sterreicher geh\u00f6rt, die aber wohl auch mit einem Mietwagen unterwegs waren.<\/p>\n<p>Oben nachgefragt, er w\u00fcsste von keinen Pl\u00e4nen zum Ersatz des ESL und diesen Winter w\u00fcrde er mal auf jeden Fall fahren. Um 16:00 war ich wieder unten.<\/p>\n<p><a href='http:\/\/ski.inmontanis.info\/d\/332339-2\/DSC00026.jpg'><img src=http:\/\/ski.inmontanis.info\/d\/332338-3\/DSC00026.jpg \/><\/a><br \/>\n^ Skigebiet Glencoe von der Zufahrt aus, also sichtbar die Strecke der DSB<\/p>\n<p><a href='http:\/\/ski.inmontanis.info\/d\/332343-2\/DSC00029.jpg'><img src=http:\/\/ski.inmontanis.info\/d\/332342-3\/DSC00029.jpg \/><\/a><br \/>\n^ DSB<\/p>\n<p><a href='http:\/\/ski.inmontanis.info\/d\/332347-2\/DSC00030.jpg'><img src=http:\/\/ski.inmontanis.info\/d\/332346-3\/DSC00030.jpg \/><\/a><br \/>\n^ Pistenplan, 1 ist die DSB und den gestrichelten Talvarianten nach wird wohl selten genug Schnee liegen, dass man da mal bis runter fahren wird k\u00f6nnen<\/p>\n<p><a href='http:\/\/ski.inmontanis.info\/d\/332351-2\/DSC00124.jpg'><img src=http:\/\/ski.inmontanis.info\/d\/332350-3\/DSC00124.jpg \/><\/a><br \/>\n^ Pistenplan oberer Teil, 9 ist die 3SB, 2 der KSSL, 7 nur ein Seillift, 3 ist der ESL mit SL 4 daneben (Sektion 3) und 5+6 sind die SL Sektion 4)<\/p>\n<p><a href='http:\/\/ski.inmontanis.info\/d\/332355-2\/DSC00032.jpg'><img src=http:\/\/ski.inmontanis.info\/d\/332354-3\/DSC00032.jpg \/><\/a><br \/>\n^ An der Talstation gibts eine Sommer-Tubing-Bahn, allerdings ohne F\u00f6rderband<\/p>\n<p><a href='http:\/\/ski.inmontanis.info\/d\/332359-2\/DSC00034.jpg'><img src=http:\/\/ski.inmontanis.info\/d\/332358-3\/DSC00034.jpg \/><\/a><br \/>\n^ Irgendwelche Matten<\/p>\n<p><a href='http:\/\/ski.inmontanis.info\/d\/332363-2\/DSC00036.jpg'><img src=http:\/\/ski.inmontanis.info\/d\/332362-3\/DSC00036.jpg \/><\/a><br \/>\n^ Oberhalb der Tubingmatten gibts noch diesen schmalen Weg mit Matten &#8211; keine Ahnung, wof\u00fcr genau.<\/p>\n<p><a href='http:\/\/ski.inmontanis.info\/d\/332367-2\/DSC00037.jpg'><img src=http:\/\/ski.inmontanis.info\/d\/332366-3\/DSC00037.jpg \/><\/a><br \/>\n^ DSB-Strecke, das linke Haus &#8230;<\/p>\n<p><a href='http:\/\/ski.inmontanis.info\/d\/332371-2\/DSC00038.jpg'><img src=http:\/\/ski.inmontanis.info\/d\/332370-3\/DSC00038.jpg \/><\/a><br \/>\n^ &#8230; k\u00f6nnte die Talstation des Vorg\u00e4ngerlifts gewesen sein<\/p>\n<p><a href='http:\/\/ski.inmontanis.info\/d\/332375-2\/DSC00043.jpg'><img src=http:\/\/ski.inmontanis.info\/d\/332374-3\/DSC00043.jpg \/><\/a><br \/>\n^ Wasserfall neben der DSB<\/p>\n<p><a href='http:\/\/ski.inmontanis.info\/d\/332379-2\/DSC00047.jpg'><img src=http:\/\/ski.inmontanis.info\/d\/332378-3\/DSC00047.jpg \/><\/a><br \/>\n^ Wasserfall neben der DSB<\/p>\n<p><a href='http:\/\/ski.inmontanis.info\/d\/332383-2\/DSC00052.jpg'><img src=http:\/\/ski.inmontanis.info\/d\/332382-3\/DSC00052.jpg \/><\/a><br \/>\n^ DSB kurz vor Bergstation<\/p>\n<p><a href='http:\/\/ski.inmontanis.info\/d\/332387-2\/DSC00054.jpg'><img src=http:\/\/ski.inmontanis.info\/d\/332386-3\/DSC00054.jpg \/><\/a><br \/>\n^ Evtl. ehemaliges Fundaemant des DSB-Vorg\u00e4ngers, ein St\u00fcck dar\u00fcber gibts noch viele weitere Fundamente<\/p>\n<p><a href='http:\/\/ski.inmontanis.info\/d\/332391-2\/DSC00059.jpg'><img src=http:\/\/ski.inmontanis.info\/d\/332390-3\/DSC00059.jpg \/><\/a><br \/>\n^ Links der DSB wurde vor ein paar Jahren eine 3SB auf der Sektion 2 gebaut<\/p>\n<p><a href='http:\/\/ski.inmontanis.info\/d\/332395-2\/DSC00061.jpg'><img src=http:\/\/ski.inmontanis.info\/d\/332394-3\/DSC00061.jpg \/><\/a><br \/>\n^ KSSL Sektion 2 als Alternative zur 3SB<\/p>\n<p><a href='http:\/\/ski.inmontanis.info\/d\/332399-2\/DSC00062.jpg'><img src=http:\/\/ski.inmontanis.info\/d\/332398-3\/DSC00062.jpg \/><\/a><br \/>\n^ .. selbst f\u00fcr den Einstieg hat man wohl nicht immer genug Schnee<\/p>\n<p><a href='http:\/\/ski.inmontanis.info\/d\/332403-2\/DSC00063.jpg'><img src=http:\/\/ski.inmontanis.info\/d\/332402-3\/DSC00063.jpg \/><\/a><br \/>\n^ KSSL Sektion 2<\/p>\n<p><a href='http:\/\/ski.inmontanis.info\/d\/332407-2\/DSC00069.jpg'><img src=http:\/\/ski.inmontanis.info\/d\/332406-3\/DSC00069.jpg \/><\/a><br \/>\n^ SL 8<\/p>\n<p><a href='http:\/\/ski.inmontanis.info\/d\/332411-2\/DSC00075.jpg'><img src=http:\/\/ski.inmontanis.info\/d\/332410-3\/DSC00075.jpg \/><\/a><br \/>\n^ Talstation ESL<\/p>\n<p><a href='http:\/\/ski.inmontanis.info\/d\/332415-2\/DSC00077.jpg'><img src=http:\/\/ski.inmontanis.info\/d\/332414-3\/DSC00077.jpg \/><\/a><br \/>\n^ ESL-Sessel und St\u00fctze 1+2<\/p>\n<p><a href='http:\/\/ski.inmontanis.info\/d\/332419-2\/DSC00078.jpg'><img src=http:\/\/ski.inmontanis.info\/d\/332418-3\/DSC00078.jpg \/><\/a><br \/>\n^ Talstation ESL<\/p>\n<p><a href='http:\/\/ski.inmontanis.info\/d\/332423-2\/DSC00079.jpg'><img src=http:\/\/ski.inmontanis.info\/d\/332422-3\/DSC00079.jpg \/><\/a><br \/>\n^ Strecke ESL, der Einstieg ist erst an St\u00fctze 2<\/p>\n<p><a href='http:\/\/ski.inmontanis.info\/d\/332427-2\/DSC00080.jpg'><img src=http:\/\/ski.inmontanis.info\/d\/332426-3\/DSC00080.jpg \/><\/a><br \/>\n^ Der ESL hat keine Fu\u00dfraster<\/p>\n<p><a href='http:\/\/ski.inmontanis.info\/d\/332431-2\/DSC00085.jpg'><img src=http:\/\/ski.inmontanis.info\/d\/332430-3\/DSC00085.jpg \/><\/a><br \/>\n^ ESL-Antrieb<\/p>\n<p><a href='http:\/\/ski.inmontanis.info\/d\/332435-2\/DSC00087.jpg'><img src=http:\/\/ski.inmontanis.info\/d\/332434-3\/DSC00087.jpg \/><\/a><br \/>\n^ Einstieg ESL<\/p>\n<p><a href='http:\/\/ski.inmontanis.info\/d\/332439-2\/DSC00088.jpg'><img src=http:\/\/ski.inmontanis.info\/d\/332438-3\/DSC00088.jpg \/><\/a><br \/>\n^ ESL St\u00fctze 2<\/p>\n<p><a href='http:\/\/ski.inmontanis.info\/d\/332443-2\/DSC00090.jpg'><img src=http:\/\/ski.inmontanis.info\/d\/332442-3\/DSC00090.jpg \/><\/a><br \/>\n^ ESL St\u00fctze 3<\/p>\n<p><a href='http:\/\/ski.inmontanis.info\/d\/332447-2\/DSC00091.jpg'><img src=http:\/\/ski.inmontanis.info\/d\/332446-3\/DSC00091.jpg \/><\/a><br \/>\n^ ESL Talstation und SL nebendran<\/p>\n<p><a href='http:\/\/ski.inmontanis.info\/d\/332451-2\/DSC00089.jpg'><img src=http:\/\/ski.inmontanis.info\/d\/332450-3\/DSC00089.jpg \/><\/a><br \/>\n^ .. und ein weiteres ehemaliges Liftw\u00e4rterh\u00e4uschen?!<\/p>\n<p><a href='http:\/\/ski.inmontanis.info\/d\/332455-2\/DSC00092.jpg'><img src=http:\/\/ski.inmontanis.info\/d\/332454-3\/DSC00092.jpg \/><\/a><br \/>\n^ .. dem Fenster nach war das mal ein Liftw\u00e4rterh\u00e4uschen<\/p>\n<p><a href='http:\/\/ski.inmontanis.info\/d\/332459-2\/DSC00094.jpg'><img src=http:\/\/ski.inmontanis.info\/d\/332458-3\/DSC00094.jpg \/><\/a><br \/>\n^ Zoom SL Sektion 4<\/p>\n<p><a href='http:\/\/ski.inmontanis.info\/d\/332463-2\/DSC00100.jpg'><img src=http:\/\/ski.inmontanis.info\/d\/332462-3\/DSC00100.jpg \/><\/a><br \/>\n^ SL Sektion 3 neben dem ESL, gewagte Trasse<\/p>\n<p><a href='http:\/\/ski.inmontanis.info\/d\/332467-2\/DSC00103.jpg'><img src=http:\/\/ski.inmontanis.info\/d\/332466-3\/DSC00103.jpg \/><\/a><br \/>\n^ Talstation SL Sektion 3 neben dem ESL<\/p>\n<p><a href='http:\/\/ski.inmontanis.info\/d\/332471-2\/DSC00104.jpg'><img src=http:\/\/ski.inmontanis.info\/d\/332470-3\/DSC00104.jpg \/><\/a><br \/>\n^ SL Sektion 3<\/p>\n<p><a href='http:\/\/ski.inmontanis.info\/d\/332475-2\/DSC00117.jpg'><img src=http:\/\/ski.inmontanis.info\/d\/332474-3\/DSC00117.jpg \/><\/a><br \/>\n^ Weitere 3er Sessel und dahinter Snowfactory-Beschneiung. Normale Beschneiung ist in Schottland wohl auch eher schwierig<\/p>\n<p><a href='http:\/\/ski.inmontanis.info\/d\/332479-2\/DSC00120.jpg'><img src=http:\/\/ski.inmontanis.info\/d\/332478-3\/DSC00120.jpg \/><\/a><br \/>\n^ ESL und SL Sektion 3<\/p>\n<p><a href='http:\/\/ski.inmontanis.info\/d\/332483-2\/DSC00122.jpg'><img src=http:\/\/ski.inmontanis.info\/d\/332482-3\/DSC00122.jpg \/><\/a><br \/>\n^ Caf\u00e9<\/p>\n<p><a href='http:\/\/ski.inmontanis.info\/d\/332487-2\/DSC00123.jpg'><img src=http:\/\/ski.inmontanis.info\/d\/332486-3\/DSC00123.jpg \/><\/a><br \/>\n^ Preise letzte Saison<\/p>\n<p><a href='http:\/\/ski.inmontanis.info\/d\/332491-2\/DSC00125.jpg'><img src=http:\/\/ski.inmontanis.info\/d\/332490-3\/DSC00125.jpg \/><\/a><br \/>\n^ Talblick mit Sektion 2<\/p>\n<p><a href='http:\/\/ski.inmontanis.info\/d\/332495-2\/DSC00130.jpg'><img src=http:\/\/ski.inmontanis.info\/d\/332494-3\/DSC00130.jpg \/><\/a><br \/>\n^ Weitere St\u00fctzenteile, wohl nicht ben\u00f6tigte Teile der gebrauchten 3SB<\/p>\n<p><a href='http:\/\/ski.inmontanis.info\/d\/332499-2\/DSC00131.jpg'><img src=http:\/\/ski.inmontanis.info\/d\/332498-3\/DSC00131.jpg \/><\/a><br \/>\n^ Weitere, wohl nicht ben\u00f6tigte Teile der gebrauchten 3SB<\/p>\n<p><a href='http:\/\/ski.inmontanis.info\/d\/332503-2\/DSC00133.jpg'><img src=http:\/\/ski.inmontanis.info\/d\/332502-3\/DSC00133.jpg \/><\/a><br \/>\n^ Ex-Gmahbahn, Alpbachtal. Bin ich vermutlich dort schon gefahren<\/p>\n<p><a href='http:\/\/ski.inmontanis.info\/d\/332507-2\/DSC00135.jpg'><img src=http:\/\/ski.inmontanis.info\/d\/332506-3\/DSC00135.jpg \/><\/a><br \/>\n^ KSSL+3SB Sektion 2, sowie DSB<\/p>\n<p><a href='http:\/\/ski.inmontanis.info\/d\/332511-2\/DSC00137.jpg'><img src=http:\/\/ski.inmontanis.info\/d\/332510-3\/DSC00137.jpg \/><\/a><br \/>\n^ Zoom ins Tal<\/p>\n<p><a href='http:\/\/ski.inmontanis.info\/d\/332515-2\/DSC00140.jpg'><img src=http:\/\/ski.inmontanis.info\/d\/332514-3\/DSC00140.jpg \/><\/a><br \/>\n^ Zoom Bergstation ESL links, SL rechts (Sektion 3) und Doppel-SL Sektion 4<\/p>\n<p><a href='http:\/\/ski.inmontanis.info\/d\/332519-3\/DSC00142.jpg'><img src=http:\/\/ski.inmontanis.info\/d\/332518-4\/DSC00142.jpg \/><\/a><br \/>\n^ Dieses Wasser ist nicht zum Trinken geeignet<\/p>\n<p><a href='http:\/\/ski.inmontanis.info\/d\/332523-3\/DSC00143.jpg'><img src=http:\/\/ski.inmontanis.info\/d\/332522-4\/DSC00143.jpg \/><\/a><br \/>\n^ DSB und Talblick mit den Seen<\/p>\n<p><a href='http:\/\/ski.inmontanis.info\/d\/332527-3\/DSC00145.jpg'><img src=http:\/\/ski.inmontanis.info\/d\/332526-4\/DSC00145.jpg \/><\/a><br \/>\n^ 3SB Talstation<\/p>\n<p><a href='http:\/\/ski.inmontanis.info\/d\/332531-3\/DSC00147.jpg'><img src=http:\/\/ski.inmontanis.info\/d\/332530-4\/DSC00147.jpg \/><\/a><br \/>\n^ 3SB Strecke<\/p>\n<p><a href='http:\/\/ski.inmontanis.info\/d\/332535-3\/DSC00153.jpg'><img src=http:\/\/ski.inmontanis.info\/d\/332534-4\/DSC00153.jpg \/><\/a><br \/>\n^ Kurz unterhalb der DSB-Bergstation gibts hier weitere Fundamente, evtl. ehemalige Bergstation Vorg\u00e4ngerlift und\/oder Talstation weiterer Lift<\/p>\n<p><a href='http:\/\/ski.inmontanis.info\/d\/332539-3\/DSC00157.jpg'><img src=http:\/\/ski.inmontanis.info\/d\/332538-4\/DSC00157.jpg \/><\/a><br \/>\n^ Es gibt einen neon-pinken Sessel und ca. 3 in Wei\u00df<\/p>\n<p><a href='http:\/\/ski.inmontanis.info\/d\/332543-3\/DSC00161.jpg'><img src=http:\/\/ski.inmontanis.info\/d\/332542-4\/DSC00161.jpg \/><\/a><br \/>\n^ <\/p>\n<p><a href='http:\/\/ski.inmontanis.info\/d\/332547-3\/DSC00164.jpg'><img src=http:\/\/ski.inmontanis.info\/d\/332546-4\/DSC00164.jpg \/><\/a><br \/>\n^ DSB und Parkplatz<\/p>\n<p><a href='http:\/\/ski.inmontanis.info\/d\/332551-3\/DSC00165.jpg'><img src=http:\/\/ski.inmontanis.info\/d\/332550-4\/DSC00165.jpg \/><\/a><br \/>\n^ .. rostige Sessel<\/p>\n<p><a href='http:\/\/ski.inmontanis.info\/d\/332555-3\/DSC00167.jpg'><img src=http:\/\/ski.inmontanis.info\/d\/332554-4\/DSC00167.jpg \/><\/a><br \/>\n^ Hochtal<\/p>\n<p>Schon echt krass viele ausl\u00e4ndische Touristen im Juli in Schottland. Schon fast mit Irland zu vergleichen, das mir vor 2 Jahren ja auch deshalb ziemlich auf den Keks ging, aber nicht nur. Glaub, das war eine sehr gute Idee, nicht auf die Isle of Skye gefahren zu sein.<\/p>\n<p>Abends stellte sich die Frage, wohin morgen bzw. will ich Stirling Castle besuchen oder nicht? Das ist etwas teurer (w\u00fcrde aber ja 50% bekommen) und Parken kostet extra.  <\/p>\n<p>Da ich heut nicht wieder Schinken-K\u00e4se-Toast essen wollte, nahm ich im Supermarkt Chicken-Satay-Spie\u00dfchen mit Erdnussso\u00dfe mit, kosten 1 St\u00fcck zwar 3,- GBP, aber in der Any-3-for-2-Aktion war dann eines gratis. F\u00fcr die zweite Portion evtl. \u00fcbermorgen hab ich eine Portion Reis mitgenommen, heut gab&#8217;s restliches Toastbrot dazu. F\u00fcr morgen hab ich den schottischen Stovie-Eintopf um 1,25 (tiefgek\u00fchlt, daher g\u00fcnstiger) mitgenommen. \u00dcber den werd ich im n\u00e4chsten Bericht ausf\u00fchrlich witzeln.<\/p>\n<p>Die Erdnusssauce war eigentlich recht lecker, aber auch etwas wenig und da hatte ich ja heute das Toastbrot dazu. Mit dem Reis bei der n\u00e4chsten Portion wird das wohl eine eher trockene Angelegenheit werden.<\/p>\n<p><a href='http:\/\/extra.inmontanis.info\/d\/112573-3\/DSC00175.jpg'><img src=http:\/\/extra.inmontanis.info\/d\/112572-4\/DSC00175.jpg \/><\/a><br \/>\n^ Div. Eink\u00e4ufe<\/p>\n","protected":false},"excerpt":{"rendered":"<p>Di, 16.7.2024<\/p>\n<p>Ich blieb noch bis 10 Uhr oben am Pass of the Cattle bei Applecross, wo es aber die ganze Zeit neblig blieb. Auf Vodafone fast voller Empfang, auf EE wenig, daher gestern Abend auf Vodafone manuell umgestellt. Blieb auch heute Morgen nach dem Deaktivieren des Flugmodus, aber kurz nach 10 Uhr schaltete das <a href=\"http:\/\/blog.inmontanis.info\/?p=10075\">[&#8230;]<\/a><\/p>\n","protected":false},"author":1,"featured_media":10077,"comment_status":"closed","ping_status":"closed","sticky":false,"template":"","format":"standard","meta":{"footnotes":""},"categories":[912,21,30],"tags":[55,38,35,48,45,47],"class_list":["post-10075","post","type-post","status-publish","format-standard","has-post-thumbnail","hentry","category-2023-09-2024-xx-skandinavien","category-britain","category-wandern","tag-3sb","tag-dsb","tag-esl","tag-kssl","tag-see","tag-sl","odd"],"_links":{"self":[{"href":"http:\/\/blog.inmontanis.info\/index.php?rest_route=\/wp\/v2\/posts\/10075","targetHints":{"allow":["GET"]}}],"collection":[{"href":"http:\/\/blog.inmontanis.info\/index.php?rest_route=\/wp\/v2\/posts"}],"about":[{"href":"http:\/\/blog.inmontanis.info\/index.php?rest_route=\/wp\/v2\/types\/post"}],"author":[{"embeddable":true,"href":"http:\/\/blog.inmontanis.info\/index.php?rest_route=\/wp\/v2\/users\/1"}],"replies":[{"embeddable":true,"href":"http:\/\/blog.inmontanis.info\/index.php?rest_route=%2Fwp%2Fv2%2Fcomments&post=10075"}],"version-history":[{"count":2,"href":"http:\/\/blog.inmontanis.info\/index.php?rest_route=\/wp\/v2\/posts\/10075\/revisions"}],"predecessor-version":[{"id":10078,"href":"http:\/\/blog.inmontanis.info\/index.php?rest_route=\/wp\/v2\/posts\/10075\/revisions\/10078"}],"wp:featuredmedia":[{"embeddable":true,"href":"http:\/\/blog.inmontanis.info\/index.php?rest_route=\/wp\/v2\/media\/10077"}],"wp:attachment":[{"href":"http:\/\/blog.inmontanis.info\/index.php?rest_route=%2Fwp%2Fv2%2Fmedia&parent=10075"}],"wp:term":[{"taxonomy":"category","embeddable":true,"href":"http:\/\/blog.inmontanis.info\/index.php?rest_route=%2Fwp%2Fv2%2Fcategories&post=10075"},{"taxonomy":"post_tag","embeddable":true,"href":"http:\/\/blog.inmontanis.info\/index.php?rest_route=%2Fwp%2Fv2%2Ftags&post=10075"}],"curies":[{"name":"wp","href":"https:\/\/api.w.org\/{rel}","templated":true}]}}