{"id":10066,"date":"2024-07-14T20:14:13","date_gmt":"2024-07-14T18:14:13","guid":{"rendered":"http:\/\/blog.inmontanis.info\/?p=10066"},"modified":"2024-07-20T20:27:23","modified_gmt":"2024-07-20T18:27:23","slug":"nordwestschottland-14-7-2024","status":"publish","type":"post","link":"http:\/\/blog.inmontanis.info\/?p=10066","title":{"rendered":"Nordwestschottland, 14.7.2024"},"content":{"rendered":"<p><strong>So, 14.7.2024<\/strong><\/p>\n<p>Sch\u00f6nwettertage oder Temperaturen \u00fcber 20\u00b0 sind hier im Nordwesten die n\u00e4chsten 10 Tage \u00fcbrigens weiterhin nicht in Sicht. Gef\u00e4llt mir, also zumindest das mit dem &#8220;unter 20\u00b0&#8221;. <\/p>\n<p>Von dem gestern genannten Zwischenziel bin ich wieder weggekommen. Dort wird wohl gerade der bisher kostenlose Parkplatz neu gebaut und der alte ist geschlossen, was die umgebenden Landbesitzer dazu einlud, ihr Land f\u00fcr kostenpflichtiges Parken zur Verf\u00fcgung zu stellen, anschenend 2 \u00a3\/Std oder  5\/Tag oder 15\/Nacht oder so, gibt unterschiedliche Angaben &#8230;<\/p>\n<p>Das Ziel w\u00e4re eins der kleinsten Castles (oder das kleinste) der Welt gewesen, also es wurde erst im vorherigen Jahrhundert gebaut, besteht nur aus 1 Raum und ist auch sonst recht klein, man beachte insb. die Fotos mit den Leuten direkt neben dem Castle:<\/p>\n<p><a href='https:\/\/www.google.co.uk\/search?sca_esv=78666b2a3158a13b&#038;sca_upv=1&#038;q=hermit+castle&#038;udm=2'>https:\/\/www.google.co.uk\/search?sca_esv=78666b2a3158a13b&#038;sca_upv=1&#038;q=hermit+castle&#038;udm=2<\/a><\/p>\n<p>&#8212;<\/p>\n<p><a href='http:\/\/extra.inmontanis.info\/d\/112121-2\/DSC09676.jpg'><img src=http:\/\/extra.inmontanis.info\/d\/112120-3\/DSC09676.jpg \/><\/a><br \/>\n^ Nordwestschottische Landschaft<\/p>\n<p><a href='http:\/\/extra.inmontanis.info\/d\/112125-2\/DSC09677.jpg'><img src=http:\/\/extra.inmontanis.info\/d\/112124-3\/DSC09677.jpg \/><\/a><br \/>\n^ Die h\u00f6heren Berge hinten sind in den Wolken<\/p>\n<p><a href='http:\/\/extra.inmontanis.info\/d\/112129-2\/DSC09678.jpg'><img src=http:\/\/extra.inmontanis.info\/d\/112128-3\/DSC09678.jpg \/><\/a><br \/>\n^ Nebenstr\u00e4sschen<\/p>\n<p><a href='http:\/\/extra.inmontanis.info\/d\/112133-2\/DSC09680.jpg'><img src=http:\/\/extra.inmontanis.info\/d\/112132-3\/DSC09680.jpg \/><\/a><br \/>\n^ Nebenstr\u00e4sschen<\/p>\n<p><a href='http:\/\/extra.inmontanis.info\/d\/112137-2\/DSC09684_001.jpg'><img src=http:\/\/extra.inmontanis.info\/d\/112136-3\/DSC09684_001.jpg \/><\/a><br \/>\n^ Wieder auf der A894<\/p>\n<p><a href='http:\/\/extra.inmontanis.info\/d\/112141-2\/DSC09689.jpg'><img src=http:\/\/extra.inmontanis.info\/d\/112140-3\/DSC09689.jpg \/><\/a><br \/>\n^ A894<\/p>\n<p><a href='http:\/\/extra.inmontanis.info\/d\/112145-2\/DSC09690.jpg'><img src=http:\/\/extra.inmontanis.info\/d\/112144-3\/DSC09690.jpg \/><\/a><br \/>\n^ A894 nahe Unapool<\/p>\n<p><a href='http:\/\/extra.inmontanis.info\/d\/112149-2\/DSC09691_001.jpg'><img src=http:\/\/extra.inmontanis.info\/d\/112148-3\/DSC09691_001.jpg \/><\/a><br \/>\n^ A894 nahe Unapool<\/p>\n<p>Auf dem weiteren Weg lag ein Wasserfall, den man mit einem schwierigen, aber vielleicht interessanteren Weg durch eine Schlucht besuchen k\u00f6nnen soll, aber ich w\u00e4hlte den leichteren Zugang zum oberen Ende, der von dem oberen Parkplatz aus startete.<\/p>\n<p>Der Weg hatte einige Pf\u00fctzen, die man aber umgehen konnte. Der Anfang am Grat entlang war dank des Panos sch\u00f6n und nach meinem Geschcmack. In die Schlucht konte man auch gut sehen, aber den Wasserfall sah man nicht so gut, wenn man nicht ganz bis zur Kante wollte und das schien mir bei den etwas weichen Erdverh\u00e4ltnissen etwas gef\u00e4hrlich, man wei\u00df ja nicht, was drunter ist&#8230;<\/p>\n<p><a href='http:\/\/extra.inmontanis.info\/d\/112153-2\/DSC09693.jpg'><img src=http:\/\/extra.inmontanis.info\/d\/112152-3\/DSC09693.jpg \/><\/a><br \/>\n^ Wasserfall-Schlucht am Loch na Gainmhich<\/p>\n<p><a href='http:\/\/extra.inmontanis.info\/d\/112157-2\/DSC09696_001.jpg'><img src=http:\/\/extra.inmontanis.info\/d\/112156-3\/DSC09696_001.jpg \/><\/a><br \/>\n^ Die Stra\u00dfe f\u00e4hrt hier quasi einen kleinen Pass hinauf<\/p>\n<p><a href='http:\/\/extra.inmontanis.info\/d\/112161-2\/DSC09700.jpg'><img src=http:\/\/extra.inmontanis.info\/d\/112160-3\/DSC09700.jpg \/><\/a><br \/>\n^ Loch na Gainmhich<\/p>\n<p><a href='http:\/\/extra.inmontanis.info\/d\/112165-2\/DSC09702.jpg'><img src=http:\/\/extra.inmontanis.info\/d\/112164-3\/DSC09702.jpg \/><\/a><br \/>\n^ A894 \/ besagter Pass<\/p>\n<p><a href='http:\/\/extra.inmontanis.info\/d\/112169-2\/DSC09705.jpg'><img src=http:\/\/extra.inmontanis.info\/d\/112168-3\/DSC09705.jpg \/><\/a><br \/>\n^ Die Wanderung f\u00fchrt sch\u00f6n am Grat entlang<\/p>\n<p><a href='http:\/\/extra.inmontanis.info\/d\/112173-2\/DSC09706.jpg'><img src=http:\/\/extra.inmontanis.info\/d\/112172-3\/DSC09706.jpg \/><\/a><br \/>\n^ R\u00fcckblick zur A894<\/p>\n<p><a href='http:\/\/extra.inmontanis.info\/d\/112177-2\/DSC09707.jpg'><img src=http:\/\/extra.inmontanis.info\/d\/112176-3\/DSC09707.jpg \/><\/a><br \/>\n^ Schlucht vom Wasserfall<\/p>\n<p><a href='http:\/\/extra.inmontanis.info\/d\/112181-2\/DSC09708.jpg'><img src=http:\/\/extra.inmontanis.info\/d\/112180-3\/DSC09708.jpg \/><\/a><br \/>\n^ Meerblick<\/p>\n<p><a href='http:\/\/extra.inmontanis.info\/d\/112185-2\/DSC09709.jpg'><img src=http:\/\/extra.inmontanis.info\/d\/112184-3\/DSC09709.jpg \/><\/a><br \/>\n^ Schlucht vom Wasserfall und See (rechts)<\/p>\n<p><a href='http:\/\/extra.inmontanis.info\/d\/112189-2\/DSC09711.jpg'><img src=http:\/\/extra.inmontanis.info\/d\/112188-3\/DSC09711.jpg \/><\/a><br \/>\n^ Br\u00fccke, war aber nicht so matschig,wie es aussah, also zumindest links ging&#8217;s<\/p>\n<p><a href='http:\/\/extra.inmontanis.info\/d\/112193-2\/DSC09713.jpg'><img src=http:\/\/extra.inmontanis.info\/d\/112192-3\/DSC09713.jpg \/><\/a><br \/>\n^ Den Wasserfall konnte man von oben nur schlecht sehen und der ausgetretene Pfad da an der Kante, naja, auch gef\u00e4hrlich, zumal rechts schon ein Loch im Boden ist.<\/p>\n<p><a href='http:\/\/extra.inmontanis.info\/d\/112197-2\/DSC09715.jpg'><img src=http:\/\/extra.inmontanis.info\/d\/112196-3\/DSC09715.jpg \/><\/a><br \/>\n^ Der Weg in der Schlucht soll aber recht schwierig sein<\/p>\n<p><a href='http:\/\/extra.inmontanis.info\/d\/112201-2\/DSC09717.jpg'><img src=http:\/\/extra.inmontanis.info\/d\/112200-3\/DSC09717.jpg \/><\/a><br \/>\n^ Schlucht vom Wasserfall<\/p>\n<p><a href='http:\/\/extra.inmontanis.info\/d\/112205-2\/DSC09718_001.jpg'><img src=http:\/\/extra.inmontanis.info\/d\/112204-3\/DSC09718_001.jpg \/><\/a><br \/>\n^ Wasserfall<\/p>\n<p><a href='http:\/\/extra.inmontanis.info\/d\/112209-2\/DSC09719.jpg'><img src=http:\/\/extra.inmontanis.info\/d\/112208-3\/DSC09719.jpg \/><\/a><br \/>\n^ Wasserfall<\/p>\n<p><a href='http:\/\/extra.inmontanis.info\/d\/112213-2\/DSC09721.jpg'><img src=http:\/\/extra.inmontanis.info\/d\/112212-3\/DSC09721.jpg \/><\/a><br \/>\n^ Wasserfall<\/p>\n<p>Somit heute etwas sportlich bet\u00e4tigt. M\u00fccken zum Gl\u00fcck keine.<\/p>\n<p>Danach fuhr ich die A832 an der K\u00fcste weiter, die Schleife hier bin ich noch nie gefahren. Zuvor hatte ich mir die diversen Stichstra\u00dfen in GoogleMaps\/Streetview angesehen und eigentlich nur eine wirklich interessante Stra\u00dfe entdeckt, die ich gegen 13 Uhr gefahren bin. Es g\u00e4be hier einige nette, ruhige Nachtpl\u00e4tze mit sch\u00f6nem Pano gab.<\/p>\n<p><a href='http:\/\/extra.inmontanis.info\/d\/112217-2\/DSC09722.jpg'><img src=http:\/\/extra.inmontanis.info\/d\/112216-3\/DSC09722.jpg \/><\/a><br \/>\n^ A894 oder schon A837<\/p>\n<p><a href='http:\/\/extra.inmontanis.info\/d\/112221-2\/DSC09725.jpg'><img src=http:\/\/extra.inmontanis.info\/d\/112220-3\/DSC09725.jpg \/><\/a><br \/>\n^ Ardvreck Castle<\/p>\n<p><a href='http:\/\/extra.inmontanis.info\/d\/112225-2\/DSC09726.jpg'><img src=http:\/\/extra.inmontanis.info\/d\/112224-3\/DSC09726.jpg \/><\/a><br \/>\n^ Ardvreck Castle, ziemlich viel los an dieser Ruine<\/p>\n<p><a href='http:\/\/extra.inmontanis.info\/d\/112229-2\/DSC09730.jpg'><img src=http:\/\/extra.inmontanis.info\/d\/112228-3\/DSC09730.jpg \/><\/a><br \/>\n^ Weitere Hausruine<\/p>\n<p><a href='http:\/\/extra.inmontanis.info\/d\/112233-2\/DSC09732_001.jpg'><img src=http:\/\/extra.inmontanis.info\/d\/112232-3\/DSC09732_001.jpg \/><\/a><br \/>\n^ Richtung Ullapool<\/p>\n<p><a href='http:\/\/extra.inmontanis.info\/d\/112237-2\/DSC09733.jpg'><img src=http:\/\/extra.inmontanis.info\/d\/112236-3\/DSC09733.jpg \/><\/a><br \/>\n^ Richtung Ullapool<\/p>\n<p><a href='http:\/\/extra.inmontanis.info\/d\/112241-2\/DSC09735.jpg'><img src=http:\/\/extra.inmontanis.info\/d\/112240-3\/DSC09735.jpg \/><\/a><br \/>\n^ Richtung Ullapool<\/p>\n<p><a href='http:\/\/extra.inmontanis.info\/d\/112245-2\/DSC09741.jpg'><img src=http:\/\/extra.inmontanis.info\/d\/112244-3\/DSC09741.jpg \/><\/a><br \/>\n^ A832<\/p>\n<p><a href='http:\/\/extra.inmontanis.info\/d\/112249-2\/DSC09749.jpg'><img src=http:\/\/extra.inmontanis.info\/d\/112248-3\/DSC09749.jpg \/><\/a><br \/>\n^ .. und noch ein Nebenstr\u00e4sschen: C1067<\/p>\n<p><a href='http:\/\/extra.inmontanis.info\/d\/112253-2\/DSC09754.jpg'><img src=http:\/\/extra.inmontanis.info\/d\/112252-3\/DSC09754.jpg \/><\/a><br \/>\n^ Pano von der C1067<\/p>\n<p><a href='http:\/\/extra.inmontanis.info\/d\/112257-2\/DSC09756_001.jpg'><img src=http:\/\/extra.inmontanis.info\/d\/112256-3\/DSC09756_001.jpg \/><\/a><br \/>\n^ Der m\u00f6gliche Nachtplatz ist heute von K\u00fchen besetzt und verschissen<\/p>\n<p><a href='http:\/\/extra.inmontanis.info\/d\/112261-2\/DSC09757_001.jpg'><img src=http:\/\/extra.inmontanis.info\/d\/112260-3\/DSC09757_001.jpg \/><\/a><br \/>\n^ C1067, weiter runter bin ich nicht mehr gefahren, sondern hab umgkehrt<\/p>\n<p>Da es wolkenlosesn Sonnenschein gab, der Wind schw\u00e4cher wurde bzw. von einer anderen Richtung kam, wurde es an einem der Pl\u00e4tze bald unertr\u00e4glich warm und ich fuhr weiter. Wie war das mit der wolkigen Wettervorhersage &#8230;<\/p>\n<p>Auf dem sp\u00e4teren Panorama-Parkplatz musste ich mich eh etwas anders hinstellen und hatte dann das Gl\u00fcck, dass der Wind voll durch die Fenster pfiff. Es kommt also nicht nur darauf an, dass \u00fcberhaupt Wind weht, sondern auch, in welche Richtung man parkt.<\/p>\n<p><a href='http:\/\/extra.inmontanis.info\/d\/112265-3\/DSC09764.jpg'><img src=http:\/\/extra.inmontanis.info\/d\/112264-4\/DSC09764.jpg \/><\/a><br \/>\n^ A832<\/p>\n<p><a href='http:\/\/extra.inmontanis.info\/d\/112269-3\/DSC09768.jpg'><img src=http:\/\/extra.inmontanis.info\/d\/112268-4\/DSC09768.jpg \/><\/a><br \/>\n^ Panoramaparkplatz an der A832<\/p>\n<p><a href='http:\/\/extra.inmontanis.info\/d\/112273-3\/DSC09771.jpg'><img src=http:\/\/extra.inmontanis.info\/d\/112272-4\/DSC09771.jpg \/><\/a><br \/>\n^ Meerblick um 14:35<\/p>\n<p><a href='http:\/\/extra.inmontanis.info\/d\/112277-3\/DSC09773_001.jpg'><img src=http:\/\/extra.inmontanis.info\/d\/112276-4\/DSC09773_001.jpg \/><\/a><br \/>\n^ <\/p>\n<p><a href='http:\/\/extra.inmontanis.info\/d\/112281-3\/DSC09775.jpg'><img src=http:\/\/extra.inmontanis.info\/d\/112280-4\/DSC09775.jpg \/><\/a><br \/>\n^ <\/p>\n<p><a href='http:\/\/extra.inmontanis.info\/d\/112285-3\/DSC09777.jpg'><img src=http:\/\/extra.inmontanis.info\/d\/112284-4\/DSC09777.jpg \/><\/a><br \/>\n^ .. und ein sch\u00f6ner, alter VW-Bus<\/p>\n<p><a href='http:\/\/extra.inmontanis.info\/d\/112289-3\/DSC09780.jpg'><img src=http:\/\/extra.inmontanis.info\/d\/112288-4\/DSC09780.jpg \/><\/a><br \/>\n^ Meerblick um 18:10<\/p>\n<p><a href='http:\/\/extra.inmontanis.info\/d\/112293-3\/DSC09782_001.jpg'><img src=http:\/\/extra.inmontanis.info\/d\/112292-4\/DSC09782_001.jpg \/><\/a><br \/>\n^ Meerblick um 19:15<\/p>\n<p><a href='http:\/\/extra.inmontanis.info\/d\/112297-3\/DSC09790.jpg'><img src=http:\/\/extra.inmontanis.info\/d\/112296-4\/DSC09790.jpg \/><\/a><br \/>\n^ Sonnenuntergang um 22:10 leider in den Wolken<\/p>\n<p><a href='http:\/\/extra.inmontanis.info\/d\/112301-3\/DSC09794.jpg'><img src=http:\/\/extra.inmontanis.info\/d\/112300-4\/DSC09794.jpg \/><\/a><br \/>\n^ Meerblick um 22:25<\/p>\n","protected":false},"excerpt":{"rendered":"<p>So, 14.7.2024<\/p>\n<p>Sch\u00f6nwettertage oder Temperaturen \u00fcber 20\u00b0 sind hier im Nordwesten die n\u00e4chsten 10 Tage \u00fcbrigens weiterhin nicht in Sicht. Gef\u00e4llt mir, also zumindest das mit dem &#8220;unter 20\u00b0&#8221;. <\/p>\n<p>Von dem gestern genannten Zwischenziel bin ich wieder weggekommen. Dort wird wohl gerade der bisher kostenlose Parkplatz neu gebaut und der alte ist geschlossen, was <a href=\"http:\/\/blog.inmontanis.info\/?p=10066\">[&#8230;]<\/a><\/p>\n","protected":false},"author":1,"featured_media":10068,"comment_status":"closed","ping_status":"closed","sticky":false,"template":"","format":"standard","meta":{"footnotes":""},"categories":[912,21,30],"tags":[36,87,37,45,86],"class_list":["post-10066","post","type-post","status-publish","format-standard","has-post-thumbnail","hentry","category-2023-09-2024-xx-skandinavien","category-britain","category-wandern","tag-castle","tag-grotteklamm","tag-meer","tag-see","tag-wasserfall","odd"],"_links":{"self":[{"href":"http:\/\/blog.inmontanis.info\/index.php?rest_route=\/wp\/v2\/posts\/10066","targetHints":{"allow":["GET"]}}],"collection":[{"href":"http:\/\/blog.inmontanis.info\/index.php?rest_route=\/wp\/v2\/posts"}],"about":[{"href":"http:\/\/blog.inmontanis.info\/index.php?rest_route=\/wp\/v2\/types\/post"}],"author":[{"embeddable":true,"href":"http:\/\/blog.inmontanis.info\/index.php?rest_route=\/wp\/v2\/users\/1"}],"replies":[{"embeddable":true,"href":"http:\/\/blog.inmontanis.info\/index.php?rest_route=%2Fwp%2Fv2%2Fcomments&post=10066"}],"version-history":[{"count":2,"href":"http:\/\/blog.inmontanis.info\/index.php?rest_route=\/wp\/v2\/posts\/10066\/revisions"}],"predecessor-version":[{"id":10069,"href":"http:\/\/blog.inmontanis.info\/index.php?rest_route=\/wp\/v2\/posts\/10066\/revisions\/10069"}],"wp:featuredmedia":[{"embeddable":true,"href":"http:\/\/blog.inmontanis.info\/index.php?rest_route=\/wp\/v2\/media\/10068"}],"wp:attachment":[{"href":"http:\/\/blog.inmontanis.info\/index.php?rest_route=%2Fwp%2Fv2%2Fmedia&parent=10066"}],"wp:term":[{"taxonomy":"category","embeddable":true,"href":"http:\/\/blog.inmontanis.info\/index.php?rest_route=%2Fwp%2Fv2%2Fcategories&post=10066"},{"taxonomy":"post_tag","embeddable":true,"href":"http:\/\/blog.inmontanis.info\/index.php?rest_route=%2Fwp%2Fv2%2Ftags&post=10066"}],"curies":[{"name":"wp","href":"https:\/\/api.w.org\/{rel}","templated":true}]}}