{"id":10053,"date":"2024-07-10T20:08:20","date_gmt":"2024-07-10T18:08:20","guid":{"rendered":"http:\/\/blog.inmontanis.info\/?p=10053"},"modified":"2024-07-18T19:58:39","modified_gmt":"2024-07-18T17:58:39","slug":"prop-of-ythsie-lecht-9-11-7-2024","status":"publish","type":"post","link":"http:\/\/blog.inmontanis.info\/?p=10053","title":{"rendered":"Prop of Ythsie &#038; Lecht, 9.-10.7.2024"},"content":{"rendered":"<p><strong>Di, 9.7.2024<\/strong><\/p>\n<p>13,8\u00b0 morgens im Auto, drau\u00dfen etwas nebelig, um 10 Uhr ging&#8217;s also zum Aussichtsturm nahe des gestrigen Castles rauf, genannt Prop of Ythsie.<\/p>\n<p>Die Aussicht bestand lediglich aus vielen gr\u00fcnen Feldern und H\u00fcgeln, mit Tarves als n\u00e4chsten und gr\u00f6\u00dften Ort und ein paar Bergen im Hintergrund.<\/p>\n<p>Interessant am Turm:<br \/>\n&#8211; die innere, runde, recht dicke Ziegelsteins\u00e4ule, an der die Treppe befestigt ist<br \/>\n&#8211; dass der Turm innen rund, aber au\u00dfen eckig ist<br \/>\n&#8211; die Reste eines Seilzugs oben<br \/>\n&#8211; die Aussparungen an den Seiten unten wof\u00fcr auch immer<\/p>\n<p>Retour ging ich einen kleinen Umweg, der, wie erhofft, weniger nass und matschig war.<\/p>\n<p><a href='http:\/\/extra.inmontanis.info\/d\/111623-2\/DSC09377.jpg'><img src=http:\/\/extra.inmontanis.info\/d\/111622-3\/DSC09377.jpg \/><\/a><br \/>\n^ Heutiges Ziel: Dieser Aussichtsturm, genannt Prop of Ythsie <\/p>\n<p><a href='http:\/\/extra.inmontanis.info\/d\/111627-2\/DSC09378.jpg'><img src=http:\/\/extra.inmontanis.info\/d\/111626-3\/DSC09378.jpg \/><\/a><br \/>\n^ Der Weg vom Parkplatz war nicht angeschrieben, war aber dann doch dieser Wegm im Wald die Abzweigung hatte ein Schildchen<\/p>\n<p><a href='http:\/\/extra.inmontanis.info\/d\/111631-2\/DSC09380.jpg'><img src=http:\/\/extra.inmontanis.info\/d\/111630-3\/DSC09380.jpg \/><\/a><br \/>\n^ Im Wald war es etwas nass und matschig, nun geht es bergauf<\/p>\n<p><a href='http:\/\/extra.inmontanis.info\/d\/111635-2\/DSC09381.jpg'><img src=http:\/\/extra.inmontanis.info\/d\/111634-3\/DSC09381.jpg \/><\/a><br \/>\n^ Viele solche Schnecken waren unterwegs<\/p>\n<p><a href='http:\/\/extra.inmontanis.info\/d\/111639-2\/DSC09383.jpg'><img src=http:\/\/extra.inmontanis.info\/d\/111638-3\/DSC09383.jpg \/><\/a><br \/>\n^ Letztes St\u00fcck Weg zum Turm<\/p>\n<p><a href='http:\/\/extra.inmontanis.info\/d\/111643-2\/DSC09384.jpg'><img src=http:\/\/extra.inmontanis.info\/d\/111642-3\/DSC09384.jpg \/><\/a><br \/>\n^ Tafel \u00fcber dem Eingang<\/p>\n<p><a href='http:\/\/extra.inmontanis.info\/d\/111647-2\/DSC09386.jpg'><img src=http:\/\/extra.inmontanis.info\/d\/111646-3\/DSC09386.jpg \/><\/a><br \/>\n^ Eingang, die Mitte der Wendeltreppe ist aus Ziegelstein<\/p>\n<p><a href='http:\/\/extra.inmontanis.info\/d\/111651-2\/DSC09387.jpg'><img src=http:\/\/extra.inmontanis.info\/d\/111650-3\/DSC09387.jpg \/><\/a><br \/>\n^ Wendeltreppe<\/p>\n<p><a href='http:\/\/extra.inmontanis.info\/d\/111655-2\/DSC09388.jpg'><img src=http:\/\/extra.inmontanis.info\/d\/111654-3\/DSC09388.jpg \/><\/a><br \/>\n^ Oben angekommen<\/p>\n<p><a href='http:\/\/extra.inmontanis.info\/d\/111659-2\/DSC09390.jpg'><img src=http:\/\/extra.inmontanis.info\/d\/111658-3\/DSC09390.jpg \/><\/a><br \/>\n^ Es gibt nur auf der halben Seite einen Boden, der Rest ist die Treppe<\/p>\n<p><a href='http:\/\/extra.inmontanis.info\/d\/111663-2\/DSC09392.jpg'><img src=http:\/\/extra.inmontanis.info\/d\/111662-3\/DSC09392.jpg \/><\/a><br \/>\n^ Das Panorama ist in allen Richtungen sehr \u00e4hnlich<\/p>\n<p><a href='http:\/\/extra.inmontanis.info\/d\/111667-2\/DSC09393.jpg'><img src=http:\/\/extra.inmontanis.info\/d\/111666-3\/DSC09393.jpg \/><\/a><br \/>\n^ <\/p>\n<p><a href='http:\/\/extra.inmontanis.info\/d\/111671-2\/DSC09394.jpg'><img src=http:\/\/extra.inmontanis.info\/d\/111670-3\/DSC09394.jpg \/><\/a><br \/>\n^ <\/p>\n<p><a href='http:\/\/extra.inmontanis.info\/d\/111675-2\/DSC09395.jpg'><img src=http:\/\/extra.inmontanis.info\/d\/111674-3\/DSC09395.jpg \/><\/a><br \/>\n^ <\/p>\n<p><a href='http:\/\/extra.inmontanis.info\/d\/111679-2\/DSC09396.jpg'><img src=http:\/\/extra.inmontanis.info\/d\/111678-3\/DSC09396.jpg \/><\/a><br \/>\n^ <\/p>\n<p><a href='http:\/\/extra.inmontanis.info\/d\/111683-2\/DSC09397.jpg'><img src=http:\/\/extra.inmontanis.info\/d\/111682-3\/DSC09397.jpg \/><\/a><br \/>\n^ <\/p>\n<p><a href='http:\/\/extra.inmontanis.info\/d\/111687-2\/DSC09398.jpg'><img src=http:\/\/extra.inmontanis.info\/d\/111686-3\/DSC09398.jpg \/><\/a><br \/>\n^ <\/p>\n<p><a href='http:\/\/extra.inmontanis.info\/d\/111691-2\/DSC09399.jpg'><img src=http:\/\/extra.inmontanis.info\/d\/111690-3\/DSC09399.jpg \/><\/a><br \/>\n^ <\/p>\n<p><a href='http:\/\/extra.inmontanis.info\/d\/111695-2\/DSC09400.jpg'><img src=http:\/\/extra.inmontanis.info\/d\/111694-3\/DSC09400.jpg \/><\/a><br \/>\n^ In dieser Richtung ..<\/p>\n<p><a href='http:\/\/extra.inmontanis.info\/d\/111699-2\/DSC09410.jpg'><img src=http:\/\/extra.inmontanis.info\/d\/111698-3\/DSC09410.jpg \/><\/a><br \/>\n^ .. sieht man aber in die Berge<\/p>\n<p><a href='http:\/\/extra.inmontanis.info\/d\/111703-2\/DSC09403.jpg'><img src=http:\/\/extra.inmontanis.info\/d\/111702-3\/DSC09403.jpg \/><\/a><br \/>\n^ Reste einer Seilzug-Vorrichtung<\/p>\n<p><a href='http:\/\/extra.inmontanis.info\/d\/111707-2\/DSC09404.jpg'><img src=http:\/\/extra.inmontanis.info\/d\/111706-3\/DSC09404.jpg \/><\/a><br \/>\n^ .. oder vielleicht auch mit dieser Eisenkette statt einem Seil<\/p>\n<p><a href='http:\/\/extra.inmontanis.info\/d\/111711-2\/DSC09411.jpg'><img src=http:\/\/extra.inmontanis.info\/d\/111710-3\/DSC09411.jpg \/><\/a><br \/>\n^ Auf den Seiten gibts im Sockel unten diese Einbuchtungen<\/p>\n<p><a href='http:\/\/extra.inmontanis.info\/d\/111715-2\/DSC09412.jpg'><img src=http:\/\/extra.inmontanis.info\/d\/111714-3\/DSC09412.jpg \/><\/a><br \/>\n^ Obwohl der Turm au\u00dfen eckig ist ..<\/p>\n<p><a href='http:\/\/extra.inmontanis.info\/d\/111719-2\/DSC09413.jpg'><img src=http:\/\/extra.inmontanis.info\/d\/111718-3\/DSC09413.jpg \/><\/a><br \/>\n^ .. ist er innen rund.<\/p>\n<p><a href='http:\/\/extra.inmontanis.info\/d\/111723-2\/DSC09417.jpg'><img src=http:\/\/extra.inmontanis.info\/d\/111722-3\/DSC09417.jpg \/><\/a><br \/>\n^ <\/p>\n<p><a href='http:\/\/extra.inmontanis.info\/d\/111727-2\/ge20240709a.jpg'><img src=http:\/\/extra.inmontanis.info\/d\/111726-3\/ge20240709a.jpg \/><\/a><br \/>\n^ Retour ging ich einen l\u00e4ngeren Weg (oben), der weniger matschig war. Turm ist nat\u00fcrlich links oben, Parkplatz rechts unten<\/p>\n<p>Betreffend morgen konnte ich mich weiterhin nicht entscheiden, ob ich das eine Castle trotz starken Regens besuchen m\u00f6chte oder ob ich den Tag anderswo aussitze &#8211; und wo, hier in der Ecke von GB, wo es am st\u00e4rksten morgen regnen soll, oder weiter s\u00fcdlich wieder in Richtung Perth, wo es trockener bleiben soll?<\/p>\n<p>Was gegen das Castle spricht, dass man vom Parkplatz wohl ein St\u00fcck steilen Weg hinauf gehen muss, der also bei starkem Regen rutschig oder matschig sein k\u00f6nnte. Innen w\u00e4r es ja \u00fcberdacht und es geht dann um die Innenausstattung. Heute hatte es ja leider nicht offen.<\/p>\n<p>Ich entschied mich gegen das Castle morgen, aber trotzdem heute daran vorbei und \u00fcber Lecht fahren zu wollen, weil ich sonst auch nicht vorbei k\u00e4me bzw. es morgen bei Regen ja auch sinnlos w\u00e4re, durch die Berge zu fahren.<\/p>\n<p>Um morgen nicht bei Regen einkaufen zu m\u00fcssen, hielt ich heute nochmals kurz und konnte nat\u00fcrlich nicht widerstehen und nahm mir einen kleinen hei\u00dfen Steak&#038;Gravy-Pie und eine Zimtschnecke mit.<\/p>\n<p><a href='http:\/\/extra.inmontanis.info\/d\/111751-2\/DSC09418.jpg'><img src=http:\/\/extra.inmontanis.info\/d\/111750-3\/DSC09418.jpg \/><\/a><br \/>\n^ Zimtschnecke links sehr leicht und mit Zuckerguss und ohne Kardamom &#8211; also keeeein Vergleich zu schwedischen Zimtschnecken. Rechts ein Steak&#038;Gravy-Pie<\/p>\n<p><a href='http:\/\/extra.inmontanis.info\/d\/111755-2\/DSC09420.jpg'><img src=http:\/\/extra.inmontanis.info\/d\/111754-3\/DSC09420.jpg \/><\/a><br \/>\n^ .. d.h. Rindfleischst\u00fccke mit So\u00dfe<\/p>\n<p><a href='http:\/\/extra.inmontanis.info\/d\/111731-2\/DSC09423.jpg'><img src=http:\/\/extra.inmontanis.info\/d\/111730-3\/DSC09423.jpg \/><\/a><br \/>\n^ Fahrt in die Berge<\/p>\n<p><a href='http:\/\/extra.inmontanis.info\/d\/111735-2\/DSC09428.jpg'><img src=http:\/\/extra.inmontanis.info\/d\/111734-3\/DSC09428.jpg \/><\/a><br \/>\n^ Panorama-Parkplatz auf der Auffahrt nach Lecht<\/p>\n<p><a href='http:\/\/extra.inmontanis.info\/d\/111739-2\/DSC09429.jpg'><img src=http:\/\/extra.inmontanis.info\/d\/111738-3\/DSC09429.jpg \/><\/a><br \/>\n^ Panorama-Parkplatz auf der Auffahrt nach Lecht, in Bildmitte..<\/p>\n<p><a href='http:\/\/extra.inmontanis.info\/d\/111743-2\/DSC09430.jpg'><img src=http:\/\/extra.inmontanis.info\/d\/111742-3\/DSC09430.jpg \/><\/a><br \/>\n^ Corgarff Castle. Heute leider zu und morgen regnete es mir zu stark, um den Weg vom dortigen Parkplatz bis rauf zu gehen<\/p>\n<p><a href='http:\/\/ski.inmontanis.info\/d\/332303-2\/DSC09431.jpg'><img src=http:\/\/ski.inmontanis.info\/d\/332302-3\/DSC09431.jpg \/><\/a><br \/>\n^ Die steilen Stra\u00dfen im UK sind immer abenteuerlich, aber diese hier f\u00fchrt ja ins Skigebiet Lecht. Im Winter m\u00f6cht ich solche steilen Stra\u00dfen eigentlich nicht fahren m\u00fcssen.<\/p>\n<p><a href='http:\/\/ski.inmontanis.info\/d\/332307-2\/DSC09433.jpg'><img src=http:\/\/ski.inmontanis.info\/d\/332306-3\/DSC09433.jpg \/><\/a><br \/>\n^ Letzte Auffahrt zum Skigebiet, links die Lifte<\/p>\n<p><a href='http:\/\/ski.inmontanis.info\/d\/332311-2\/DSC09434.jpg'><img src=http:\/\/ski.inmontanis.info\/d\/332310-3\/DSC09434.jpg \/><\/a><br \/>\n^ Lecht &#8211; Pass\u00fcbergang<\/p>\n<p><a href='http:\/\/ski.inmontanis.info\/d\/332315-2\/DSC09435.jpg'><img src=http:\/\/ski.inmontanis.info\/d\/332314-3\/DSC09435.jpg \/><\/a><br \/>\n^ Hauptseite mit den linken Liften<\/p>\n<p><a href='http:\/\/ski.inmontanis.info\/d\/332319-2\/DSC09437.jpg'><img src=http:\/\/ski.inmontanis.info\/d\/332318-3\/DSC09437.jpg \/><\/a><br \/>\n^ Hauptseite mit der kultigen Poma-3SB mit den bunten Sesseln. Die konnte ich vor ein paar Jahren mal im Sommer fahren. Allerdings waren die Sessel damals schon sehr rostig.<\/p>\n<p><a href='http:\/\/ski.inmontanis.info\/d\/332323-2\/DSC09439.jpg'><img src=http:\/\/ski.inmontanis.info\/d\/332322-3\/DSC09439.jpg \/><\/a><br \/>\n^ Hauptseite rechts der 3SB<\/p>\n<p><a href='http:\/\/ski.inmontanis.info\/d\/332327-2\/DSC09440.jpg'><img src=http:\/\/ski.inmontanis.info\/d\/332326-3\/DSC09440.jpg \/><\/a><br \/>\n^ Der Lift gegen\u00fcber<\/p>\n<p><a href='http:\/\/ski.inmontanis.info\/d\/332331-2\/DSC09444.jpg'><img src=http:\/\/ski.inmontanis.info\/d\/332330-3\/DSC09444.jpg \/><\/a><br \/>\n^ Dem rechten SL auf der Hauptseite fehlt das Seil und einige Rollen an den St\u00fctzen<\/p>\n<p><a href='http:\/\/ski.inmontanis.info\/d\/332335-2\/DSC09445.jpg'><img src=http:\/\/ski.inmontanis.info\/d\/332334-3\/DSC09445.jpg \/><\/a><br \/>\n^ Passstra\u00dfe wieder runter nach Norden<\/p>\n<p>Ich fuhr zu einem Parkplatz vor dem n\u00e4chsten Ort, wo ich weder von Erdr\u00fctschen, noch von \u00fcberschwemmten Fl\u00fcssen \u00fcberrascht werden k\u00f6nnte, wobei ich morgen dann eh zum nahen WC im Dorf fahren werde.<\/p>\n<p><a href='http:\/\/extra.inmontanis.info\/d\/111759-2\/DSC09446.jpg'><img src=http:\/\/extra.inmontanis.info\/d\/111758-3\/DSC09446.jpg \/><\/a><br \/>\n^ Man bekommt in Superm\u00e4rkten manchmal bereits fertig gebratenen Speck, allerdings recht teuer, \u00fcber 4 \u20ac  f\u00fcr 65g. Man muss nat\u00fcrlich zugeben, dass Speck beim Anbraten kleiner wird. Direkt, pur gegessen find ich ihn sehr lecker, aber kalt als Semmelauflage mit K\u00e4se dazu \u00fcberzeugte mich nicht. Als Zugabe in Nudeln ist selbst anbraten auch besser, wenn man, wie ich, dann die Nudeln im Topf mit dem angebratenen Speckfett macht, was zus\u00e4tzlich  Geschmack gibt.<\/p>\n<p>Einige Leute oder vielleicht auch einige L\u00e4nder (und keine Ahnung, wie es hier ist) sprechen &#8220;coop&#8221; ja als &#8220;kuup&#8221; aus, aber Coop kommt von Co-Operative, im britischen schreibt man auch &#8220;co-op&#8221;, also sag zumindest ich dazu &#8220;Ko-Op&#8221;. Coop-Superm\u00e4rkte gibts ja in der Schweiz oder Schweden, aber gab&#8217;s fr\u00fcher auch mal in Deutschland, z.B. geh\u00f6rte da auch &#8220;Plaza&#8221; dazu. In \u00d6sterreich blieb stattdessen der Coop-Vorg\u00e4ngername bestehen &#8211; wie in der DDR: Konsum. Mit einem sch\u00f6nen Firmenlogo. Aber gibt&#8217;s auch schon Jahrzehnte nicht mehr. Von Plaza oder deutschem Coop hab ich zwar keine Erinnerungsst\u00fccke daheim,  aber vom \u00f6sterreichischen Konsum hab ich einen Kassenzettel. Evtl. hab ich noch irgendein Teil mit einem Tengelmann-Preiskleber daheim. Weil wir gerade wieder einmal bei ehemaligen Superm\u00e4rkten sind .. (Solche klassischen Preiskleber sieht man ja auch fast nirgends mehr.)<\/p>\n<p><a href='http:\/\/extra.inmontanis.info\/d\/111763-2\/DSC09447.jpg'><img src=http:\/\/extra.inmontanis.info\/d\/111762-3\/DSC09447.jpg \/><\/a><br \/>\n^ Endlich mal wieder paar Tage Nudeln mit diversen Einlagen.<\/p>\n<p>Um 22 Uhr kam noch unversch\u00e4mterweise ein Wohnmobil und somit ein 4. \u00dcbernachtungsgast auf den Platz und l\u00e4rmte etwas rum in einer Sprache, die ich nicht verstand, womit der Parkplatz komplett mit Campern voll war und kein Patz mehr w\u00e4re f\u00fcr normale Parkplatzbesucher&#8230;<\/p>\n<p><strong>Mi, 10.7.2024<\/strong><\/p>\n<p>Diese Woche soll es in \u00d6sterreich bis zu 36\u00b0 geben? Na, da sind mir die regnerischen 10-13\u00b0 hier oben derzeit lieber ;)<\/p>\n<p>Wenigstens heut mal einige echte Schotten gesehen. Kurz\u00e4rmliges T-Shirt, keine Kopfbedeckung, keine Jacke, kein Schirm, bei ca. 10\u00b0 und Regen und gem\u00fctlich vom Bus am Parkplatz weggegangen, als w\u00fcrde es nicht regnen. Und ich hab heut bei 17\u00b0 im Auto teilweise am PC die Handschuhe angezogen ;) Weiter s\u00fcdlich, ohne Regen, vor ein paar Tagen, war ich \u00f6fters einer der wenigen mit kurz\u00e4rmligem Shirt. <\/p>\n<p>Der andere Busfahrer stand sogar drau\u00dfen und ging nicht in seinen Bus, als er telefonierte. Ob Telefone in Schottland wasserdichter sein m\u00fcssen? ;)<\/p>\n<p>Bin bei dem Wetter heute nur ein einziges Mal rausgegangen, um aufs Klo zu gehen, Pinkelkanister zu leeren und M\u00fcll weg zu schmeissen<\/p>\n<p>Weiter im Norden gibt&#8217;s nun kein Castle mehr, f\u00fcr das ich Rabatt bekome und das ich besuchen m\u00f6chte. Und ob ich heuer bei so vielen Burgen und Schl\u00f6sser noch andere besuchen m\u00f6chte, wo ich (Vollpreis) bezahlen m\u00fcsste, darf bezweifelt werden. D.h. in den n\u00e4chsten 5-10 Tagen werde ich wohl haupts\u00e4chlich wg. der Landschaft wieder einmal viel sinnlose Kilometer abspulen, was ich mir ja eigentlch auch abgew\u00f6hnen wollte.<\/p>\n<p>Jedenfalls mal vorgenommen, die Nordschottland-Route diesmal gegen den Uhrzeigersinn zu machen und nat\u00fcrlich wieder die eine oder andere Stra\u00dfe mit Umweg mitnehmen, die ich noch nicht gefahren bin, sofern es sich einem Blick auf Google Streetview nach lohnt.<\/p>\n<p>Um etwas frische und trockene und beheizte Luft reinzubekommen, fuhr ich nachmittags noch ein bisschen in Richtung des morgigen Ziels und zu einem anderen Parkplatz f\u00fcr die Nacht. <\/p>\n<p><a href='http:\/\/extra.inmontanis.info\/d\/111747-2\/DSC09450.jpg'><img src=http:\/\/extra.inmontanis.info\/d\/111746-3\/DSC09450.jpg \/><\/a><br \/>\n^ Heut fast ganztags Regen<\/p>\n","protected":false},"excerpt":{"rendered":"<p>Di, 9.7.2024<\/p>\n<p>13,8\u00b0 morgens im Auto, drau\u00dfen etwas nebelig, um 10 Uhr ging&#8217;s also zum Aussichtsturm nahe des gestrigen Castles rauf, genannt Prop of Ythsie.<\/p>\n<p>Die Aussicht bestand lediglich aus vielen gr\u00fcnen Feldern und H\u00fcgeln, mit Tarves als n\u00e4chsten und gr\u00f6\u00dften Ort und ein paar Bergen im Hintergrund.<\/p>\n<p>Interessant am Turm: &#8211; die innere, runde, <a href=\"http:\/\/blog.inmontanis.info\/?p=10053\">[&#8230;]<\/a><\/p>\n","protected":false},"author":1,"featured_media":10055,"comment_status":"closed","ping_status":"closed","sticky":false,"template":"","format":"standard","meta":{"footnotes":""},"categories":[912,21,932,30],"tags":[55,48],"class_list":["post-10053","post","type-post","status-publish","format-standard","has-post-thumbnail","hentry","category-2023-09-2024-xx-skandinavien","category-britain","category-lecht","category-wandern","tag-3sb","tag-kssl","odd"],"_links":{"self":[{"href":"http:\/\/blog.inmontanis.info\/index.php?rest_route=\/wp\/v2\/posts\/10053","targetHints":{"allow":["GET"]}}],"collection":[{"href":"http:\/\/blog.inmontanis.info\/index.php?rest_route=\/wp\/v2\/posts"}],"about":[{"href":"http:\/\/blog.inmontanis.info\/index.php?rest_route=\/wp\/v2\/types\/post"}],"author":[{"embeddable":true,"href":"http:\/\/blog.inmontanis.info\/index.php?rest_route=\/wp\/v2\/users\/1"}],"replies":[{"embeddable":true,"href":"http:\/\/blog.inmontanis.info\/index.php?rest_route=%2Fwp%2Fv2%2Fcomments&post=10053"}],"version-history":[{"count":3,"href":"http:\/\/blog.inmontanis.info\/index.php?rest_route=\/wp\/v2\/posts\/10053\/revisions"}],"predecessor-version":[{"id":10061,"href":"http:\/\/blog.inmontanis.info\/index.php?rest_route=\/wp\/v2\/posts\/10053\/revisions\/10061"}],"wp:featuredmedia":[{"embeddable":true,"href":"http:\/\/blog.inmontanis.info\/index.php?rest_route=\/wp\/v2\/media\/10055"}],"wp:attachment":[{"href":"http:\/\/blog.inmontanis.info\/index.php?rest_route=%2Fwp%2Fv2%2Fmedia&parent=10053"}],"wp:term":[{"taxonomy":"category","embeddable":true,"href":"http:\/\/blog.inmontanis.info\/index.php?rest_route=%2Fwp%2Fv2%2Fcategories&post=10053"},{"taxonomy":"post_tag","embeddable":true,"href":"http:\/\/blog.inmontanis.info\/index.php?rest_route=%2Fwp%2Fv2%2Ftags&post=10053"}],"curies":[{"name":"wp","href":"https:\/\/api.w.org\/{rel}","templated":true}]}}