{"id":10047,"date":"2024-07-08T21:04:08","date_gmt":"2024-07-08T19:04:08","guid":{"rendered":"http:\/\/blog.inmontanis.info\/?p=10047"},"modified":"2024-07-15T21:14:33","modified_gmt":"2024-07-15T19:14:33","slug":"tolquohon-castle-8-7-2024","status":"publish","type":"post","link":"http:\/\/blog.inmontanis.info\/?p=10047","title":{"rendered":"Tolquhon Castle, 8.7.2024"},"content":{"rendered":"<p><strong>Mo, 8.7.2024<\/strong><\/p>\n<p>Vormittags war es noch trocken, aber nachmittags soll&#8217;s auch im heute zu besuchenden Castle mehr regnen. Da ich noch 1h fahren w\u00fcrde, an einem Supermarkt halten wolte und es ja eh von 12-13h geschlossen h\u00e4tte, musste ich es aber ja nachmiittags besuchen.<\/p>\n<p>Die Einkaufsw\u00e4gen in den Superm\u00e4rkten im UK sind ja h\u00e4ufig elektronisch gegen Mitf\u00fchren aus dem Areal gesichert, mein Wagen aber blockierte beim Einfahren in den Supermarkt und piepte, bescheuert :) Die Frau an der Info kam und entriegelte es, das Gelumpe lie\u00df sich trotzdem nur mit  gro\u00dfem Kraftaufwand fahren.<\/p>\n<p>Die Qual der Wahl des Abendessens, wollte mal wieder Penne mit So\u00dfe und Einlage machen, um weniger M\u00fcll zu haben als bei den Fertiggerichten. Leider gab&#8217;s ausgerechnet hier weder Frikadellen, noch Fleischb\u00e4llchen, noch vorgebratenen Speck, wie bisher h\u00e4ufig gesehen. Also nahm ich panierte H\u00fchnchenst\u00fccke und eine Tomaten-Mascarpone-So\u00dfe dazu. Die kann man laut Etikett ge\u00f6ffnet 2 Wochen verwenden, eine Korma\/Butter-Chicken-So\u00dfe (ebenfalls im Glas) sollte man lt. Etikett &#8220;sofort&#8221; verwenden. Tja, dann kauf ich die halt nicht, da seid ihr selbst Schuld, wenn ihr den Bl\u00f6dsinn drauf schreibt. Als ob die nicht 3-4 Tage im K\u00fchlschrank haltbar w\u00e4re&#8230; <\/p>\n<p>Vor 12:30 kam ich am Castleparkplatz an, zwischen dem Regen schien mal die Sonne und das Einkaufen verlief trocken, so hatte ich noch Zeit, online nach dem heutigen Nachtplatz zu schauen. Und evtl. was ich morgen machen wollte, falls ich erst am Mittwoch das eine Castle bei Lecht anschauen m\u00f6chte, um am DO evtl. doch das Automata-Museum zu besuchen. Leider wird ausgerechnet f\u00fcr Mittwoch wieder sehr starker Regen gemeldet (35mm lt. den Norwegern).<\/p>\n<p>&#128681; Gespeicherte Geolocation &#8211; Karte anzeigen: <a href='https:\/\/www.google.com\/maps\/@?api=1&#038;map_action=map&#038;center=57.3495967,-2.2139233&#038;zoom=12&#038;basemap=terrain' target=_blank> GoogleMaps<\/a> &#128681; <a href='https:\/\/www.openstreetmap.org\/?&#038;mlat=57.3495967&#038;mlon=-2.2139233#map=10\/57.3495967\/-2.2139233&#038;layers=P' target=_blank> OSM &#128681;<\/a><\/p>\n<p>Schade, dass das Tolquhon-Castle nicht auch morgen offen h\u00e4tte, da w\u00e4r trocken gemeldet. Ich bllieb nach 13 Uhr noch im Auto und hoffte auf eine Regenpause, ging aber dann doch um 13:30 ohne Rucksack, aber mit Schirm, zum Castle und zahlte die 3,75 (50% rabattierten) Eintritt. Leider gab es doch weniger geschlossene R\u00e4ume als gedacht, dazu auch recht wenig Infotafeln, daf\u00fcr wenigstens viele Treppen und Ecken. aber in einer Stunde war ich durch. Da es dann zum Regnen aufh\u00f6rte, bin ich halt nochmals alles abgegangen. <\/p>\n<p><a href='http:\/\/extra.inmontanis.info\/d\/111471-2\/DSC09277.jpg'><img src=http:\/\/extra.inmontanis.info\/d\/111469-3\/DSC09277.jpg \/><\/a><br \/>\n^ Infotafel<\/p>\n<p><a href='http:\/\/extra.inmontanis.info\/d\/111475-2\/DSC09282.jpg'><img src=http:\/\/extra.inmontanis.info\/d\/111474-3\/DSC09282.jpg \/><\/a><br \/>\n^ Die gr\u00f6\u00dfte Treppe im Castle<\/p>\n<p><a href='http:\/\/extra.inmontanis.info\/d\/111479-2\/DSC09283.jpg'><img src=http:\/\/extra.inmontanis.info\/d\/111478-3\/DSC09283.jpg \/><\/a><br \/>\n^ Weitere Treppe<\/p>\n<p><a href='http:\/\/extra.inmontanis.info\/d\/111483-2\/DSC09284.jpg'><img src=http:\/\/extra.inmontanis.info\/d\/111482-3\/DSC09284.jpg \/><\/a><br \/>\n^ Der Regen \u00fcberschwemmte einige B\u00f6den<\/p>\n<p><a href='http:\/\/extra.inmontanis.info\/d\/111487-2\/DSC09286.jpg'><img src=http:\/\/extra.inmontanis.info\/d\/111486-3\/DSC09286.jpg \/><\/a><br \/>\n^ Der Regen \u00fcberschwemmte einige B\u00f6den<\/p>\n<p><a href='http:\/\/extra.inmontanis.info\/d\/111491-2\/DSC09290.jpg'><img src=http:\/\/extra.inmontanis.info\/d\/111490-3\/DSC09290.jpg \/><\/a><br \/>\n^ <\/p>\n<p><a href='http:\/\/extra.inmontanis.info\/d\/111495-2\/DSC09292.jpg'><img src=http:\/\/extra.inmontanis.info\/d\/111494-3\/DSC09292.jpg \/><\/a><br \/>\n^ Eingemauerter Vor-Bereich<\/p>\n<p><a href='http:\/\/extra.inmontanis.info\/d\/111499-2\/DSC09294.jpg'><img src=http:\/\/extra.inmontanis.info\/d\/111498-3\/DSC09294.jpg \/><\/a><br \/>\n^ <\/p>\n<p><a href='http:\/\/extra.inmontanis.info\/d\/111503-2\/DSC09295.jpg'><img src=http:\/\/extra.inmontanis.info\/d\/111502-3\/DSC09295.jpg \/><\/a><br \/>\n^ Man beachte auch mal wieder den eckigen Dach-Raum oberhalb des runden Turms in der Mitte<\/p>\n<p><a href='http:\/\/extra.inmontanis.info\/d\/111507-2\/DSC09296.jpg'><img src=http:\/\/extra.inmontanis.info\/d\/111506-3\/DSC09296.jpg \/><\/a><br \/>\n^ Eine weitere Treppe<\/p>\n<p><a href='http:\/\/extra.inmontanis.info\/d\/111511-2\/DSC09297.jpg'><img src=http:\/\/extra.inmontanis.info\/d\/111510-3\/DSC09297.jpg \/><\/a><br \/>\n^ Noch eine Treppe<\/p>\n<p><a href='http:\/\/extra.inmontanis.info\/d\/111515-2\/DSC09298.jpg'><img src=http:\/\/extra.inmontanis.info\/d\/111514-3\/DSC09298.jpg \/><\/a><br \/>\n^ Wie es hier mal ausgesehen haben k\u00f6nnte<\/p>\n<p><a href='http:\/\/extra.inmontanis.info\/d\/111519-2\/DSC09309.jpg'><img src=http:\/\/extra.inmontanis.info\/d\/111518-3\/DSC09309.jpg \/><\/a><br \/>\n^ <\/p>\n<p><a href='http:\/\/extra.inmontanis.info\/d\/111523-2\/DSC09314.jpg'><img src=http:\/\/extra.inmontanis.info\/d\/111522-3\/DSC09314.jpg \/><\/a><br \/>\n^ Links im Boden befindet sich der Zugang zur Gef\u00e4ngniszelle<\/p>\n<p><a href='http:\/\/extra.inmontanis.info\/d\/111527-2\/DSC09366.jpg'><img src=http:\/\/extra.inmontanis.info\/d\/111526-3\/DSC09366.jpg \/><\/a><br \/>\n^ Gef\u00e4ngniszelle. Die liegt direkt hinter der Backstube, also sch\u00f6n warm. Oder zu warm, je nachdem.<\/p>\n<p><a href='http:\/\/extra.inmontanis.info\/d\/111531-2\/DSC09320.jpg'><img src=http:\/\/extra.inmontanis.info\/d\/111530-3\/DSC09320.jpg \/><\/a><br \/>\n^ <\/p>\n<p><a href='http:\/\/extra.inmontanis.info\/d\/111535-2\/DSC09322.jpg'><img src=http:\/\/extra.inmontanis.info\/d\/111534-3\/DSC09322.jpg \/><\/a><br \/>\n^ <\/p>\n<p><a href='http:\/\/extra.inmontanis.info\/d\/111539-2\/DSC09323.jpg'><img src=http:\/\/extra.inmontanis.info\/d\/111538-3\/DSC09323.jpg \/><\/a><br \/>\n^ <\/p>\n<p><a href='http:\/\/extra.inmontanis.info\/d\/111543-2\/DSC09324.jpg'><img src=http:\/\/extra.inmontanis.info\/d\/111542-3\/DSC09324.jpg \/><\/a><br \/>\n^ Der eckige Raum auf dem runden Turm<\/p>\n<p><a href='http:\/\/extra.inmontanis.info\/d\/111547-2\/DSC09328.jpg'><img src=http:\/\/extra.inmontanis.info\/d\/111546-3\/DSC09328.jpg \/><\/a><br \/>\n^ Einer von  zwei ungew\u00f6hnlichen Steinen in der Decke<\/p>\n<p><a href='http:\/\/extra.inmontanis.info\/d\/111551-2\/DSC09331.jpg'><img src=http:\/\/extra.inmontanis.info\/d\/111550-3\/DSC09331.jpg \/><\/a><br \/>\n^ .. der zweite<\/p>\n<p><a href='http:\/\/extra.inmontanis.info\/d\/111555-2\/DSC09330.jpg'><img src=http:\/\/extra.inmontanis.info\/d\/111554-3\/DSC09330.jpg \/><\/a><br \/>\n^ <\/p>\n<p><a href='http:\/\/extra.inmontanis.info\/d\/111559-2\/DSC09325.jpg'><img src=http:\/\/extra.inmontanis.info\/d\/111558-3\/DSC09325.jpg \/><\/a><br \/>\n^ Die Schie\u00dfscharten in der Mauer sollen eher Zierde gewesen sein als  f\u00fcr einen Angriff vorgesehen sein<\/p>\n<p><a href='http:\/\/extra.inmontanis.info\/d\/111563-2\/DSC09336.jpg'><img src=http:\/\/extra.inmontanis.info\/d\/111562-3\/DSC09336.jpg \/><\/a><br \/>\n^ Schie\u00dfscharte<\/p>\n<p><a href='http:\/\/extra.inmontanis.info\/d\/111567-2\/DSC09338.jpg'><img src=http:\/\/extra.inmontanis.info\/d\/111566-3\/DSC09338.jpg \/><\/a><br \/>\n^ <\/p>\n<p><a href='http:\/\/extra.inmontanis.info\/d\/111571-2\/DSC09337.jpg'><img src=http:\/\/extra.inmontanis.info\/d\/111570-3\/DSC09337.jpg \/><\/a><br \/>\n^ Rechts die kleine Treppe f\u00fchrt zu dem kleinen, eckigen Raum oberhalb des runden Turms<\/p>\n<p><a href='http:\/\/extra.inmontanis.info\/d\/111575-2\/DSC09339.jpg'><img src=http:\/\/extra.inmontanis.info\/d\/111574-3\/DSC09339.jpg \/><\/a><br \/>\n^ .. und in diesem Raum<\/p>\n<p><a href='http:\/\/extra.inmontanis.info\/d\/111579-2\/DSC09343.jpg'><img src=http:\/\/extra.inmontanis.info\/d\/111578-3\/DSC09343.jpg \/><\/a><br \/>\n^ Pano<\/p>\n<p><a href='http:\/\/extra.inmontanis.info\/d\/111583-2\/DSC09345.jpg'><img src=http:\/\/extra.inmontanis.info\/d\/111582-3\/DSC09345.jpg \/><\/a><br \/>\n^ <\/p>\n<p><a href='http:\/\/extra.inmontanis.info\/d\/111587-2\/DSC09355.jpg'><img src=http:\/\/extra.inmontanis.info\/d\/111586-3\/DSC09355.jpg \/><\/a><br \/>\n^ Einkerbungen Fensterglas usw.<\/p>\n<p><a href='http:\/\/extra.inmontanis.info\/d\/111591-2\/DSC09359.jpg'><img src=http:\/\/extra.inmontanis.info\/d\/111590-3\/DSC09359.jpg \/><\/a><br \/>\n^ <\/p>\n<p><a href='http:\/\/extra.inmontanis.info\/d\/111595-2\/DSC09360.jpg'><img src=http:\/\/extra.inmontanis.info\/d\/111594-3\/DSC09360.jpg \/><\/a><br \/>\n^ <\/p>\n<p><a href='http:\/\/extra.inmontanis.info\/d\/111599-2\/DSC09361.jpg'><img src=http:\/\/extra.inmontanis.info\/d\/111598-3\/DSC09361.jpg \/><\/a><br \/>\n^ <\/p>\n<p><a href='http:\/\/extra.inmontanis.info\/d\/111603-2\/DSC09364.jpg'><img src=http:\/\/extra.inmontanis.info\/d\/111602-3\/DSC09364.jpg \/><\/a><br \/>\n^ Am Zugang zur K\u00fcche stand das Wasser leider immer noch zu tief<\/p>\n<p><a href='http:\/\/extra.inmontanis.info\/d\/111607-2\/DSC09365.jpg'><img src=http:\/\/extra.inmontanis.info\/d\/111606-3\/DSC09365.jpg \/><\/a><br \/>\n^ .. daher die K\u00fcche nur von Au\u00dfen fotografiert. Im Eck g\u00e4be es ja eine Treppe nach oben, die aber leider versperrt ist, sonst h\u00e4tte man von oben runter k\u00f6nnen<\/p>\n<p><a href='http:\/\/extra.inmontanis.info\/d\/111611-2\/DSC09371.jpg'><img src=http:\/\/extra.inmontanis.info\/d\/111610-3\/DSC09371.jpg \/><\/a><br \/>\n^ Innere Au\u00dfenmauer am Eingang, also vor der \u00e4u\u00dfersten Mauer<\/p>\n<p><a href='http:\/\/extra.inmontanis.info\/d\/111615-2\/DSC09368.jpg'><img src=http:\/\/extra.inmontanis.info\/d\/111614-3\/DSC09368.jpg \/><\/a><br \/>\n^ <\/p>\n<p><a href='http:\/\/extra.inmontanis.info\/d\/111619-2\/DSC09369.jpg'><img src=http:\/\/extra.inmontanis.info\/d\/111618-3\/DSC09369.jpg \/><\/a><br \/>\n^ An der Au\u00dfenmauer gab es 12 solche Nischen f\u00fcr Bienenst\u00f6cke<\/p>\n<p>Auf dem Weg zuvor kam ich in der N\u00e4he an einem Aussichtsturm vorbei, den man gratis besteigen k\u00f6nnen soll, am Parkplatz unten k\u00f6nnte man zudem \u00fcbernachten, also w\u00e4r der Turm etwas f\u00fcr morgen. Am Parkplatz flogen hunderte Mistfliegen ums Auto, dass man lieber nicht rausgehen wollte &#8211; will ich ja jetzt eh nicht, aber morgen Mittag. Leider war der Parkplatz mal wieder nicht in meine Lieblingsrichtung geneigt, paar Minuten sp\u00e4ter kam eim Wohnmobil, somit ich mich nicht mehr umstellen konnte, z.B. auf einen schattigeren Platz, denn es wurde wieder sonniger.<\/p>\n<p>Die Sonne brannte aufs Auto, windstill hier und da musste ich auch noch kochen &#8211; da freut man sich auf den Regentag \u00fcbermorgen. <\/p>\n<p>Mindestens 2 Eulen nervten die Nacht hier in direkter N\u00e4he. Die ersten Gassigeher am n\u00e4chsten Morgen kamen schon vor 6 Uhr.<\/p>\n","protected":false},"excerpt":{"rendered":"<p>Mo, 8.7.2024<\/p>\n<p>Vormittags war es noch trocken, aber nachmittags soll&#8217;s auch im heute zu besuchenden Castle mehr regnen. Da ich noch 1h fahren w\u00fcrde, an einem Supermarkt halten wolte und es ja eh von 12-13h geschlossen h\u00e4tte, musste ich es aber ja nachmiittags besuchen.<\/p>\n<p>Die Einkaufsw\u00e4gen in den Superm\u00e4rkten im UK sind ja h\u00e4ufig elektronisch <a href=\"http:\/\/blog.inmontanis.info\/?p=10047\">[&#8230;]<\/a><\/p>\n","protected":false},"author":1,"featured_media":10050,"comment_status":"closed","ping_status":"closed","sticky":false,"template":"","format":"standard","meta":{"footnotes":""},"categories":[912,21,32],"tags":[36],"class_list":["post-10047","post","type-post","status-publish","format-standard","has-post-thumbnail","hentry","category-2023-09-2024-xx-skandinavien","category-britain","category-lostplaces","tag-castle","odd"],"_links":{"self":[{"href":"http:\/\/blog.inmontanis.info\/index.php?rest_route=\/wp\/v2\/posts\/10047","targetHints":{"allow":["GET"]}}],"collection":[{"href":"http:\/\/blog.inmontanis.info\/index.php?rest_route=\/wp\/v2\/posts"}],"about":[{"href":"http:\/\/blog.inmontanis.info\/index.php?rest_route=\/wp\/v2\/types\/post"}],"author":[{"embeddable":true,"href":"http:\/\/blog.inmontanis.info\/index.php?rest_route=\/wp\/v2\/users\/1"}],"replies":[{"embeddable":true,"href":"http:\/\/blog.inmontanis.info\/index.php?rest_route=%2Fwp%2Fv2%2Fcomments&post=10047"}],"version-history":[{"count":3,"href":"http:\/\/blog.inmontanis.info\/index.php?rest_route=\/wp\/v2\/posts\/10047\/revisions"}],"predecessor-version":[{"id":10052,"href":"http:\/\/blog.inmontanis.info\/index.php?rest_route=\/wp\/v2\/posts\/10047\/revisions\/10052"}],"wp:featuredmedia":[{"embeddable":true,"href":"http:\/\/blog.inmontanis.info\/index.php?rest_route=\/wp\/v2\/media\/10050"}],"wp:attachment":[{"href":"http:\/\/blog.inmontanis.info\/index.php?rest_route=%2Fwp%2Fv2%2Fmedia&parent=10047"}],"wp:term":[{"taxonomy":"category","embeddable":true,"href":"http:\/\/blog.inmontanis.info\/index.php?rest_route=%2Fwp%2Fv2%2Fcategories&post=10047"},{"taxonomy":"post_tag","embeddable":true,"href":"http:\/\/blog.inmontanis.info\/index.php?rest_route=%2Fwp%2Fv2%2Ftags&post=10047"}],"curies":[{"name":"wp","href":"https:\/\/api.w.org\/{rel}","templated":true}]}}