{"id":10042,"date":"2024-07-07T19:40:16","date_gmt":"2024-07-07T17:40:16","guid":{"rendered":"http:\/\/blog.inmontanis.info\/?p=10042"},"modified":"2024-07-14T20:03:46","modified_gmt":"2024-07-14T18:03:46","slug":"duff-house-banff-7-7-2024-geile-rosetten","status":"publish","type":"post","link":"http:\/\/blog.inmontanis.info\/?p=10042","title":{"rendered":"Duff-House (Banff), 7.7.2024 &#8211; geile Rosetten"},"content":{"rendered":"<p><strong>So, 7.7.2024<\/strong><\/p>\n<p>Trotz der d\u00fcnnen Fleecedecke und unten geschlossenem Schlafsack, waren die F\u00fc\u00dfe die ganze Nacht lang kalt. Innenminimumtemp. 12,7\u00b0, d.h. drau\u00dfen einstellig. Auch tags\u00fcber soll&#8217;s auf dem Berg heut unter 10\u00b0 bleiben.<\/p>\n<p>Bei Sonne und Wanderung  w\u00e4r das nat\u00fcrlich unproblematisch. Aber ich kann mich nicht so ganz damit anfreunden, 4,- \u00a3 zu zahlen, damit ich am Pass parken darf, um dann auch noch den Berg zu Fu\u00df raufgehen zu m\u00fcssen, zumal ich hier ja eigentlich eh irgendwann endlich mal im Winter Skifahren m\u00f6chte &#8230;<\/p>\n<p>.. um das Geld k\u00f6nnte man sich auch noch ein Castle auf dem Weg ansehen ;) Wenn ich momentan schon die 50% Erm\u00e4\u00dfigung bekomm.. .\u00d6ffnungszeiten 10-1630, aber von 12-13 soll mittags geschlossen sein &#8211; dann lieber erst um 1300 dort sein, falls man l\u00e4nger brauchen sollte.<\/p>\n<p>Oh Mist, das, was ich f\u00fcr DI oder MI geplant h\u00e4tte, f\u00e4llt aus, weil nur DO-SO offen :( Damit hab ich nun aber ca. 2 Tage zu wenig bis das Automata-Museum am DO wieder ge\u00f6ffnet h\u00e4tte.. <\/p>\n<p>Ich entschied mich heute daher f\u00fcr den Umweg nach Norden nach Banff zum Duff-House, das MO\/DI\/MI zu h\u00e4tte und das mir den Bildern nach sehr vielversprechend aussah. <\/p>\n<p><a href='http:\/\/extra.inmontanis.info\/d\/111200-2\/DSC09099.jpg'><img src=http:\/\/extra.inmontanis.info\/d\/111199-3\/DSC09099.jpg \/><\/a><br \/>\n^ R\u00fcckblick<\/p>\n<p><a href='http:\/\/extra.inmontanis.info\/d\/111204-2\/DSC09107.jpg'><img src=http:\/\/extra.inmontanis.info\/d\/111203-3\/DSC09107.jpg \/><\/a><br \/>\n^ Weiterer Stra\u00dfenverlauf zur K\u00fcste<\/p>\n<p>Um 12:30 kam ich am Parkplatz an, wobei ja von 12-13 Mittagspause ist.<\/p>\n<p>&#128681; Gespeicherte Geolocation &#8211; Karte anzeigen: <a href='https:\/\/www.google.com\/maps\/@?api=1&#038;map_action=map&#038;center=57.6585167,-2.5227883&#038;zoom=12&#038;basemap=terrain' target=_blank> GoogleMaps<\/a> &#128681; <a href='https:\/\/www.openstreetmap.org\/?&#038;mlat=57.6585167&#038;mlon=-2.5227883#map=10\/57.6585167\/-2.5227883&#038;layers=P' target=_blank> OSM &#128681;<\/a><\/p>\n<p>Der rabattierte Eintritt kostet  5,- \u00a3 und es gab einen 10-min\u00fctigen Film zur Einf\u00fchrung.<\/p>\n<p>Auch hier wieder viele sch\u00f6ne Zimmer, aber zum Schluss etwas entt\u00e4uschend, da oben die &#8220;Long Gallery&#8221; abgesperrt war, wobei ich auch nicht wei\u00df, was man da sonst sehen konnte. Und man auch keine der 4 in den Ecken befindlichen Wendeltreppen sehen oder gehen durfte. War trotzdem interessanter als die Wanderung ins hintere Skigebiet von Glenshee. <\/p>\n<p>Viele werden hier wohl in ca. 1 Stunde durch sein, ich hab mir 2,5h Zeit gelassen, weil ich im Gegensatz zu den meisten anderen die Tafeln fast alle komplett lese. Wobei ich die Erkl\u00e4rungen zu den einzelnen Gem\u00e4lden zumeist ausgelassen hab.<\/p>\n<p><a href='http:\/\/extra.inmontanis.info\/d\/111210-2\/DSC09110.jpg'><img src=http:\/\/extra.inmontanis.info\/d\/111208-3\/DSC09110.jpg \/><\/a><br \/>\n^ Duff House am Rande von Banff<\/p>\n<p><a href='http:\/\/extra.inmontanis.info\/d\/111214-2\/DSC09112.jpg'><img src=http:\/\/extra.inmontanis.info\/d\/111213-3\/DSC09112.jpg \/><\/a><br \/>\n^ andere Seite (man beachte auch das noch \u00e4ltere Fundament rechts unten, das glaub ich nicht weiter erkl\u00e4rt wurde)<\/p>\n<p><a href='http:\/\/extra.inmontanis.info\/d\/111218-2\/DSC09114.jpg'><img src=http:\/\/extra.inmontanis.info\/d\/111217-3\/DSC09114.jpg \/><\/a><br \/>\n^ Noch eine weitere Seite<\/p>\n<p><a href='http:\/\/extra.inmontanis.info\/d\/111222-2\/DSC09117.jpg'><img src=http:\/\/extra.inmontanis.info\/d\/111221-3\/DSC09117.jpg \/><\/a><br \/>\n^ Fliesen im WC mit ungew\u00f6hnlich niedriger Bord\u00fcre und interessant um 45\u00b0 gedrehte Fliesen <\/p>\n<p><a href='http:\/\/extra.inmontanis.info\/d\/111226-2\/DSC09119.jpg'><img src=http:\/\/extra.inmontanis.info\/d\/111225-3\/DSC09119.jpg \/><\/a><br \/>\n^ Es gibt einige gro\u00dfe Gem\u00e4lde und andere Ausstellungsst\u00fccke, die nichts mit dem urspr\u00fcnglichen Haus zu tun haben &#8211; einfach nur, damit es nicht so leer ist &#8211; und weil hier ein passender Platz war. In gewisser Weise ist das hier also eine Mischung aus Museum und altem Haus.<\/p>\n<p><a href='http:\/\/extra.inmontanis.info\/d\/111230-2\/DSC09120.jpg'><img src=http:\/\/extra.inmontanis.info\/d\/111229-3\/DSC09120.jpg \/><\/a><br \/>\n^ Die goldene T\u00fcrrahmenverzierung macht mich schon wieder wuschig ;)<\/p>\n<p><a href='http:\/\/extra.inmontanis.info\/d\/111234-2\/DSC09121.jpg'><img src=http:\/\/extra.inmontanis.info\/d\/111233-3\/DSC09121.jpg \/><\/a><br \/>\n^ .. und die Decke auch<\/p>\n<p><a href='http:\/\/extra.inmontanis.info\/d\/111238-2\/DSC09122.jpg'><img src=http:\/\/extra.inmontanis.info\/d\/111237-3\/DSC09122.jpg \/><\/a><br \/>\n^ In jedem Raum gibt es laminierte Zettel, die auf der einen Seite etwas zum Raum erkl\u00e4ren und auf der anderen Seite einige Ausstellungsst\u00fccke erl\u00e4utern<\/p>\n<p><a href='http:\/\/extra.inmontanis.info\/d\/111242-2\/DSC09123.jpg'><img src=http:\/\/extra.inmontanis.info\/d\/111241-3\/DSC09123.jpg \/><\/a><br \/>\n^ Bett<\/p>\n<p><a href='http:\/\/extra.inmontanis.info\/d\/111246-2\/DSC09131.jpg'><img src=http:\/\/extra.inmontanis.info\/d\/111245-3\/DSC09131.jpg \/><\/a><br \/>\n^ Kamin, Spiegel, Gold<\/p>\n<p><a href='http:\/\/extra.inmontanis.info\/d\/111250-2\/DSC09132.jpg'><img src=http:\/\/extra.inmontanis.info\/d\/111249-3\/DSC09132.jpg \/><\/a><br \/>\n^ Sch\u00f6ne T\u00fcrrahmenverzierung<\/p>\n<p><a href='http:\/\/extra.inmontanis.info\/d\/111254-2\/DSC09133.jpg'><img src=http:\/\/extra.inmontanis.info\/d\/111253-3\/DSC09133.jpg \/><\/a><br \/>\n^ In den kleineren Eckr\u00e4umen gibt es Ausstellungsst\u00fccke weiterer Sammlungen zu sehen<\/p>\n<p><a href='http:\/\/extra.inmontanis.info\/d\/111258-2\/DSC09134.jpg'><img src=http:\/\/extra.inmontanis.info\/d\/111257-3\/DSC09134.jpg \/><\/a><br \/>\n^ .. mit diversen Gegenst\u00e4nden<\/p>\n<p><a href='http:\/\/extra.inmontanis.info\/d\/111262-2\/DSC09135.jpg'><img src=http:\/\/extra.inmontanis.info\/d\/111261-3\/DSC09135.jpg \/><\/a><br \/>\n^ Interessant fand ich hier 2 Papierf\u00e4cher, die aus dem 18. Jahrhundert kommen. Solche Sachen werden ja vermutlich im Laufe der Jahre h\u00e4ufiger weggeschmissen als Vasen oder Porzellan, insofern erstaunlich, dass die noch existieren.<\/p>\n<p><a href='http:\/\/extra.inmontanis.info\/d\/111266-2\/DSC09138.jpg'><img src=http:\/\/extra.inmontanis.info\/d\/111265-3\/DSC09138.jpg \/><\/a><br \/>\n^ Der gro\u00dfe Treppenaufgang f\u00fchrt vom 1. in den 2. Stock<\/p>\n<p><a href='http:\/\/extra.inmontanis.info\/d\/111270-2\/DSC09139.jpg'><img src=http:\/\/extra.inmontanis.info\/d\/111269-3\/DSC09139.jpg \/><\/a><br \/>\n^ .. darunter einige andere Ausstellungsst\u00fccke<\/p>\n<p><a href='http:\/\/extra.inmontanis.info\/d\/111274-2\/DSC09192.jpg'><img src=http:\/\/extra.inmontanis.info\/d\/111273-3\/DSC09192.jpg \/><\/a><br \/>\n^ Der rote Sockel soll aus dem 2. Jhdt. stammen, vmtl. von einem r\u00f6mischen Badhaus und sollen nur noch ganz wenige St\u00fcck weltweit existieren<\/p>\n<p><a href='http:\/\/extra.inmontanis.info\/d\/111278-2\/DSC09142.jpg'><img src=http:\/\/extra.inmontanis.info\/d\/111277-3\/DSC09142.jpg \/><\/a><br \/>\n^ Auch wieder eine sch\u00f6ne Decke<\/p>\n<p><a href='http:\/\/extra.inmontanis.info\/d\/111282-2\/DSC09144.jpg'><img src=http:\/\/extra.inmontanis.info\/d\/111281-3\/DSC09144.jpg \/><\/a><br \/>\n^ Golden gerahmte Bilder kommen auf einer bl\u00e4ulicher Tapete besser raus als bei den sonst wei\u00dfen\/hellen W\u00e4nden. Sch\u00f6n auch wieder die Kaminverzierungen, die ich nicht n\u00e4her fotografiert hatte.<\/p>\n<p><a href='http:\/\/extra.inmontanis.info\/d\/111286-2\/DSC09146.jpg'><img src=http:\/\/extra.inmontanis.info\/d\/111285-3\/DSC09146.jpg \/><\/a><br \/>\n^ Weitere Ausstellungsst\u00fccke<\/p>\n<p><a href='http:\/\/extra.inmontanis.info\/d\/111290-2\/DSC09147.jpg'><img src=http:\/\/extra.inmontanis.info\/d\/111289-3\/DSC09147.jpg \/><\/a><br \/>\n^ Interessanter kleiner Tisch mit einer gr\u00fcnen Marmorplatte, in der ein Bild eingearbeitet ist<\/p>\n<p><a href='http:\/\/extra.inmontanis.info\/d\/111294-2\/DSC09148.jpg'><img src=http:\/\/extra.inmontanis.info\/d\/111293-3\/DSC09148.jpg \/><\/a><br \/>\n^ .. das Bild wirkt im Himmel ja wie ein Mosaik aus kleinen Steinchen, schwer zu sagen, ob das nur so gemalt ist oder nicht<\/p>\n<p><a href='http:\/\/extra.inmontanis.info\/d\/111298-2\/DSC09149.jpg'><img src=http:\/\/extra.inmontanis.info\/d\/111297-3\/DSC09149.jpg \/><\/a><br \/>\n^ Die Eckr\u00e4ume waren niedriger und hatten eine noch niedrigere Kammer jeweils dar\u00fcber, die mit in den Ecken befindlichen Wendeltreppen erreicht werden konnten &#8211; die T\u00fcr rechts w\u00fcrde da rauf gehen. Leider waren die allesamt geschlossen, so dass man nicht einmal  wenigstens eine Treppe \/ Kammer sehen konnte<\/p>\n<p><a href='http:\/\/extra.inmontanis.info\/d\/111302-2\/DSC09151.jpg'><img src=http:\/\/extra.inmontanis.info\/d\/111301-3\/DSC09151.jpg \/><\/a><br \/>\n^ Speisesaal, ich w\u00fcsste mich da nicht zu benehmen.<\/p>\n<p><a href='http:\/\/extra.inmontanis.info\/d\/111306-2\/DSC09152.jpg'><img src=http:\/\/extra.inmontanis.info\/d\/111305-3\/DSC09152.jpg \/><\/a><br \/>\n^ Ein ordentlicher Kronleuchter braucht nat\u00fcrlich auch eine sch\u00f6ne Deckenrosette ;)<\/p>\n<p><a href='http:\/\/extra.inmontanis.info\/d\/111310-2\/DSC09155.jpg'><img src=http:\/\/extra.inmontanis.info\/d\/111309-3\/DSC09155.jpg \/><\/a><br \/>\n^ Die T\u00fcrscharniere sind hier aus Ketten?? Vielleicht wg. Alarm oder Feuerschutz<\/p>\n<p><a href='http:\/\/extra.inmontanis.info\/d\/111314-2\/DSC09158.jpg'><img src=http:\/\/extra.inmontanis.info\/d\/111313-3\/DSC09158.jpg \/><\/a><br \/>\n^ Prozellan&#8230;frosch?, die K\u00fcgelchen\/Noppen k\u00f6nnten einzeln aufgebracht worden sein<\/p>\n<p><a href='http:\/\/extra.inmontanis.info\/d\/111318-2\/DSC09159.jpg'><img src=http:\/\/extra.inmontanis.info\/d\/111317-3\/DSC09159.jpg \/><\/a><br \/>\n^ Green Room ;) Mit verschiedenen Bilderrahmen<\/p>\n<p><a href='http:\/\/extra.inmontanis.info\/d\/111322-2\/DSC09164.jpg'><img src=http:\/\/extra.inmontanis.info\/d\/111321-3\/DSC09164.jpg \/><\/a><br \/>\n^ Wieder ein sch\u00f6n verzierter Kamin<\/p>\n<p><a href='http:\/\/extra.inmontanis.info\/d\/111326-2\/DSC09166.jpg'><img src=http:\/\/extra.inmontanis.info\/d\/111325-3\/DSC09166.jpg \/><\/a><br \/>\n^ .. ein altes Sofa, ein interessanter Bilderrahmen und eine sch\u00f6ne Wandbord\u00fcre. Da werd ich daheim auch mal was machen m\u00fcssen, entweder aus Gips\/Stuck oder einfach nur draufgemalt.<\/p>\n<p><a href='http:\/\/extra.inmontanis.info\/d\/111330-2\/DSC09168.jpg'><img src=http:\/\/extra.inmontanis.info\/d\/111329-3\/DSC09168.jpg \/><\/a><br \/>\n^ <\/p>\n<p><a href='http:\/\/extra.inmontanis.info\/d\/111334-2\/DSC09167.jpg'><img src=http:\/\/extra.inmontanis.info\/d\/111333-3\/DSC09167.jpg \/><\/a><br \/>\n^ Diverse alte Gl\u00e4ser &#8230;<\/p>\n<p><a href='http:\/\/extra.inmontanis.info\/d\/111338-2\/DSC09170.jpg'><img src=http:\/\/extra.inmontanis.info\/d\/111337-3\/DSC09170.jpg \/><\/a><br \/>\n^ .. besonders interessant fand ich das hier. Einerseits der Schlauch (?!) in der Mitte, aber noch mehr die wei\u00df-rote Farbspirale, die mitten im Glas zu sein scheint, also nicht einfach au\u00dfen bemalt ist. Ja, so genau schau ich mir manche Sachen an, dass mir das auff\u00e4llt.<\/p>\n<p><a href='http:\/\/extra.inmontanis.info\/d\/111342-2\/DSC09171.jpg'><img src=http:\/\/extra.inmontanis.info\/d\/111341-3\/DSC09171.jpg \/><\/a><br \/>\n^ Der wohl k\u00f6niglichste Raum<\/p>\n<p><a href='http:\/\/extra.inmontanis.info\/d\/111346-2\/DSC09183.jpg'><img src=http:\/\/extra.inmontanis.info\/d\/111345-3\/DSC09183.jpg \/><\/a><br \/>\n^ .. Blick in den Spiegel mit Kronleuchter und Decke<\/p>\n<p><a href='http:\/\/extra.inmontanis.info\/d\/111350-2\/DSC09174.jpg'><img src=http:\/\/extra.inmontanis.info\/d\/111349-3\/DSC09174.jpg \/><\/a><br \/>\n^ Eine der sch\u00f6nsten Deckenrosetten.. ach was, die sind alle geil.<\/p>\n<p><a href='http:\/\/extra.inmontanis.info\/d\/111354-2\/DSC09182.jpg'><img src=http:\/\/extra.inmontanis.info\/d\/111353-3\/DSC09182.jpg \/><\/a><br \/>\n^ .. aber noch besser gefielen mir die Deckenecken, die blaue Bord\u00fcre mit dem Goldband, oben die rote Kantenlinie und dann nat\u00fcrlich die gold-blaue, verzierte Ecke dazwischen<\/p>\n<p><a href='http:\/\/extra.inmontanis.info\/d\/111358-2\/DSC09176.jpg'><img src=http:\/\/extra.inmontanis.info\/d\/111357-3\/DSC09176.jpg \/><\/a><br \/>\n^ Bei den beiden prunkvollsten St\u00fchlen stand irgendwas von Napoleon auf dem Zettel.<\/p>\n<p><a href='http:\/\/extra.inmontanis.info\/d\/111362-2\/DSC09181.jpg'><img src=http:\/\/extra.inmontanis.info\/d\/111361-3\/DSC09181.jpg \/><\/a><br \/>\n^ Und auch der Kamin ist so sch\u00f6n mit Gold und Blau verziert &#8230;<\/p>\n<p><a href='http:\/\/extra.inmontanis.info\/d\/111366-2\/DSC09181-2.jpg'><img src=http:\/\/extra.inmontanis.info\/d\/111365-3\/DSC09181-2.jpg \/><\/a><br \/>\n^ &#8230; und noch dazu so sch\u00f6n detailliert &#8230;<\/p>\n<p>Ich geh ja fest davon aus, dass die Welt irgendwann wieder &#8220;verschn\u00f6rkselter&#8221; wird, wenn man dem momentan &#8220;modernen&#8221;, schlichten Design \u00fcberdr\u00fcssig wird. Es muss ja nicht gerade Rokoko sein, das find ich ja oft auch zu heftig.<\/p>\n<p><a href='http:\/\/extra.inmontanis.info\/d\/111370-2\/DSC09187.jpg'><img src=http:\/\/extra.inmontanis.info\/d\/111369-3\/DSC09187.jpg \/><\/a><br \/>\n^ Gro\u00dfer Treppenaufgang<\/p>\n<p><a href='http:\/\/extra.inmontanis.info\/d\/111374-2\/DSC09188.jpg'><img src=http:\/\/extra.inmontanis.info\/d\/111373-3\/DSC09188.jpg \/><\/a><br \/>\n^ Die Decke gef\u00e4llt mir, aber diese Ecken am (t\u00fcrlosen) Rahmen sind mir zu extrem.<\/p>\n<p><a href='http:\/\/extra.inmontanis.info\/d\/111378-2\/DSC09194.jpg'><img src=http:\/\/extra.inmontanis.info\/d\/111377-3\/DSC09194.jpg \/><\/a><br \/>\n^ Wandteppiche<\/p>\n<p><a href='http:\/\/extra.inmontanis.info\/d\/111382-2\/DSC09198.jpg'><img src=http:\/\/extra.inmontanis.info\/d\/111381-3\/DSC09198.jpg \/><\/a><br \/>\n^ Noch so eine sch\u00f6ne Deckenrosette. Ist ja auch cool, dass die immer wieder etwas anders sind und nicht in jedem Raum ident.<\/p>\n<p><a href='http:\/\/extra.inmontanis.info\/d\/111386-2\/DSC09198-2.jpg'><img src=http:\/\/extra.inmontanis.info\/d\/111385-3\/DSC09198-2.jpg \/><\/a><br \/>\n^ .. im Detail, das man so im Raum stehend ja gar nicht wirklich bemerkt<\/p>\n<p><a href='http:\/\/extra.inmontanis.info\/d\/111390-2\/DSC09196.jpg'><img src=http:\/\/extra.inmontanis.info\/d\/111389-3\/DSC09196.jpg \/><\/a><br \/>\n^ Ungew\u00f6hnlicher Kerzenst\u00e4nder<\/p>\n<p><a href='http:\/\/extra.inmontanis.info\/d\/111394-2\/DSC09209.jpg'><img src=http:\/\/extra.inmontanis.info\/d\/111393-3\/DSC09209.jpg \/><\/a><br \/>\n^ Grundrissplan<\/p>\n<p><a href='http:\/\/extra.inmontanis.info\/d\/111398-2\/DSC09210.jpg'><img src=http:\/\/extra.inmontanis.info\/d\/111397-3\/DSC09210.jpg \/><\/a><br \/>\n^ Es gibt hier auch eine Sammlung alter B\u00fccher und ein Verzeichnis dar\u00fcber und einige Zettel informieren dar\u00fcber, z.B. hier, dass es im 18. Jahrhundert schon so etwas wie Stra\u00dfenatlanten gab, in dem f\u00fcr Reisende beschrieben wird, welche Stra\u00dfen wohin gehen, wie lang, wo man Fl\u00fcsse \u00fcberqueren kann, was es f\u00fcr Sehensw\u00fcrdigkeit gibt oder wie hoch die Berge sind und wo man \u00fcbernachten kann usw.<\/p>\n<p><a href='http:\/\/extra.inmontanis.info\/d\/111402-2\/DSC09211.jpg'><img src=http:\/\/extra.inmontanis.info\/d\/111401-3\/DSC09211.jpg \/><\/a><br \/>\n^ <\/p>\n<p><a href='http:\/\/extra.inmontanis.info\/d\/111406-2\/DSC09216.jpg'><img src=http:\/\/extra.inmontanis.info\/d\/111405-3\/DSC09216.jpg \/><\/a><br \/>\n^ Kleiner Treppenaufgang, der durch alle Stockwerke (au\u00dfer den Zwischenstockwerken an den Ecken) f\u00fchrt<\/p>\n<p><a href='http:\/\/extra.inmontanis.info\/d\/111410-2\/DSC09218.jpg'><img src=http:\/\/extra.inmontanis.info\/d\/111409-3\/DSC09218.jpg \/><\/a><br \/>\n^ Im obersten Stock gibt es viele Infotafeln<\/p>\n<p><a href='http:\/\/extra.inmontanis.info\/d\/111414-2\/DSC09229.jpg'><img src=http:\/\/extra.inmontanis.info\/d\/111413-3\/DSC09229.jpg \/><\/a><br \/>\n^ z.B. \u00fcber die Zeit als Hotel oder Sanatorium<\/p>\n<p><a href='http:\/\/extra.inmontanis.info\/d\/111418-2\/DSC09238.jpg'><img src=http:\/\/extra.inmontanis.info\/d\/111417-3\/DSC09238.jpg \/><\/a><br \/>\n^ .. und ein Modell, wie das Haus urspr\u00fcnglich geplant war mit den beiden Fl\u00fcgeln, die ja dann nicht gebaut wurden<\/p>\n<p><a href='http:\/\/extra.inmontanis.info\/d\/111422-2\/DSC09240.jpg'><img src=http:\/\/extra.inmontanis.info\/d\/111421-3\/DSC09240.jpg \/><\/a><br \/>\n^ Ansonsten ist hier oben aber alles geschlossen, d.h. die sog. Long Gallery<\/p>\n<p><a href='http:\/\/extra.inmontanis.info\/d\/111426-2\/DSC09242.jpg'><img src=http:\/\/extra.inmontanis.info\/d\/111425-3\/DSC09242.jpg \/><\/a><br \/>\n^ Infoblatt zur Kriegszeit<\/p>\n<p>Was man z.B. hier auf den Infotafeln (und tw. auch im Film) erf\u00e4hrt:<\/p>\n<p>1735 Grundsteinlegung, Architekt plante ein 4-st\u00f6ckiges Haus mit 2 Fl\u00fcgeln. 1741 gab es, das Haus noch nicht fertig, einen Rechtsstreit mit dem Architekten \u00fcber Kosten usw., der lange Rechtsstreit richtete den Architekten zu Grunde und er starb 1748. 1754 wurde der Bau langsam fortgef\u00fchrt. In den 1760ern galten die Fl\u00fcgel als unmodern, aber da in den Fl\u00fcgeln gewisse Dinge untergebracht werden sollten, z.B. die ganzen Bediensteten\/Service-Dinge, die nun im Haupthaus fehlten, war das Haus wohl nie als Wohnsitz funktional. Bis in die 1870er, als doch noch ein Anbau durchgef\u00fchrt wurde (der dann sp\u00e4ter im Krieg von einer Bombe getroffen wurde und nun nicht mehr steht).<\/p>\n<p>1906 wurde das Geb\u00e4ude der Gemeinde geschenkt, von 1911-1913, sowie 1923-1928, war es ein Hotel, dazwischen sogar ein Sanatorium, das dann aber nicht erweitern durfte und nach Wales verlegt wurde. Im 2. WK wurde es vom Milit\u00e4r verwendet, ab den sp\u00e4ten 1950ern wurde es langsam restauriert und in den 1990ern schlie\u00dflich zu dem restauriert und ausgestattet, was es jetzt ist. Bei der Restaurierung konnten sogar alte Familienunterlagen (Auftr\u00e4ge) von z.B. 1792 zu Rate gezogen werden.<\/p>\n<p>Ich fuhr die 1,5km zum Hafen runter, wo man am Parkplatz gut \u00fcbernachten k\u00f6nnen soll. Wenn man schon mal am Meer ist&#8230; zumal ich am morgendlichen Castle wg. Mittagspause ja auch erst ab 13:00 dort sein muss. Die Toiletten hier am Hafen sollen von 8-18 Uhr offen sein. Waren aber gar nicht offen und haben jetzt eine Code-T\u00fcr. Wobei ich morgen fr\u00fch zu dem vorherigen Parkplatz fahren k\u00f6nnte, da gab&#8217;s auch ein WC.<\/p>\n<p><a href='http:\/\/extra.inmontanis.info\/d\/111430-2\/DSC09244.jpg'><img src=http:\/\/extra.inmontanis.info\/d\/111429-3\/DSC09244.jpg \/><\/a><br \/>\n^ Banff Hafen<\/p>\n<p><a href='http:\/\/extra.inmontanis.info\/d\/111434-2\/DSC09245.jpg'><img src=http:\/\/extra.inmontanis.info\/d\/111433-3\/DSC09245.jpg \/><\/a><br \/>\n^ Banff Hafen<\/p>\n<p><a href='http:\/\/extra.inmontanis.info\/d\/111438-2\/DSC09247.jpg'><img src=http:\/\/extra.inmontanis.info\/d\/111437-3\/DSC09247.jpg \/><\/a><br \/>\n^ M\u00f6wen<\/p>\n<p><a href='http:\/\/extra.inmontanis.info\/d\/111442-2\/DSC09251.jpg'><img src=http:\/\/extra.inmontanis.info\/d\/111441-3\/DSC09251.jpg \/><\/a><br \/>\n^ Gegen\u00fcber liegt Macduff<\/p>\n<p><a href='http:\/\/extra.inmontanis.info\/d\/111446-2\/DSC09253.jpg'><img src=http:\/\/extra.inmontanis.info\/d\/111445-3\/DSC09253.jpg \/><\/a><br \/>\n^ Banff<\/p>\n<p><a href='http:\/\/extra.inmontanis.info\/d\/111450-2\/DSC09254.jpg'><img src=http:\/\/extra.inmontanis.info\/d\/111449-3\/DSC09254.jpg \/><\/a><br \/>\n^ Banff<\/p>\n<p><a href='http:\/\/extra.inmontanis.info\/d\/111454-2\/DSC09255.jpg'><img src=http:\/\/extra.inmontanis.info\/d\/111453-3\/DSC09255.jpg \/><\/a><br \/>\n^ K\u00fcste<\/p>\n<p>Schwierig nur, sich hier vern\u00fcnftig hinzusstellen, wenn man nicht mit dem Kopf zur Stra\u00dfe stehen will, aber egentlich auch etwas Meer sehen k\u00f6nnen m\u00f6chte und ein Womo in der Ecke steht und ein Teil des Parkplatzes mit einer Mauer versehen ist. Es g\u00e4be noch einen weiteren, offeneren Parkplatz paar Meter weiter (im letzten Bild ersichtlich). <\/p>\n<p>Schatten gibts weder hier noch dort. bin aber doch noch r\u00fcber gefahren, der Richtung der Windr\u00e4der nach k\u00f6nnte ich dort so stehen, dass mehr Luft durchzieht als auf dem anderen Parkplatz. Das hatte dann auch funktioniert und es war angenehmer.<\/p>\n<p>Immehin schluckte das Meeresrauschen einen Teil des L\u00e4rms von anderen, sp\u00e4ten Besuchern am Parkplatz.<\/p>\n<p><a href='http:\/\/extra.inmontanis.info\/d\/111458-2\/DSC09257.jpg'><img src=http:\/\/extra.inmontanis.info\/d\/111457-3\/DSC09257.jpg \/><\/a><br \/>\n^ M\u00f6we im Anflug<\/p>\n<p><img src=http:\/\/extra.inmontanis.info\/d\/111461-2\/DSC09268.jpg \/><br \/>\n^ Zwei schwarz-wei\u00dfe V\u00f6gel mit rotem Schnabel flogen auch herum. Papageientaucher haben ja eigentlich wei\u00dfe K\u00f6pfe und es sah von der Form eher wie eine Ente aus<\/p>\n<p><a href='http:\/\/extra.inmontanis.info\/d\/111465-2\/DSC09273.jpg'><img src=http:\/\/extra.inmontanis.info\/d\/111464-3\/DSC09273.jpg \/><\/a><br \/>\n^ 20:50 Uhr und noch lange kein Sonnenuntergang. Die N\u00e4chte w\u00e4ren so weit n\u00f6rdlich nat\u00fcrlich momentan zu hell f\u00fcr Nordlichter<\/p>\n","protected":false},"excerpt":{"rendered":"<p>So, 7.7.2024<\/p>\n<p>Trotz der d\u00fcnnen Fleecedecke und unten geschlossenem Schlafsack, waren die F\u00fc\u00dfe die ganze Nacht lang kalt. Innenminimumtemp. 12,7\u00b0, d.h. drau\u00dfen einstellig. Auch tags\u00fcber soll&#8217;s auf dem Berg heut unter 10\u00b0 bleiben.<\/p>\n<p>Bei Sonne und Wanderung w\u00e4r das nat\u00fcrlich unproblematisch. Aber ich kann mich nicht so ganz damit anfreunden, 4,- \u00a3 zu zahlen, damit <a href=\"http:\/\/blog.inmontanis.info\/?p=10042\">[&#8230;]<\/a><\/p>\n","protected":false},"author":1,"featured_media":10044,"comment_status":"closed","ping_status":"closed","sticky":false,"template":"","format":"standard","meta":{"footnotes":""},"categories":[912,21,59],"tags":[51,37],"class_list":["post-10042","post","type-post","status-publish","format-standard","has-post-thumbnail","hentry","category-2023-09-2024-xx-skandinavien","category-britain","category-nostalgie","tag-architektur","tag-meer","odd"],"_links":{"self":[{"href":"http:\/\/blog.inmontanis.info\/index.php?rest_route=\/wp\/v2\/posts\/10042","targetHints":{"allow":["GET"]}}],"collection":[{"href":"http:\/\/blog.inmontanis.info\/index.php?rest_route=\/wp\/v2\/posts"}],"about":[{"href":"http:\/\/blog.inmontanis.info\/index.php?rest_route=\/wp\/v2\/types\/post"}],"author":[{"embeddable":true,"href":"http:\/\/blog.inmontanis.info\/index.php?rest_route=\/wp\/v2\/users\/1"}],"replies":[{"embeddable":true,"href":"http:\/\/blog.inmontanis.info\/index.php?rest_route=%2Fwp%2Fv2%2Fcomments&post=10042"}],"version-history":[{"count":3,"href":"http:\/\/blog.inmontanis.info\/index.php?rest_route=\/wp\/v2\/posts\/10042\/revisions"}],"predecessor-version":[{"id":10046,"href":"http:\/\/blog.inmontanis.info\/index.php?rest_route=\/wp\/v2\/posts\/10042\/revisions\/10046"}],"wp:featuredmedia":[{"embeddable":true,"href":"http:\/\/blog.inmontanis.info\/index.php?rest_route=\/wp\/v2\/media\/10044"}],"wp:attachment":[{"href":"http:\/\/blog.inmontanis.info\/index.php?rest_route=%2Fwp%2Fv2%2Fmedia&parent=10042"}],"wp:term":[{"taxonomy":"category","embeddable":true,"href":"http:\/\/blog.inmontanis.info\/index.php?rest_route=%2Fwp%2Fv2%2Fcategories&post=10042"},{"taxonomy":"post_tag","embeddable":true,"href":"http:\/\/blog.inmontanis.info\/index.php?rest_route=%2Fwp%2Fv2%2Ftags&post=10042"}],"curies":[{"name":"wp","href":"https:\/\/api.w.org\/{rel}","templated":true}]}}